{"id":25834,"date":"2026-03-12T09:09:20","date_gmt":"2026-03-12T09:09:20","guid":{"rendered":"https:\/\/contarotacoes.com\/?p=25834"},"modified":"2026-03-12T09:09:20","modified_gmt":"2026-03-12T09:09:20","slug":"parque-automovel-portugues-mais-jovem-e-diversificado-em-2026-estudo","status":"publish","type":"post","link":"https:\/\/contarotacoes.com\/?p=25834","title":{"rendered":"Parque autom\u00f3vel portugu\u00eas mais jovem e diversificado em 2026 \u2013 estudo"},"content":{"rendered":"<p style=\"text-align: justify;\">O parque autom\u00f3vel portugu\u00eas est\u00e1 mais jovem e diversificado, face a 2025, verificando-se um aumento de cinco pontos percentuais entre os ve\u00edculos com menos de quatro anos, concluiu um estudo da ACP.<\/p>\n<p class=\"text-paragraph\" style=\"text-align: justify;\">Segundo o Observat\u00f3rio ACP \u2013 Mobilidade El\u00e9trica em Portugal 2026, 38% dos carros t\u00eam mais de 15 anos, uma queda tamb\u00e9m de cinco pontos percentuais (p.p.) face ao ano passado.<\/p>\n<p class=\"text-paragraph\" style=\"text-align: justify;\">\u201cA maior propor\u00e7\u00e3o de ve\u00edculos com menos de quatro anos observa-se na regi\u00e3o da Grande Lisboa, entre os propriet\u00e1rios de carros eletrificados e nas classes sociais mais elevadas (A e B)\u201d, detalhou a an\u00e1lise.<\/p>\n<p class=\"text-paragraph\" style=\"text-align: justify;\">Os ve\u00edculos el\u00e9tricos passaram a representar 9% dos condutores, mais 5,5 p.p. relativamente a 2025.<\/p>\n<p class=\"text-paragraph\" style=\"text-align: justify;\">Por sua vez, os carros a gasolina progrediram 11 p.p., enquanto a diesel ca\u00edram 18 p.p.<\/p>\n<p class=\"text-paragraph\" style=\"text-align: justify;\">As marcas francesas Peugeot e Renault (cada com 10%) continuam a liderar o parque autom\u00f3vel portugu\u00eas.<\/p>\n<p class=\"text-paragraph\" style=\"text-align: justify;\">Seguem-se a Volkswagen (7%), a BMW (6%) e a Opel (6%).<\/p>\n<p class=\"text-paragraph\" style=\"text-align: justify;\">Mais de 80% dos inquiridos conduzem um carro pr\u00f3prio, ou seja, mais 10 p.p. face ao ano anterior.<\/p>\n<p class=\"text-paragraph\" style=\"text-align: justify;\">No que se refere aos quil\u00f3metros percorridos por m\u00eas, 79% fazem at\u00e9 1.000, um agravamento de 20 p.p.<\/p>\n<p class=\"text-paragraph\" style=\"text-align: justify;\">Cerca de 57% dos condutores compraram o seu carro a pronto e 22% recorreram ao cr\u00e9dito autom\u00f3vel.<\/p>\n<p class=\"text-paragraph\" style=\"text-align: justify;\">Evidenciam-se entre o que comprar a pronto pagamento, os condutores com mais de 65 anos da regi\u00e3o de Lisboa, oeste e Vale do Tejo, sem carro eletrificado e da classe social A (alta).<\/p>\n<p class=\"text-paragraph\" style=\"text-align: justify;\">Quase metade dos portugueses consideram trocar de carro dentro de um e at\u00e9 cinco anos, mais 25 p.p.<\/p>\n<p class=\"text-paragraph\" style=\"text-align: justify;\">Ainda no que se refere \u00e0 compra de um novo carro, 21% dos condutores optariam por um el\u00e9trico, 20% por um hibrido \u2018plug-in\u2019, 19% por um a diesel, outros 19% a gasolina e 10% por um hibrido simples.<\/p>\n<p class=\"text-paragraph\" style=\"text-align: justify;\">Em m\u00e9dia, existem 1,8 autom\u00f3veis por agregado familiar, uma descida de 0,2 p.p. face a 2025.<\/p>\n<p class=\"text-paragraph\" style=\"text-align: justify;\">Destacam-se os agregados mais jovens, entre os 18 e os 34 anos, das regi\u00f5es Oeste e Vale do Tejo e da classe mais alta, como os que possuem mais viaturas.<\/p>\n<p class=\"text-paragraph\" style=\"text-align: justify;\">Considerando os propriet\u00e1rios de ve\u00edculos eletrificados, 82% possuem o carro h\u00e1 menos de cinco anos e a Tesla e a BMW mant\u00e9m a lideran\u00e7a.<\/p>\n<p class=\"text-paragraph\" style=\"text-align: justify;\">No que se refere aos custos, os condutores gastam at\u00e9 sete euros por cada carregamento dom\u00e9stico e 50 euros mensais no carregamento p\u00fablico.<\/p>\n<p class=\"text-paragraph\" style=\"text-align: justify;\">O estudo revelou tamb\u00e9m que 86% (mais 3 p.p.) carregam o carro em casa e 91% utilizam postos p\u00fablicos (tamb\u00e9m mais 3 p.p.).<\/p>\n<p class=\"text-paragraph\" style=\"text-align: justify;\">A Galp Electric e a EDP s\u00e3o considerados como os comercializadores mais relevantes.<\/p>\n<p class=\"text-paragraph\" style=\"text-align: justify;\">Para a realiza\u00e7\u00e3o deste estudo foram entrevistadas 1.608 pessoas. Entre estas encontra-se uma amostra de 1.200 indiv\u00edduos com carta de condu\u00e7\u00e3o, a que se somou um refor\u00e7o de 408 condutores de ve\u00edculos eletrificados.<\/p>\n<p class=\"text-paragraph\" style=\"text-align: justify;\">As entrevistas foram realizadas entre 28 de janeiro e 11 de fevereiro.<\/p>\n<p>Lusa<\/p>\n<p>Cr\u00e9ditos Foto: Standvirtual<\/p>\n","protected":false},"excerpt":{"rendered":"<p>O parque autom\u00f3vel portugu\u00eas est\u00e1 mais jovem e diversificado, face a 2025, verificando-se um aumento de cinco pontos percentuais entre os ve\u00edculos com menos de quatro anos, concluiu um estudo da ACP. Segundo o Observat\u00f3rio ACP \u2013 Mobilidade El\u00e9trica em Portugal 2026, 38% dos carros t\u00eam mais de 15 anos, uma queda tamb\u00e9m de cinco [&hellip;]<\/p>\n","protected":false},"author":2,"featured_media":25835,"comment_status":"open","ping_status":"open","sticky":false,"template":"","format":"standard","meta":{"_editorskit_title_hidden":false,"_editorskit_reading_time":0,"_editorskit_is_block_options_detached":false,"_editorskit_block_options_position":"{}","om_disable_all_campaigns":false,"_monsterinsights_skip_tracking":false,"_monsterinsights_sitenote_active":false,"_monsterinsights_sitenote_note":"","_monsterinsights_sitenote_category":0,"_uf_show_specific_survey":0,"_uf_disable_surveys":false,"site-sidebar-layout":"default","site-content-layout":"","ast-site-content-layout":"default","site-content-style":"default","site-sidebar-style":"default","ast-global-header-display":"","ast-banner-title-visibility":"","ast-main-header-display":"","ast-hfb-above-header-display":"","ast-hfb-below-header-display":"","ast-hfb-mobile-header-display":"","site-post-title":"","ast-breadcrumbs-content":"","ast-featured-img":"","footer-sml-layout":"","theme-transparent-header-meta":"default","adv-header-id-meta":"","stick-header-meta":"default","header-above-stick-meta":"","header-main-stick-meta":"","header-below-stick-meta":"","astra-migrate-meta-layouts":"set","ast-page-background-enabled":"default","ast-page-background-meta":{"desktop":{"background-color":"","background-image":"","background-repeat":"repeat","background-position":"center center","background-size":"auto","background-attachment":"scroll","background-type":"","background-media":"","overlay-type":"","overlay-color":"","overlay-opacity":"","overlay-gradient":""},"tablet":{"background-color":"","background-image":"","background-repeat":"repeat","background-position":"center center","background-size":"auto","background-attachment":"scroll","background-type":"","background-media":"","overlay-type":"","overlay-color":"","overlay-opacity":"","overlay-gradient":""},"mobile":{"background-color":"","background-image":"","background-repeat":"repeat","background-position":"center center","background-size":"auto","background-attachment":"scroll","background-type":"","background-media":"","overlay-type":"","overlay-color":"","overlay-opacity":"","overlay-gradient":""}},"ast-content-background-meta":{"desktop":{"background-color":"var(--ast-global-color-5)","background-image":"","background-repeat":"repeat","background-position":"center center","background-size":"auto","background-attachment":"scroll","background-type":"","background-media":"","overlay-type":"","overlay-color":"","overlay-opacity":"","overlay-gradient":""},"tablet":{"background-color":"var(--ast-global-color-5)","background-image":"","background-repeat":"repeat","background-position":"center center","background-size":"auto","background-attachment":"scroll","background-type":"","background-media":"","overlay-type":"","overlay-color":"","overlay-opacity":"","overlay-gradient":""},"mobile":{"background-color":"var(--ast-global-color-5)","background-image":"","background-repeat":"repeat","background-position":"center center","background-size":"auto","background-attachment":"scroll","background-type":"","background-media":"","overlay-type":"","overlay-color":"","overlay-opacity":"","overlay-gradient":""}},"footnotes":""},"categories":[13],"tags":[],"class_list":["post-25834","post","type-post","status-publish","format-standard","has-post-thumbnail","hentry","category-comercio"],"aioseo_notices":[],"_links":{"self":[{"href":"https:\/\/contarotacoes.com\/index.php?rest_route=\/wp\/v2\/posts\/25834","targetHints":{"allow":["GET"]}}],"collection":[{"href":"https:\/\/contarotacoes.com\/index.php?rest_route=\/wp\/v2\/posts"}],"about":[{"href":"https:\/\/contarotacoes.com\/index.php?rest_route=\/wp\/v2\/types\/post"}],"author":[{"embeddable":true,"href":"https:\/\/contarotacoes.com\/index.php?rest_route=\/wp\/v2\/users\/2"}],"replies":[{"embeddable":true,"href":"https:\/\/contarotacoes.com\/index.php?rest_route=%2Fwp%2Fv2%2Fcomments&post=25834"}],"version-history":[{"count":1,"href":"https:\/\/contarotacoes.com\/index.php?rest_route=\/wp\/v2\/posts\/25834\/revisions"}],"predecessor-version":[{"id":25836,"href":"https:\/\/contarotacoes.com\/index.php?rest_route=\/wp\/v2\/posts\/25834\/revisions\/25836"}],"wp:featuredmedia":[{"embeddable":true,"href":"https:\/\/contarotacoes.com\/index.php?rest_route=\/wp\/v2\/media\/25835"}],"wp:attachment":[{"href":"https:\/\/contarotacoes.com\/index.php?rest_route=%2Fwp%2Fv2%2Fmedia&parent=25834"}],"wp:term":[{"taxonomy":"category","embeddable":true,"href":"https:\/\/contarotacoes.com\/index.php?rest_route=%2Fwp%2Fv2%2Fcategories&post=25834"},{"taxonomy":"post_tag","embeddable":true,"href":"https:\/\/contarotacoes.com\/index.php?rest_route=%2Fwp%2Fv2%2Ftags&post=25834"}],"curies":[{"name":"wp","href":"https:\/\/api.w.org\/{rel}","templated":true}]}}