{"id":25828,"date":"2026-03-12T06:01:39","date_gmt":"2026-03-12T06:01:39","guid":{"rendered":"https:\/\/contarotacoes.com\/?p=25828"},"modified":"2026-03-12T06:01:39","modified_gmt":"2026-03-12T06:01:39","slug":"rui-madeira-inicia-preparacao-para-2026-com-teste-positivo-em-fafe","status":"publish","type":"post","link":"https:\/\/contarotacoes.com\/?p=25828","title":{"rendered":"Rui Madeira inicia prepara\u00e7\u00e3o para 2026 com teste positivo em Fafe"},"content":{"rendered":"<p style=\"text-align: justify;\"><strong>A zona da Lagoa, em Fafe serviu de palco para o arranque competitivo da temporada 2026 de Rui Madeira. O consagrado piloto portugu\u00eas realizou um dia intenso de testes ao volante do Hyundai i20 N Rally2 da CRN Motorsport, acompanhado pelo navegador Nuno Rodrigues da Silva, num trabalho que marcou o primeiro contacto com o carro ap\u00f3s a pausa competitiva desde o final da \u00e9poca de 2025.<\/strong><\/p>\n<p style=\"text-align: justify;\">O teste teve como objetivo principal preparar o arranque da temporada, inicialmente previsto para o Rally das Cam\u00e9lias, prova entretanto adiada e agora marcada para os dias 25 e 26 de abril, mantendo-se como a primeira participa\u00e7\u00e3o de Rui Madeira em 2026.<\/p>\n<p style=\"text-align: justify;\"><strong>Novo motor refor\u00e7a competitividade do Hyundai i20 Rally2<\/strong><\/p>\n<p style=\"text-align: justify;\">A sess\u00e3o de testes em Fafe assumiu tamb\u00e9m particular import\u00e2ncia por marcar a estreia de um novo propulsor no Hyundai i20 N Rally2 da CRN Motorsport, j\u00e1 equipado com as mais recentes evolu\u00e7\u00f5es t\u00e9cnicas desenvolvidas pela Hyundai.<\/p>\n<p style=\"text-align: justify;\">Este novo motor apresenta melhorias significativas, n\u00e3o apenas ao n\u00edvel da pot\u00eancia, mas sobretudo na forma como entrega essa performance ao piloto. A evolu\u00e7\u00e3o traduz-se numa utiliza\u00e7\u00e3o mais ampla da faixa de rota\u00e7\u00f5es e num comportamento mais progressivo, facilitando a condu\u00e7\u00e3o no limite.<\/p>\n<p style=\"text-align: justify;\">Ao longo do dia, Rui Madeira realizou v\u00e1rias passagens num tro\u00e7o da Lagoa, em ambos os sentidos, experimentando diferentes afina\u00e7\u00f5es e solu\u00e7\u00f5es t\u00e9cnicas no carro, num trabalho de desenvolvimento que permitiu compreender melhor o potencial competitivo do Hyundai para a nova temporada.<\/p>\n<p style=\"text-align: justify;\"><strong>Rui Madeira satisfeito com a evolu\u00e7\u00e3o<\/strong><\/p>\n<p style=\"text-align: justify;\">No final do teste, o piloto mostrou-se bastante satisfeito com o comportamento do carro e com a evolu\u00e7\u00e3o registada no conjunto: <strong>\u201cFoi um teste muito positivo, superou as expectativas. Sinceramente, n\u00e3o esperava que a evolu\u00e7\u00e3o fosse t\u00e3o grande. H\u00e1 aqui uma grande evolu\u00e7\u00e3o no motor. Est\u00e1 muito mais redondo e o carro acabou por ficar mais r\u00e1pido e, ao mesmo tempo, mais f\u00e1cil de conduzir\u201d.<\/strong><\/p>\n<p style=\"text-align: justify;\">O piloto explicou ainda que a nova configura\u00e7\u00e3o permite explorar melhor a caixa de velocidades e manter o motor em regimes mais eficientes: <strong>\u201cEm zonas onde antes utilizava segunda velocidade, agora consigo fazer de terceira e sempre com o motor em altas. Isso torna o carro mais eficaz e tamb\u00e9m mais agrad\u00e1vel de conduzir\u201d, acrescentou.<\/strong><\/p>\n<p style=\"text-align: justify;\">Durante o teste foram igualmente realizados ajustes na suspens\u00e3o para adaptar o carro a pisos secos, uma vez que a \u00faltima utiliza\u00e7\u00e3o do Hyundai i20 Rally2 tinha ocorrido no Rally de Lisboa, disputado sob condi\u00e7\u00f5es meteorol\u00f3gicas extremamente adversas. <strong>\u201cFizemos aqui um pequeno acerto e acho que o carro est\u00e1 muito bom para pisos secos\u201d<\/strong>, referiu.<\/p>\n<p style=\"text-align: justify;\"><strong>Ambi\u00e7\u00e3o de lutar pela vit\u00f3ria nas Cam\u00e9lias<\/strong><\/p>\n<p style=\"text-align: justify;\">Com o arranque da \u00e9poca marcado para o Rally das Cam\u00e9lias, Rui Madeira assume uma postura ambiciosa, embora consciente da competitividade esperada. <strong>\u201cTemos de pensar em ir para lutar pela vit\u00f3ria. J\u00e1 ganh\u00e1mos esta prova algumas vezes, mas sabemos que vamos ter advers\u00e1rios muito fortes, com v\u00e1rios Rally2 \u00e0 partida\u201d<\/strong>, destacou.<\/p>\n<p style=\"text-align: justify;\">Apesar do entusiasmo, o piloto reconhece que o adiamento da prova prolongou a espera pelo in\u00edcio da \u00e9poca: <strong>\u201cGostava que o rali come\u00e7asse amanh\u00e3, porque agora temos um grande compasso de espera. Vamos tentar ainda fazer mais alguma prova antes das Cam\u00e9lias, se houver essa possibilidade\u201d<\/strong>.<\/p>\n<p style=\"text-align: justify;\">Entre os cen\u00e1rios em estudo est\u00e1 a possibilidade de disputar outras provas com o Hyundai i20 Rally2, como o Rally de Lisboa ou mesmo uma prova em pisos de terra do Campeonato de Portugal de Ralis.<\/p>\n<p style=\"text-align: justify;\"><strong>Programa competitivo diversificado em 2026<\/strong><\/p>\n<p style=\"text-align: justify;\">Para a temporada de 2026, Rui Madeira dever\u00e1 cumprir um programa competitivo diversificado, combinando participa\u00e7\u00f5es em ralis ao volante do Hyundai i20 Rally2 da CRN Motorsport com outras provas onde voltar\u00e1 a pilotar o seu ic\u00f3nico Mitsubishi Lancer Evo III, especialmente em eventos e competi\u00e7\u00f5es da categoria Legends, tanto em Portugal como al\u00e9m-fronteiras.<\/p>\n<p style=\"text-align: justify;\">O teste realizado em Fafe marcou assim um arranque promissor para a nova \u00e9poca, permitindo ao piloto e \u00e0 equipa avaliar o potencial da nova evolu\u00e7\u00e3o do Hyundai i20 Rally2 e iniciar a prepara\u00e7\u00e3o com ambi\u00e7\u00e3o para os desafios que se aproximam.<\/p>\n","protected":false},"excerpt":{"rendered":"<p>A zona da Lagoa, em Fafe serviu de palco para o arranque competitivo da temporada 2026 de Rui Madeira. O consagrado piloto portugu\u00eas realizou um dia intenso de testes ao volante do Hyundai i20 N Rally2 da CRN Motorsport, acompanhado pelo navegador Nuno Rodrigues da Silva, num trabalho que marcou o primeiro contacto com o [&hellip;]<\/p>\n","protected":false},"author":2,"featured_media":25829,"comment_status":"open","ping_status":"open","sticky":false,"template":"","format":"standard","meta":{"_editorskit_title_hidden":false,"_editorskit_reading_time":0,"_editorskit_is_block_options_detached":false,"_editorskit_block_options_position":"{}","om_disable_all_campaigns":false,"_monsterinsights_skip_tracking":false,"_monsterinsights_sitenote_active":false,"_monsterinsights_sitenote_note":"","_monsterinsights_sitenote_category":0,"_uf_show_specific_survey":0,"_uf_disable_surveys":false,"site-sidebar-layout":"default","site-content-layout":"","ast-site-content-layout":"default","site-content-style":"default","site-sidebar-style":"default","ast-global-header-display":"","ast-banner-title-visibility":"","ast-main-header-display":"","ast-hfb-above-header-display":"","ast-hfb-below-header-display":"","ast-hfb-mobile-header-display":"","site-post-title":"","ast-breadcrumbs-content":"","ast-featured-img":"","footer-sml-layout":"","theme-transparent-header-meta":"default","adv-header-id-meta":"","stick-header-meta":"default","header-above-stick-meta":"","header-main-stick-meta":"","header-below-stick-meta":"","astra-migrate-meta-layouts":"set","ast-page-background-enabled":"default","ast-page-background-meta":{"desktop":{"background-color":"","background-image":"","background-repeat":"repeat","background-position":"center center","background-size":"auto","background-attachment":"scroll","background-type":"","background-media":"","overlay-type":"","overlay-color":"","overlay-opacity":"","overlay-gradient":""},"tablet":{"background-color":"","background-image":"","background-repeat":"repeat","background-position":"center center","background-size":"auto","background-attachment":"scroll","background-type":"","background-media":"","overlay-type":"","overlay-color":"","overlay-opacity":"","overlay-gradient":""},"mobile":{"background-color":"","background-image":"","background-repeat":"repeat","background-position":"center center","background-size":"auto","background-attachment":"scroll","background-type":"","background-media":"","overlay-type":"","overlay-color":"","overlay-opacity":"","overlay-gradient":""}},"ast-content-background-meta":{"desktop":{"background-color":"var(--ast-global-color-5)","background-image":"","background-repeat":"repeat","background-position":"center center","background-size":"auto","background-attachment":"scroll","background-type":"","background-media":"","overlay-type":"","overlay-color":"","overlay-opacity":"","overlay-gradient":""},"tablet":{"background-color":"var(--ast-global-color-5)","background-image":"","background-repeat":"repeat","background-position":"center center","background-size":"auto","background-attachment":"scroll","background-type":"","background-media":"","overlay-type":"","overlay-color":"","overlay-opacity":"","overlay-gradient":""},"mobile":{"background-color":"var(--ast-global-color-5)","background-image":"","background-repeat":"repeat","background-position":"center center","background-size":"auto","background-attachment":"scroll","background-type":"","background-media":"","overlay-type":"","overlay-color":"","overlay-opacity":"","overlay-gradient":""}},"footnotes":""},"categories":[11],"tags":[],"class_list":["post-25828","post","type-post","status-publish","format-standard","has-post-thumbnail","hentry","category-noticias"],"aioseo_notices":[],"_links":{"self":[{"href":"https:\/\/contarotacoes.com\/index.php?rest_route=\/wp\/v2\/posts\/25828","targetHints":{"allow":["GET"]}}],"collection":[{"href":"https:\/\/contarotacoes.com\/index.php?rest_route=\/wp\/v2\/posts"}],"about":[{"href":"https:\/\/contarotacoes.com\/index.php?rest_route=\/wp\/v2\/types\/post"}],"author":[{"embeddable":true,"href":"https:\/\/contarotacoes.com\/index.php?rest_route=\/wp\/v2\/users\/2"}],"replies":[{"embeddable":true,"href":"https:\/\/contarotacoes.com\/index.php?rest_route=%2Fwp%2Fv2%2Fcomments&post=25828"}],"version-history":[{"count":1,"href":"https:\/\/contarotacoes.com\/index.php?rest_route=\/wp\/v2\/posts\/25828\/revisions"}],"predecessor-version":[{"id":25830,"href":"https:\/\/contarotacoes.com\/index.php?rest_route=\/wp\/v2\/posts\/25828\/revisions\/25830"}],"wp:featuredmedia":[{"embeddable":true,"href":"https:\/\/contarotacoes.com\/index.php?rest_route=\/wp\/v2\/media\/25829"}],"wp:attachment":[{"href":"https:\/\/contarotacoes.com\/index.php?rest_route=%2Fwp%2Fv2%2Fmedia&parent=25828"}],"wp:term":[{"taxonomy":"category","embeddable":true,"href":"https:\/\/contarotacoes.com\/index.php?rest_route=%2Fwp%2Fv2%2Fcategories&post=25828"},{"taxonomy":"post_tag","embeddable":true,"href":"https:\/\/contarotacoes.com\/index.php?rest_route=%2Fwp%2Fv2%2Ftags&post=25828"}],"curies":[{"name":"wp","href":"https:\/\/api.w.org\/{rel}","templated":true}]}}