{"id":25821,"date":"2026-03-12T05:59:36","date_gmt":"2026-03-12T05:59:36","guid":{"rendered":"https:\/\/contarotacoes.com\/?p=25821"},"modified":"2026-03-12T05:59:36","modified_gmt":"2026-03-12T05:59:36","slug":"cpt-4x4-valongo-acolhe-prova-de-abertura","status":"publish","type":"post","link":"https:\/\/contarotacoes.com\/?p=25821","title":{"rendered":"CPT 4&#215;4 &#8211; Valongo acolhe prova de abertura"},"content":{"rendered":"<ul>\n<li><strong>CPT4x4 2026 &#8211; Arranque do Campeonato Portugal Trial 4&#215;4 em Valongo<\/strong><\/li>\n<li><strong>Um espet\u00e1culo \u00edmpar na prova de abertura<\/strong><\/li>\n<\/ul>\n<p style=\"text-align: justify;\">O Campeonato Portugal Tria 4&#215;4 est\u00e1 de regresso com a ronda inaugural em Valongo. A competi\u00e7\u00e3o organizada pelo Clube Trilhos do Norte, sob a \u00e9gide da Federa\u00e7\u00e3o Portuguesa de Automobilismo e Karting tem in\u00edcio no pr\u00f3ximo s\u00e1bado e estende at\u00e9 ao final do dia de domingo, num palco de elei\u00e7\u00e3o para a pr\u00e1tica da modalidade. A jornada de abertura, conta com o apoio do munic\u00edpio de Valongo, entidade que tem estado \u00e0 mais de uma d\u00e9cada ao lado do Clube organizador na promo\u00e7\u00e3o do Campeonato Portugal Trial 4&#215;4, que vai j\u00e1 na sua 15\u00ba edi\u00e7\u00e3o.<br \/>\n\u00c0 semelhan\u00e7a dos anos anteriores, o painel de pilotos inscritos \u00e9 recheado de elevada qualidade, e muito diversificado no que \u00e0s viaturas diz respeito. Na \u201cgrelha de partida\u201d de Valongo v\u00e3o estar os melhores pilotos do Trial 4&#215;4 com viaturas supercompetitivas, dispondo das melhores prepara\u00e7\u00f5es para enfrentar um percurso extenso e com diversidade de obst\u00e1culos.<br \/>\nCom um total de 17 equipas inscritos \u00e0 partida de uma temporada algo at\u00edpica face \u00e0s altera\u00e7\u00f5es regulamentares e estruturais da modalidade, a primeira ronda do CPT4x4 reveste-se de alguma curiosidade em fun\u00e7\u00e3o da distribui\u00e7\u00e3o das novas classes, agrupando as anteriores Proto e Super Proto, prometendo ser emocionante de in\u00edcio ao fim desta jornada dupla de 3 horas de um misto de velocidade e Trial 4&#215;4.<br \/>\nMesmo com dificuldades acrescidas para a organiza\u00e7\u00e3o na prepara\u00e7\u00e3o do percurso, devido \u00e0s intemp\u00e9ries que afetaram o pa\u00eds, e em particular a regi\u00e3o do grande Porto, est\u00e3o garantindo todas as condi\u00e7\u00f5es para que piloto e navegadores lutem ao segundo pelo primeiro triunfo da temporada em cada uma das suas classes.<br \/>\nUma nova pista, com um percurso de treze quil\u00f3metros, percorrendo caminhos florestais com uma diversidade de obst\u00e1culos e dificuldades \u00edmpar na sua extens\u00e3o, muito caracter\u00edstico do solo da regi\u00e3o. Esta ronda de abertura comporta uma pista, com um total de sete triais: tr\u00eas na zona mais distante do centro nevr\u00e1lgico \u2013 monte; e quatro na zona de espet\u00e1culo junto \u00e0s box&#8217;s. Destes, dois est\u00e3o localizados ap\u00f3s a reta da meta e outros tantos \u00e0 chegada \u00e0 zona espet\u00e1culo. Ao longo do percurso de cada uma das duas etapas, ser\u00e3o criadas zonas de espet\u00e1culo para o p\u00fablico.<br \/>\nEm termos gerais, a estrutura \u00e9 muito id\u00eantica \u00e0 de uma organiza\u00e7\u00e3o de uma prova de excel\u00eancia, de Trial 4&#215;4. Dois dias de competi\u00e7\u00e3o com uma etapa repetida no s\u00e1bado e no domingo, com tr\u00eas horas ao dispor de cada equipa para percorrerem o maior n\u00famero de voltas a um percurso com treze quil\u00f3metros, excelentemente preparado por uma equipa conhecedora do terreno, garantindo um percurso misto: r\u00e1pido e t\u00e9cnico, adequado \u00e0 pr\u00e1tica da modalidade de trial 4&#215;4.<br \/>\nO programa desportivo arranca bem cedo, na manh\u00e3 de s\u00e1bado, 14 mar\u00e7o, com a realiza\u00e7\u00e3o das verifica\u00e7\u00f5es administrativas e t\u00e9cnicas junto \u00e0 Biblioteca municipal. Ap\u00f3s o \u201ccurto\u201d per\u00edodo do almo\u00e7o inicia-se a 1\u00aa etapa com os participantes a desfrutarem de 3 horas de prova. No domingo, 15 mar\u00e7o realiza-se a 2\u00aa etapa com in\u00edcio ao final da manh\u00e3. O centro operacional da prova ficar\u00e1 instalado nas imedia\u00e7\u00f5es do Ecocentro de Valongo, a tradicional pista de Trial 4&#215;4.<br \/>\nUm espet\u00e1culo a n\u00e3o perder! Venha participar nesta grande festa do Trial 4&#215;4 nos dias 14 e 15 de mar\u00e7o, com as melhores condi\u00e7\u00f5es para o p\u00fablico com entrada gr\u00e1tis e parque de estacionamento.<\/p>\n<p><a href=\"https:\/\/contarotacoes.com\/wp-content\/uploads\/2026\/03\/Programa-Valongo-2026.pdf\">Programa Valongo 2026<\/a><\/p>\n<p><a href=\"https:\/\/contarotacoes.com\/wp-content\/uploads\/2026\/03\/Quadro-Oficial_Sportity.pdf\">Quadro Oficial_Sportity<\/a><\/p>\n<p><a href=\"https:\/\/contarotacoes.com\/wp-content\/uploads\/2026\/03\/Lista-Inscritos-CPTrial-4x4-Valongo_2026-cores_classes.pdf\">Lista Inscritos CPTrial 4&#215;4 Valongo_2026 &#8211; cores_classes<\/a><\/p>\n<p><img fetchpriority=\"high\" decoding=\"async\" class=\"aligncenter wp-image-25825 size-full\" src=\"https:\/\/contarotacoes.com\/wp-content\/uploads\/2026\/03\/Cartaz-Valongo-Final.jpeg\" alt=\"\" width=\"1127\" height=\"1600\" srcset=\"https:\/\/contarotacoes.com\/wp-content\/uploads\/2026\/03\/Cartaz-Valongo-Final.jpeg 1127w, https:\/\/contarotacoes.com\/wp-content\/uploads\/2026\/03\/Cartaz-Valongo-Final-211x300.jpeg 211w, https:\/\/contarotacoes.com\/wp-content\/uploads\/2026\/03\/Cartaz-Valongo-Final-721x1024.jpeg 721w, https:\/\/contarotacoes.com\/wp-content\/uploads\/2026\/03\/Cartaz-Valongo-Final-768x1090.jpeg 768w, https:\/\/contarotacoes.com\/wp-content\/uploads\/2026\/03\/Cartaz-Valongo-Final-1082x1536.jpeg 1082w, https:\/\/contarotacoes.com\/wp-content\/uploads\/2026\/03\/Cartaz-Valongo-Final-8x12.jpeg 8w\" sizes=\"(max-width: 1127px) 100vw, 1127px\" \/><\/p>\n","protected":false},"excerpt":{"rendered":"<p>CPT4x4 2026 &#8211; Arranque do Campeonato Portugal Trial 4&#215;4 em Valongo Um espet\u00e1culo \u00edmpar na prova de abertura O Campeonato Portugal Tria 4&#215;4 est\u00e1 de regresso com a ronda inaugural em Valongo. A competi\u00e7\u00e3o organizada pelo Clube Trilhos do Norte, sob a \u00e9gide da Federa\u00e7\u00e3o Portuguesa de Automobilismo e Karting tem in\u00edcio no pr\u00f3ximo s\u00e1bado [&hellip;]<\/p>\n","protected":false},"author":2,"featured_media":25826,"comment_status":"open","ping_status":"open","sticky":false,"template":"","format":"standard","meta":{"_editorskit_title_hidden":false,"_editorskit_reading_time":0,"_editorskit_is_block_options_detached":false,"_editorskit_block_options_position":"{}","om_disable_all_campaigns":false,"_monsterinsights_skip_tracking":false,"_monsterinsights_sitenote_active":false,"_monsterinsights_sitenote_note":"","_monsterinsights_sitenote_category":0,"_uf_show_specific_survey":0,"_uf_disable_surveys":false,"site-sidebar-layout":"default","site-content-layout":"","ast-site-content-layout":"default","site-content-style":"default","site-sidebar-style":"default","ast-global-header-display":"","ast-banner-title-visibility":"","ast-main-header-display":"","ast-hfb-above-header-display":"","ast-hfb-below-header-display":"","ast-hfb-mobile-header-display":"","site-post-title":"","ast-breadcrumbs-content":"","ast-featured-img":"","footer-sml-layout":"","theme-transparent-header-meta":"default","adv-header-id-meta":"","stick-header-meta":"default","header-above-stick-meta":"","header-main-stick-meta":"","header-below-stick-meta":"","astra-migrate-meta-layouts":"set","ast-page-background-enabled":"default","ast-page-background-meta":{"desktop":{"background-color":"","background-image":"","background-repeat":"repeat","background-position":"center center","background-size":"auto","background-attachment":"scroll","background-type":"","background-media":"","overlay-type":"","overlay-color":"","overlay-opacity":"","overlay-gradient":""},"tablet":{"background-color":"","background-image":"","background-repeat":"repeat","background-position":"center center","background-size":"auto","background-attachment":"scroll","background-type":"","background-media":"","overlay-type":"","overlay-color":"","overlay-opacity":"","overlay-gradient":""},"mobile":{"background-color":"","background-image":"","background-repeat":"repeat","background-position":"center center","background-size":"auto","background-attachment":"scroll","background-type":"","background-media":"","overlay-type":"","overlay-color":"","overlay-opacity":"","overlay-gradient":""}},"ast-content-background-meta":{"desktop":{"background-color":"var(--ast-global-color-5)","background-image":"","background-repeat":"repeat","background-position":"center center","background-size":"auto","background-attachment":"scroll","background-type":"","background-media":"","overlay-type":"","overlay-color":"","overlay-opacity":"","overlay-gradient":""},"tablet":{"background-color":"var(--ast-global-color-5)","background-image":"","background-repeat":"repeat","background-position":"center center","background-size":"auto","background-attachment":"scroll","background-type":"","background-media":"","overlay-type":"","overlay-color":"","overlay-opacity":"","overlay-gradient":""},"mobile":{"background-color":"var(--ast-global-color-5)","background-image":"","background-repeat":"repeat","background-position":"center center","background-size":"auto","background-attachment":"scroll","background-type":"","background-media":"","overlay-type":"","overlay-color":"","overlay-opacity":"","overlay-gradient":""}},"footnotes":""},"categories":[11],"tags":[],"class_list":["post-25821","post","type-post","status-publish","format-standard","has-post-thumbnail","hentry","category-noticias"],"aioseo_notices":[],"_links":{"self":[{"href":"https:\/\/contarotacoes.com\/index.php?rest_route=\/wp\/v2\/posts\/25821","targetHints":{"allow":["GET"]}}],"collection":[{"href":"https:\/\/contarotacoes.com\/index.php?rest_route=\/wp\/v2\/posts"}],"about":[{"href":"https:\/\/contarotacoes.com\/index.php?rest_route=\/wp\/v2\/types\/post"}],"author":[{"embeddable":true,"href":"https:\/\/contarotacoes.com\/index.php?rest_route=\/wp\/v2\/users\/2"}],"replies":[{"embeddable":true,"href":"https:\/\/contarotacoes.com\/index.php?rest_route=%2Fwp%2Fv2%2Fcomments&post=25821"}],"version-history":[{"count":1,"href":"https:\/\/contarotacoes.com\/index.php?rest_route=\/wp\/v2\/posts\/25821\/revisions"}],"predecessor-version":[{"id":25827,"href":"https:\/\/contarotacoes.com\/index.php?rest_route=\/wp\/v2\/posts\/25821\/revisions\/25827"}],"wp:featuredmedia":[{"embeddable":true,"href":"https:\/\/contarotacoes.com\/index.php?rest_route=\/wp\/v2\/media\/25826"}],"wp:attachment":[{"href":"https:\/\/contarotacoes.com\/index.php?rest_route=%2Fwp%2Fv2%2Fmedia&parent=25821"}],"wp:term":[{"taxonomy":"category","embeddable":true,"href":"https:\/\/contarotacoes.com\/index.php?rest_route=%2Fwp%2Fv2%2Fcategories&post=25821"},{"taxonomy":"post_tag","embeddable":true,"href":"https:\/\/contarotacoes.com\/index.php?rest_route=%2Fwp%2Fv2%2Ftags&post=25821"}],"curies":[{"name":"wp","href":"https:\/\/api.w.org\/{rel}","templated":true}]}}