{"id":25812,"date":"2026-03-11T21:10:31","date_gmt":"2026-03-11T21:10:31","guid":{"rendered":"https:\/\/contarotacoes.com\/?p=25812"},"modified":"2026-03-11T21:10:31","modified_gmt":"2026-03-11T21:10:31","slug":"irao-associacao-automovel-quer-medidas-flexiveis-prontas-a-aplicar-se-combustiveis-escalarem","status":"publish","type":"post","link":"https:\/\/contarotacoes.com\/?p=25812","title":{"rendered":"Ir\u00e3o: Associa\u00e7\u00e3o autom\u00f3vel quer medidas flex\u00edveis prontas a aplicar se combust\u00edveis escalarem"},"content":{"rendered":"<p style=\"text-align: justify;\">A Associa\u00e7\u00e3o Nacional do Ramo Autom\u00f3vel (Aran) defendeu hoje que o Governo deve ter em cima da mesa medidas flex\u00edveis de apoio ao setor prontas a implementar rapidamente caso se confirme uma escalada do pre\u00e7o dos combust\u00edveis.<\/p>\n<p class=\"text-paragraph\" style=\"text-align: justify;\">\u201cNo atual contexto justifica-se j\u00e1 sentarmo-nos e prepararmos tudo para ter imediatamente estes apoios a funcionar\u201d, afirmou o presidente da dire\u00e7\u00e3o da Aran, Rodrigo Ferreira da Silva, em declara\u00e7\u00f5es \u00e0 ag\u00eancia Lusa no \u00e2mbito da confer\u00eancia \u201cJuntos criamos futuro \u2013 Together, Leading the way\u201d, que a associa\u00e7\u00e3o promove na quinta-feira em Vila Nova de Gaia.<\/p>\n<p class=\"text-paragraph\" style=\"text-align: justify;\">Para o dirigente associativo, \u201ca dificuldade neste momento \u00e9 ter uma leitura e conseguir desenhar medidas de apoio que sejam de tal modo flex\u00edveis que acompanhem as oscila\u00e7\u00f5es radicais que t\u00eam acontecido, tanto no mercado dos produtos petrol\u00edferos, como nos mercados bolsistas e no mercado da d\u00edvida das obriga\u00e7\u00f5es dos pa\u00edses\u201d.<\/p>\n<p class=\"text-paragraph\" style=\"text-align: justify;\">\u201cNesta fase temos que fazer um acompanhamento quase di\u00e1rio destas situa\u00e7\u00f5es, num sistema flex\u00edvel que acompanhe a realidade e o dia a dia\u201d, sustentou.<\/p>\n<p class=\"text-paragraph\" style=\"text-align: justify;\">Assim, enfatizou, \u201c\u00e9 fundamental [o Governo] acompanhar a situa\u00e7\u00e3o e ter a flexibilidade para agir muito rapidamente\u201d, nomeadamente \u201cse a situa\u00e7\u00e3o for mais al\u00e9m e se prolongar no tempo\u201d.<\/p>\n<p class=\"text-paragraph\" style=\"text-align: justify;\">\u201cO que n\u00e3o queremos s\u00e3o hist\u00f3rias de apoios e de recursos que s\u00e3o prometidos a certa altura e depois, na pr\u00e1tica, n\u00e3o acontecem. Esperemos que sejam medidas f\u00e1ceis de aplicar e que sejam rapidamente passadas para o mercado e para os consumidores, porque as pessoas precisam destes apoios no imediato, n\u00e3o com semanas ou meses de diferimento\u201d, sublinhou.<\/p>\n<p class=\"text-paragraph\" style=\"text-align: justify;\">Rodrigo Ferreira da Silva destacou que a escalada do pre\u00e7o do petr\u00f3leo tem \u201cum impacto muito grande em toda a cadeia de valor do setor\u201d autom\u00f3vel, desde logo porque leva \u00e0 paragem ou menor circula\u00e7\u00e3o de ve\u00edculos, que ao fazerem menos quil\u00f3metros precisam de menos revis\u00f5es nos concession\u00e1rios, penalizando o neg\u00f3cio p\u00f3s-venda.<\/p>\n<p class=\"text-paragraph\" style=\"text-align: justify;\">Paralelamente, a subida do pre\u00e7o dos combust\u00edveis afeta tamb\u00e9m os custos do transporte dos ve\u00edculos, das pe\u00e7as e dos lubrificantes autom\u00f3veis, ou seja, a situa\u00e7\u00e3o tem impacto \u201cdireto e de uma forma autom\u00e1tica em toda a cadeia de valor\u201d.<\/p>\n<p class=\"text-paragraph\" style=\"text-align: justify;\">O presidente da Aran destaca, em particular, o caso das empresas de assist\u00eancia em viagem (ou reboques), cujos ve\u00edculos circulam em perman\u00eancia e t\u00eam nos combust\u00edveis o seu maior custo.<\/p>\n<p class=\"text-paragraph\" style=\"text-align: justify;\">\u201cA partir do momento que h\u00e1 qualquer varia\u00e7\u00e3o no pre\u00e7o de combust\u00edvel as suas opera\u00e7\u00f5es j\u00e1 est\u00e3o a perder dinheiro. Portanto, se se registarem aumentos muito significativos, temos que pedir ao Governo que olhe especificamente para esta \u00e1rea de neg\u00f3cio e d\u00ea um apoio, porque esta \u00e9 uma \u00e1rea fundamental para o socorro na estrada e para a seguran\u00e7a rodovi\u00e1ria no pa\u00eds\u201d, afirmou.<\/p>\n<p class=\"text-paragraph\" style=\"text-align: justify;\">Na confer\u00eancia agendada para quinta-feira em Gaia, distrito do Porto, a Aran prop\u00f5e-se \u201capresentar uma vis\u00e3o 360\u00ba e orientar o setor para um futuro mais colaborativo e unido\u201d, organizando para o efeito momentos de \u2018networking\u2019 entre as empresas associadas, entidades oficiais, parceiros e especialistas de diversos pa\u00edses.<\/p>\n<p class=\"text-paragraph\" style=\"text-align: justify;\">Um dos principais temas em cima da mesa \u00e9 a consolida\u00e7\u00e3o da China enquanto \u201cnova superpot\u00eancia do setor autom\u00f3vel\u201d, assumindo-se hoje este pa\u00eds como \u201cnovo l\u00edder mundial na produ\u00e7\u00e3o de ve\u00edculos, n\u00e3o s\u00f3 em volume, mas tamb\u00e9m no n\u00edvel tecnol\u00f3gico e de inova\u00e7\u00e3o\u201d.<\/p>\n<p class=\"text-paragraph\" style=\"text-align: justify;\">\u201cOs fabricantes chineses trazem carros muito competitivos em termos de pre\u00e7o, de equipamento, de tecnologia e de inova\u00e7\u00e3o e t\u00eam vindo a afirmar-se, j\u00e1 t\u00eam no mercado europeu uma cota acima dos 11%\u201d, salientou Rodrigo Ferreira da Silva.<\/p>\n<p class=\"text-paragraph\" style=\"text-align: justify;\">Ainda esta tarde, decorre no Porto uma reuni\u00e3o de trabalho do Conselho Europeu do Com\u00e9rcio e Repara\u00e7\u00e3o Autom\u00f3vel (CECRA), que re\u00fane as associa\u00e7\u00f5es europeias do setor autom\u00f3vel.<\/p>\n","protected":false},"excerpt":{"rendered":"<p>A Associa\u00e7\u00e3o Nacional do Ramo Autom\u00f3vel (Aran) defendeu hoje que o Governo deve ter em cima da mesa medidas flex\u00edveis de apoio ao setor prontas a implementar rapidamente caso se confirme uma escalada do pre\u00e7o dos combust\u00edveis. \u201cNo atual contexto justifica-se j\u00e1 sentarmo-nos e prepararmos tudo para ter imediatamente estes apoios a funcionar\u201d, afirmou o [&hellip;]<\/p>\n","protected":false},"author":2,"featured_media":25813,"comment_status":"open","ping_status":"open","sticky":false,"template":"","format":"standard","meta":{"_editorskit_title_hidden":false,"_editorskit_reading_time":0,"_editorskit_is_block_options_detached":false,"_editorskit_block_options_position":"{}","om_disable_all_campaigns":false,"_monsterinsights_skip_tracking":false,"_monsterinsights_sitenote_active":false,"_monsterinsights_sitenote_note":"","_monsterinsights_sitenote_category":0,"_uf_show_specific_survey":0,"_uf_disable_surveys":false,"site-sidebar-layout":"default","site-content-layout":"","ast-site-content-layout":"default","site-content-style":"default","site-sidebar-style":"default","ast-global-header-display":"","ast-banner-title-visibility":"","ast-main-header-display":"","ast-hfb-above-header-display":"","ast-hfb-below-header-display":"","ast-hfb-mobile-header-display":"","site-post-title":"","ast-breadcrumbs-content":"","ast-featured-img":"","footer-sml-layout":"","theme-transparent-header-meta":"default","adv-header-id-meta":"","stick-header-meta":"default","header-above-stick-meta":"","header-main-stick-meta":"","header-below-stick-meta":"","astra-migrate-meta-layouts":"set","ast-page-background-enabled":"default","ast-page-background-meta":{"desktop":{"background-color":"","background-image":"","background-repeat":"repeat","background-position":"center center","background-size":"auto","background-attachment":"scroll","background-type":"","background-media":"","overlay-type":"","overlay-color":"","overlay-opacity":"","overlay-gradient":""},"tablet":{"background-color":"","background-image":"","background-repeat":"repeat","background-position":"center center","background-size":"auto","background-attachment":"scroll","background-type":"","background-media":"","overlay-type":"","overlay-color":"","overlay-opacity":"","overlay-gradient":""},"mobile":{"background-color":"","background-image":"","background-repeat":"repeat","background-position":"center center","background-size":"auto","background-attachment":"scroll","background-type":"","background-media":"","overlay-type":"","overlay-color":"","overlay-opacity":"","overlay-gradient":""}},"ast-content-background-meta":{"desktop":{"background-color":"var(--ast-global-color-5)","background-image":"","background-repeat":"repeat","background-position":"center center","background-size":"auto","background-attachment":"scroll","background-type":"","background-media":"","overlay-type":"","overlay-color":"","overlay-opacity":"","overlay-gradient":""},"tablet":{"background-color":"var(--ast-global-color-5)","background-image":"","background-repeat":"repeat","background-position":"center center","background-size":"auto","background-attachment":"scroll","background-type":"","background-media":"","overlay-type":"","overlay-color":"","overlay-opacity":"","overlay-gradient":""},"mobile":{"background-color":"var(--ast-global-color-5)","background-image":"","background-repeat":"repeat","background-position":"center center","background-size":"auto","background-attachment":"scroll","background-type":"","background-media":"","overlay-type":"","overlay-color":"","overlay-opacity":"","overlay-gradient":""}},"footnotes":""},"categories":[13],"tags":[],"class_list":["post-25812","post","type-post","status-publish","format-standard","has-post-thumbnail","hentry","category-comercio"],"aioseo_notices":[],"_links":{"self":[{"href":"https:\/\/contarotacoes.com\/index.php?rest_route=\/wp\/v2\/posts\/25812","targetHints":{"allow":["GET"]}}],"collection":[{"href":"https:\/\/contarotacoes.com\/index.php?rest_route=\/wp\/v2\/posts"}],"about":[{"href":"https:\/\/contarotacoes.com\/index.php?rest_route=\/wp\/v2\/types\/post"}],"author":[{"embeddable":true,"href":"https:\/\/contarotacoes.com\/index.php?rest_route=\/wp\/v2\/users\/2"}],"replies":[{"embeddable":true,"href":"https:\/\/contarotacoes.com\/index.php?rest_route=%2Fwp%2Fv2%2Fcomments&post=25812"}],"version-history":[{"count":1,"href":"https:\/\/contarotacoes.com\/index.php?rest_route=\/wp\/v2\/posts\/25812\/revisions"}],"predecessor-version":[{"id":25814,"href":"https:\/\/contarotacoes.com\/index.php?rest_route=\/wp\/v2\/posts\/25812\/revisions\/25814"}],"wp:featuredmedia":[{"embeddable":true,"href":"https:\/\/contarotacoes.com\/index.php?rest_route=\/wp\/v2\/media\/25813"}],"wp:attachment":[{"href":"https:\/\/contarotacoes.com\/index.php?rest_route=%2Fwp%2Fv2%2Fmedia&parent=25812"}],"wp:term":[{"taxonomy":"category","embeddable":true,"href":"https:\/\/contarotacoes.com\/index.php?rest_route=%2Fwp%2Fv2%2Fcategories&post=25812"},{"taxonomy":"post_tag","embeddable":true,"href":"https:\/\/contarotacoes.com\/index.php?rest_route=%2Fwp%2Fv2%2Ftags&post=25812"}],"curies":[{"name":"wp","href":"https:\/\/api.w.org\/{rel}","templated":true}]}}