{"id":25808,"date":"2026-03-11T21:07:21","date_gmt":"2026-03-11T21:07:21","guid":{"rendered":"https:\/\/contarotacoes.com\/?p=25808"},"modified":"2026-03-11T21:16:03","modified_gmt":"2026-03-11T21:16:03","slug":"etapa-de-lisboa-do-mundial-de-trial-extreme-cancelada-por-falta-de-condicoes-tecnicas","status":"publish","type":"post","link":"https:\/\/contarotacoes.com\/?p=25808","title":{"rendered":"Etapa de Lisboa do Mundial de trial extreme cancelada por falta de condi\u00e7\u00f5es t\u00e9cnicas"},"content":{"rendered":"<p style=\"text-align: justify;\">A etapa de Lisboa do Campeonato Mundial de trial extreme, agendada para 12 de abril, foi cancelada pela organiza\u00e7\u00e3o local da prova por falta de condi\u00e7\u00f5es t\u00e9cnicas e organizacionais, anunciou hoje a Federa\u00e7\u00e3o Internacional de Motociclismo (FIM).<\/p>\n<p class=\"text-paragraph\" style=\"text-align: justify;\">A decis\u00e3o, comunicada \u00e0 Federa\u00e7\u00e3o Internacional de Motociclismo (FIM) e ao promotor do Mundial de motociclismo \u2018indoor\u2019, deve-se \u00e0 impossibilidade de, apesar dos esfor\u00e7os das \u00faltimas semanas, garantir os padr\u00f5es t\u00e9cnicos e organizacionais exigidos pela competi\u00e7\u00e3o internacional para a elite do trial mundial.<\/p>\n<p class=\"text-paragraph\" style=\"text-align: justify;\">Em comunicado no seu\u00a0s\u00edtio oficial na Internet, a FIM e a promotora Esdeux Organisation lamentam o desfecho, sublinhando que a qualidade do espet\u00e1culo ficaria aqu\u00e9m dos padr\u00f5es mundiais caso o evento avan\u00e7asse.<\/p>\n<p class=\"text-paragraph\" style=\"text-align: justify;\">&#8220;Gostar\u00edamos de agradecer aos f\u00e3s portugueses pelo seu interesse e expressar a esperan\u00e7a de regressar a Lisboa no futuro, em circunst\u00e2ncias que permitam uma competi\u00e7\u00e3o de classe mundial&#8221;, referiram as entidades em nota oficial.<\/p>\n<p class=\"text-paragraph\" style=\"text-align: justify;\">Ap\u00f3s este cancelamento, a etapa de Lisboa do Mundial de X-Trial, que marcava o regresso \u00e0 capital portuguesa 20 anos depois, n\u00e3o ser\u00e1 substitu\u00edda, pelo que a \u00faltima etapa do Campeonato do Mundo vai ser disputada em Tarragona, em Espanha, no dia 18 de abril.<\/p>\n<p>Lusa<\/p>\n<p>Cr\u00e9dito Foto: Federa\u00e7\u00e3o Internacional de Motociclismo<\/p>\n","protected":false},"excerpt":{"rendered":"<p>A etapa de Lisboa do Campeonato Mundial de trial extreme, agendada para 12 de abril, foi cancelada pela organiza\u00e7\u00e3o local da prova por falta de condi\u00e7\u00f5es t\u00e9cnicas e organizacionais, anunciou hoje a Federa\u00e7\u00e3o Internacional de Motociclismo (FIM). A decis\u00e3o, comunicada \u00e0 Federa\u00e7\u00e3o Internacional de Motociclismo (FIM) e ao promotor do Mundial de motociclismo \u2018indoor\u2019, deve-se [&hellip;]<\/p>\n","protected":false},"author":2,"featured_media":25816,"comment_status":"open","ping_status":"open","sticky":false,"template":"","format":"standard","meta":{"_editorskit_title_hidden":false,"_editorskit_reading_time":0,"_editorskit_is_block_options_detached":false,"_editorskit_block_options_position":"{}","om_disable_all_campaigns":false,"_monsterinsights_skip_tracking":false,"_monsterinsights_sitenote_active":false,"_monsterinsights_sitenote_note":"","_monsterinsights_sitenote_category":0,"_uf_show_specific_survey":0,"_uf_disable_surveys":false,"site-sidebar-layout":"default","site-content-layout":"","ast-site-content-layout":"default","site-content-style":"default","site-sidebar-style":"default","ast-global-header-display":"","ast-banner-title-visibility":"","ast-main-header-display":"","ast-hfb-above-header-display":"","ast-hfb-below-header-display":"","ast-hfb-mobile-header-display":"","site-post-title":"","ast-breadcrumbs-content":"","ast-featured-img":"","footer-sml-layout":"","theme-transparent-header-meta":"default","adv-header-id-meta":"","stick-header-meta":"default","header-above-stick-meta":"","header-main-stick-meta":"","header-below-stick-meta":"","astra-migrate-meta-layouts":"set","ast-page-background-enabled":"default","ast-page-background-meta":{"desktop":{"background-color":"","background-image":"","background-repeat":"repeat","background-position":"center center","background-size":"auto","background-attachment":"scroll","background-type":"","background-media":"","overlay-type":"","overlay-color":"","overlay-opacity":"","overlay-gradient":""},"tablet":{"background-color":"","background-image":"","background-repeat":"repeat","background-position":"center center","background-size":"auto","background-attachment":"scroll","background-type":"","background-media":"","overlay-type":"","overlay-color":"","overlay-opacity":"","overlay-gradient":""},"mobile":{"background-color":"","background-image":"","background-repeat":"repeat","background-position":"center center","background-size":"auto","background-attachment":"scroll","background-type":"","background-media":"","overlay-type":"","overlay-color":"","overlay-opacity":"","overlay-gradient":""}},"ast-content-background-meta":{"desktop":{"background-color":"var(--ast-global-color-5)","background-image":"","background-repeat":"repeat","background-position":"center center","background-size":"auto","background-attachment":"scroll","background-type":"","background-media":"","overlay-type":"","overlay-color":"","overlay-opacity":"","overlay-gradient":""},"tablet":{"background-color":"var(--ast-global-color-5)","background-image":"","background-repeat":"repeat","background-position":"center center","background-size":"auto","background-attachment":"scroll","background-type":"","background-media":"","overlay-type":"","overlay-color":"","overlay-opacity":"","overlay-gradient":""},"mobile":{"background-color":"var(--ast-global-color-5)","background-image":"","background-repeat":"repeat","background-position":"center center","background-size":"auto","background-attachment":"scroll","background-type":"","background-media":"","overlay-type":"","overlay-color":"","overlay-opacity":"","overlay-gradient":""}},"footnotes":""},"categories":[11],"tags":[],"class_list":["post-25808","post","type-post","status-publish","format-standard","has-post-thumbnail","hentry","category-noticias"],"aioseo_notices":[],"_links":{"self":[{"href":"https:\/\/contarotacoes.com\/index.php?rest_route=\/wp\/v2\/posts\/25808","targetHints":{"allow":["GET"]}}],"collection":[{"href":"https:\/\/contarotacoes.com\/index.php?rest_route=\/wp\/v2\/posts"}],"about":[{"href":"https:\/\/contarotacoes.com\/index.php?rest_route=\/wp\/v2\/types\/post"}],"author":[{"embeddable":true,"href":"https:\/\/contarotacoes.com\/index.php?rest_route=\/wp\/v2\/users\/2"}],"replies":[{"embeddable":true,"href":"https:\/\/contarotacoes.com\/index.php?rest_route=%2Fwp%2Fv2%2Fcomments&post=25808"}],"version-history":[{"count":1,"href":"https:\/\/contarotacoes.com\/index.php?rest_route=\/wp\/v2\/posts\/25808\/revisions"}],"predecessor-version":[{"id":25811,"href":"https:\/\/contarotacoes.com\/index.php?rest_route=\/wp\/v2\/posts\/25808\/revisions\/25811"}],"wp:featuredmedia":[{"embeddable":true,"href":"https:\/\/contarotacoes.com\/index.php?rest_route=\/wp\/v2\/media\/25816"}],"wp:attachment":[{"href":"https:\/\/contarotacoes.com\/index.php?rest_route=%2Fwp%2Fv2%2Fmedia&parent=25808"}],"wp:term":[{"taxonomy":"category","embeddable":true,"href":"https:\/\/contarotacoes.com\/index.php?rest_route=%2Fwp%2Fv2%2Fcategories&post=25808"},{"taxonomy":"post_tag","embeddable":true,"href":"https:\/\/contarotacoes.com\/index.php?rest_route=%2Fwp%2Fv2%2Ftags&post=25808"}],"curies":[{"name":"wp","href":"https:\/\/api.w.org\/{rel}","templated":true}]}}