{"id":25793,"date":"2026-03-11T20:49:38","date_gmt":"2026-03-11T20:49:38","guid":{"rendered":"https:\/\/contarotacoes.com\/?p=25793"},"modified":"2026-03-11T20:49:38","modified_gmt":"2026-03-11T20:49:38","slug":"opel-motorsport-fabrica-de-talentos-para-as-futuras-estrelas-dos-ralis","status":"publish","type":"post","link":"https:\/\/contarotacoes.com\/?p=25793","title":{"rendered":"Opel Motorsport: F\u00e1brica de talentos para as futuras estrelas dos ralis"},"content":{"rendered":"<ul>\n<li style=\"text-align: justify;\"><strong>Trampolim para novos talentos: a Opel Motorsport tem uma longa tradi\u00e7\u00e3o na promo\u00e7\u00e3o de jovens pilotos de ralis<\/strong><\/li>\n<li style=\"text-align: justify;\"><strong>Perspetivas eletrizantes: a ADAC Opel GSE Rally Cup oferece oportunidades \u00fanicas de desenvolvimento de carreiras<\/strong><\/li>\n<li style=\"text-align: justify;\"><strong>Sistema de sucesso: seis t\u00edtulos no Campeonato Europeu J\u00fanior de Ralis comprovam a efic\u00e1cia da pir\u00e2mide de promo\u00e7\u00e3o da marca alem\u00e3<\/strong><\/li>\n<\/ul>\n<p style=\"text-align: justify;\">A Opel Motorsport sempre se destacou por conquistas not\u00e1veis tanto no automobilismo ao mais alto n\u00edvel como entre os amadores. Para al\u00e9m disso, a promo\u00e7\u00e3o de jovens talentos tamb\u00e9m \u00e9 uma parte fundamental e bem-sucedida das atividades de <em>motorsport<\/em> da marca do Blitz. Embora o seu envolvimento anterior em disciplinas como a F\u00f3rmula Opel e F\u00f3rmula 3 tenha estado assente em corridas em circuitos, desde 2013 que a marca com sede em R\u00fcsselsheim tem sido uma refer\u00eancia nos ralis, no desenvolvimento eficaz de carreiras de jovens pilotos.<\/p>\n<p style=\"text-align: justify;\">Inicialmente com a ADAC Opel Rally Cup, plataforma que em 2021 se viu substitu\u00edda pela <a href=\"https:\/\/www.media.stellantis.com\/pt-pt\/opel\/corsa-e-rally\">ADAC Opel Electric Rally Cup<\/a> e que ter\u00e1 agora continuidade, nesta nova temporada, como <a href=\"https:\/\/www.media.stellantis.com\/pt-pt\/opel\/mokka-gse-rally-2025\">ADAC Opel GSE Rally Cup com o novo Opel Mokka GSE Rally<\/a>, sem esquecer o ADAC Opel Rally Junior Team, os fortes parceiros Opel e ADAC criaram uma pir\u00e2mide de apoio \u00fanica que se ver\u00e1 ainda mais alargada no futuro.<\/p>\n<p style=\"text-align: justify;\"><strong>F\u00f3rmula para o sucesso: do trof\u00e9u monomarca el\u00e9trico ao Campeonato da Europa J\u00fanior<\/strong><\/p>\n<p style=\"text-align: justify;\">O princ\u00edpio \u00e9 t\u00e3o simples quanto eficaz: os campe\u00f5es do trof\u00e9u monomarca 100% el\u00e9trico evoluem, automaticamente, para o ADAC Opel Rally Junior Team, sendo-lhes dada a oportunidade de competir no Campeonato da Europa J\u00fanior de Ralis (JERC). Esta plataforma de desenvolvimento \u00fanica assenta numa hist\u00f3ria de sucesso da ADAC Opel Rally Junior Team, forma\u00e7\u00e3o que conta no seu palmar\u00e9s com nada menos do que seis t\u00edtulos de Campe\u00e3o Europeu Junior de Ralis &#8211; Emil Bergkvist (2015), Marijan Griebel (2016), Chris Ingram (2017), Martins Sesks (2018), Laurent Pellier (2022) e Calle Carlberg (2025) &#8211; em nove temporadas. Se at\u00e9 2019 os pilotos competiam aos comandos do Opel ADAM R2, a partir de 2022 passaram a contar com as presta\u00e7\u00f5es do Opel Corsa Rally4.<\/p>\n<p style=\"text-align: justify;\">Recorde-se o facto de ex-pilotos juniores da Opel terem, entretanto, conquistado t\u00edtulos no Mundial J\u00fanior de Ralis, (Emil Bergkvist e Tom Kristensson), no Europeu de Ralis (Chris Ingram e Marijan Griebel) e no Campeonato Alem\u00e3o de Ralis (Fabian Kreim e Marijan Griebel). Considerando a lista de participantes nos ralis da s\u00e9rie alem\u00e3 encontram-se v\u00e1rios pilotos e copilotos que ganharam experi\u00eancia nos trof\u00e9us da Opel, como Julius Tannert, Bj\u00f6rn Satorius, Patrick Pusch e Dominik Dinkel, sem esquecer os campe\u00f5es Griebel e Kreim.<\/p>\n<p style=\"text-align: justify;\">A bem sucedida parceria continua em 2026 no bem-sucedido sistema da Opel para promo\u00e7\u00e3o jovens talentos, sendo exemplo na nova temporada o nome de<a href=\"https:\/\/www.media.stellantis.com\/pt-pt\/opel\/press\/final-emocionante-da-adac-opel-electric-rally-cup-2025-powered-by-gse-tom-heindrichs-conquista-o-titulo\"> Tom Heindrichs, jovem belga Campe\u00e3o da ADAC Opel Electric Rally Cup 2025<\/a>, que tentar\u00e1 seguir os passos de seus antecessores de sucesso no ADAC Opel Rally Junior Team. Em complemento, a nova ADAC Opel GSE Rally Cup tamb\u00e9m oferecer\u00e1 aos jovens talentos uma plataforma perfeita para provarem o seu valor ao mais alto n\u00edvel dos ralis internacionais.<\/p>\n<p style=\"text-align: justify;\"><strong>ADAC Opel GSE Rally Cup 2026: Mais potente, emocionante e internacional<\/strong><\/p>\n<p style=\"text-align: justify;\">A ADAC Opel GSE Rally Cup 2026 promete os mesmos elevados padr\u00f5es dos trof\u00e9us anteriores. Em termos de participantes contam-se o alem\u00e3o Timo Schulz, Campe\u00e3o da ADAC Opel Electric Rally Cup 2022, e o brit\u00e2nico Ioan Lloyd, dois pilotos com experi\u00eancia no JERC e que j\u00e1 confirmaram a sua inscri\u00e7\u00e3o, junto com os demais pilotos de ponta de toda a Europa que os ir\u00e3o desafiar.<\/p>\n<p style=\"text-align: justify;\">O novo ve\u00edculo de competi\u00e7\u00e3o ir\u00e1 aumentar, ainda mais, o apelo da <a href=\"https:\/\/www.media.stellantis.com\/pt-pt\/opel\/press\/adac-opel-gse-rally-cup-2026-um-novo-marco-nos-ralis-eletricos-internacionais\">ADAC Opel GSE Rally Cup<\/a>: com uma pot\u00eancia de at\u00e9 207 kW (281 cv), um bin\u00e1rio de 345 Nm e tecnologia de competi\u00e7\u00e3o de \u00faltima gera\u00e7\u00e3o, o Opel Mokka GSE Rally el\u00e9trico a bateria promete desempenhos ao n\u00edvel dos modelos da categoria Rally4. O potente modelo el\u00e9trico j\u00e1 est\u00e1 dispon\u00edvel para encomenda ao pre\u00e7o de 67.900 \u20ac (mais IVA). O formul\u00e1rio de encomenda correspondente est\u00e1 dispon\u00edvel para download <a href=\"https:\/\/shop.opel-motorsport.com\/en\/blog\/documentation-opel\/80-opel-mokka-gse-e-rally5\">aqui<\/a>.<\/p>\n<p style=\"text-align: justify;\">A temporada 2026 da ADAC Opel GSE Rally Cup arrancar\u00e1 nos dias 29 e 30 de maio no ELE Rally, na Holanda, no que ser\u00e1 a primeira de sete rondas em seis pa\u00edses europeus (Alemanha, \u00c1ustria, Holanda, B\u00e9lgica, Fran\u00e7a e It\u00e1lia). Um dos destaques da presente temporada \u00e9 a integra\u00e7\u00e3o do primeiro trof\u00e9u monomarca de ralis 100% el\u00e9trico do mundo no tradicional Rally Sanremo, em outubro.<\/p>\n<p style=\"text-align: justify;\"><strong>Calend\u00e1rio da ADAC Opel GSE Rally Cup 2026<\/strong><\/p>\n<p style=\"text-align: justify;\">29\/30 maio\u00a0\u00a0\u00a0\u00a0\u00a0\u00a0\u00a0\u00a0\u00a0 ELE Rally, Eindhoven\u00a0\u00a0\u00a0\u00a0\u00a0\u00a0\u00a0\u00a0\u00a0\u00a0\u00a0\u00a0\u00a0\u00a0\u00a0\u00a0\u00a0\u00a0\u00a0\u00a0\u00a0\u00a0\u00a0\u00a0\u00a0\u00a0\u00a0\u00a0\u00a0\u00a0\u00a0\u00a0\u00a0\u00a0\u00a0 Pa\u00edses Baixos<\/p>\n<p style=\"text-align: justify;\">13\/14 junho\u00a0\u00a0\u00a0\u00a0\u00a0\u00a0\u00a0\u00a0 Rallye Vosges Grand-Est, G\u00e9rardmer\u00a0\u00a0\u00a0\u00a0\u00a0\u00a0\u00a0\u00a0\u00a0 Fran\u00e7a<\/p>\n<p style=\"text-align: justify;\">17\/18 julho\u00a0\u00a0\u00a0\u00a0\u00a0\u00a0\u00a0\u00a0\u00a0\u00a0 Rallye Weiz\u00a0\u00a0\u00a0\u00a0\u00a0\u00a0\u00a0\u00a0\u00a0\u00a0\u00a0\u00a0\u00a0\u00a0\u00a0\u00a0\u00a0\u00a0\u00a0\u00a0\u00a0\u00a0\u00a0\u00a0\u00a0\u00a0\u00a0\u00a0\u00a0\u00a0\u00a0\u00a0\u00a0\u00a0\u00a0\u00a0\u00a0\u00a0\u00a0\u00a0\u00a0\u00a0\u00a0\u00a0\u00a0\u00a0\u00a0\u00a0\u00a0\u00a0\u00a0 \u00c1ustria<\/p>\n<p style=\"text-align: justify;\">14\/15 agosto\u00a0\u00a0\u00a0\u00a0\u00a0\u00a0 ADAC Saarland-Pfalz Rallye, St. Wendel\u00a0\u00a0\u00a0\u00a0 Alemanha<\/p>\n<p style=\"text-align: justify;\">25\/26 setembro\u00a0\u00a0 ADAC Rallye Stemweder Berg, L\u00fcbbecke\u00a0\u00a0 Alemanha<\/p>\n<p style=\"text-align: justify;\">17\/18 outubro\u00a0\u00a0\u00a0\u00a0\u00a0 Rallye Sanremo\u00a0\u00a0\u00a0\u00a0\u00a0\u00a0\u00a0\u00a0\u00a0\u00a0\u00a0\u00a0\u00a0\u00a0\u00a0\u00a0\u00a0\u00a0\u00a0\u00a0\u00a0\u00a0\u00a0\u00a0\u00a0\u00a0\u00a0\u00a0\u00a0\u00a0\u00a0\u00a0\u00a0\u00a0\u00a0\u00a0\u00a0\u00a0\u00a0\u00a0\u00a0\u00a0\u00a0\u00a0 It\u00e1lia<\/p>\n<p style=\"text-align: justify;\">28\/29 novembro\u00a0 Rallye Spa\u00a0\u00a0\u00a0\u00a0\u00a0\u00a0\u00a0\u00a0\u00a0\u00a0\u00a0\u00a0\u00a0\u00a0\u00a0\u00a0\u00a0\u00a0\u00a0\u00a0\u00a0\u00a0\u00a0\u00a0\u00a0\u00a0\u00a0\u00a0\u00a0\u00a0\u00a0\u00a0\u00a0\u00a0\u00a0\u00a0\u00a0\u00a0\u00a0\u00a0\u00a0\u00a0\u00a0\u00a0\u00a0\u00a0\u00a0\u00a0\u00a0\u00a0\u00a0\u00a0 B\u00e9lgica<\/p>\n","protected":false},"excerpt":{"rendered":"<p>Trampolim para novos talentos: a Opel Motorsport tem uma longa tradi\u00e7\u00e3o na promo\u00e7\u00e3o de jovens pilotos de ralis Perspetivas eletrizantes: a ADAC Opel GSE Rally Cup oferece oportunidades \u00fanicas de desenvolvimento de carreiras Sistema de sucesso: seis t\u00edtulos no Campeonato Europeu J\u00fanior de Ralis comprovam a efic\u00e1cia da pir\u00e2mide de promo\u00e7\u00e3o da marca alem\u00e3 A [&hellip;]<\/p>\n","protected":false},"author":2,"featured_media":25794,"comment_status":"open","ping_status":"open","sticky":false,"template":"","format":"standard","meta":{"_editorskit_title_hidden":false,"_editorskit_reading_time":0,"_editorskit_is_block_options_detached":false,"_editorskit_block_options_position":"{}","om_disable_all_campaigns":false,"_monsterinsights_skip_tracking":false,"_monsterinsights_sitenote_active":false,"_monsterinsights_sitenote_note":"","_monsterinsights_sitenote_category":0,"_uf_show_specific_survey":0,"_uf_disable_surveys":false,"site-sidebar-layout":"default","site-content-layout":"","ast-site-content-layout":"default","site-content-style":"default","site-sidebar-style":"default","ast-global-header-display":"","ast-banner-title-visibility":"","ast-main-header-display":"","ast-hfb-above-header-display":"","ast-hfb-below-header-display":"","ast-hfb-mobile-header-display":"","site-post-title":"","ast-breadcrumbs-content":"","ast-featured-img":"","footer-sml-layout":"","theme-transparent-header-meta":"default","adv-header-id-meta":"","stick-header-meta":"default","header-above-stick-meta":"","header-main-stick-meta":"","header-below-stick-meta":"","astra-migrate-meta-layouts":"set","ast-page-background-enabled":"default","ast-page-background-meta":{"desktop":{"background-color":"","background-image":"","background-repeat":"repeat","background-position":"center center","background-size":"auto","background-attachment":"scroll","background-type":"","background-media":"","overlay-type":"","overlay-color":"","overlay-opacity":"","overlay-gradient":""},"tablet":{"background-color":"","background-image":"","background-repeat":"repeat","background-position":"center center","background-size":"auto","background-attachment":"scroll","background-type":"","background-media":"","overlay-type":"","overlay-color":"","overlay-opacity":"","overlay-gradient":""},"mobile":{"background-color":"","background-image":"","background-repeat":"repeat","background-position":"center center","background-size":"auto","background-attachment":"scroll","background-type":"","background-media":"","overlay-type":"","overlay-color":"","overlay-opacity":"","overlay-gradient":""}},"ast-content-background-meta":{"desktop":{"background-color":"var(--ast-global-color-5)","background-image":"","background-repeat":"repeat","background-position":"center center","background-size":"auto","background-attachment":"scroll","background-type":"","background-media":"","overlay-type":"","overlay-color":"","overlay-opacity":"","overlay-gradient":""},"tablet":{"background-color":"var(--ast-global-color-5)","background-image":"","background-repeat":"repeat","background-position":"center center","background-size":"auto","background-attachment":"scroll","background-type":"","background-media":"","overlay-type":"","overlay-color":"","overlay-opacity":"","overlay-gradient":""},"mobile":{"background-color":"var(--ast-global-color-5)","background-image":"","background-repeat":"repeat","background-position":"center center","background-size":"auto","background-attachment":"scroll","background-type":"","background-media":"","overlay-type":"","overlay-color":"","overlay-opacity":"","overlay-gradient":""}},"footnotes":""},"categories":[11],"tags":[],"class_list":["post-25793","post","type-post","status-publish","format-standard","has-post-thumbnail","hentry","category-noticias"],"aioseo_notices":[],"_links":{"self":[{"href":"https:\/\/contarotacoes.com\/index.php?rest_route=\/wp\/v2\/posts\/25793","targetHints":{"allow":["GET"]}}],"collection":[{"href":"https:\/\/contarotacoes.com\/index.php?rest_route=\/wp\/v2\/posts"}],"about":[{"href":"https:\/\/contarotacoes.com\/index.php?rest_route=\/wp\/v2\/types\/post"}],"author":[{"embeddable":true,"href":"https:\/\/contarotacoes.com\/index.php?rest_route=\/wp\/v2\/users\/2"}],"replies":[{"embeddable":true,"href":"https:\/\/contarotacoes.com\/index.php?rest_route=%2Fwp%2Fv2%2Fcomments&post=25793"}],"version-history":[{"count":1,"href":"https:\/\/contarotacoes.com\/index.php?rest_route=\/wp\/v2\/posts\/25793\/revisions"}],"predecessor-version":[{"id":25795,"href":"https:\/\/contarotacoes.com\/index.php?rest_route=\/wp\/v2\/posts\/25793\/revisions\/25795"}],"wp:featuredmedia":[{"embeddable":true,"href":"https:\/\/contarotacoes.com\/index.php?rest_route=\/wp\/v2\/media\/25794"}],"wp:attachment":[{"href":"https:\/\/contarotacoes.com\/index.php?rest_route=%2Fwp%2Fv2%2Fmedia&parent=25793"}],"wp:term":[{"taxonomy":"category","embeddable":true,"href":"https:\/\/contarotacoes.com\/index.php?rest_route=%2Fwp%2Fv2%2Fcategories&post=25793"},{"taxonomy":"post_tag","embeddable":true,"href":"https:\/\/contarotacoes.com\/index.php?rest_route=%2Fwp%2Fv2%2Ftags&post=25793"}],"curies":[{"name":"wp","href":"https:\/\/api.w.org\/{rel}","templated":true}]}}