{"id":25784,"date":"2026-03-11T12:43:59","date_gmt":"2026-03-11T12:43:59","guid":{"rendered":"https:\/\/contarotacoes.com\/?p=25784"},"modified":"2026-03-11T12:43:59","modified_gmt":"2026-03-11T12:43:59","slug":"novo-mazda6e-distinguido-com-o-trofeu-de-eletrico-do-ano-2026-em-portugal","status":"publish","type":"post","link":"https:\/\/contarotacoes.com\/?p=25784","title":{"rendered":"NOVO MAZDA6e DISTINGUIDO COM O TROF\u00c9U DE \u2018EL\u00c9TRICO DO ANO 2026\u2019 EM PORTUGAL"},"content":{"rendered":"<p style=\"text-align: justify;\"><strong>\u00a7\u00a0 Elegante <em>hatchback<\/em> de silhueta coup\u00e9 garante um dos trof\u00e9us de suporte \u00e0 iniciativa nacional de \u2018Carro do Ano 2026\u2019<\/strong><\/p>\n<p style=\"text-align: justify;\"><strong>\u00a7\u00a0 Utiliza\u00e7\u00e3o intuitiva, suavidade, autonomias e capacidade de carregamento das baterias, bem como dota\u00e7\u00e3o interior, tecnologias, equipamentos e pre\u00e7os elevaram o Mazda6e ao topo do p\u00f3dio da categoria dos autom\u00f3veis el\u00e9tricos<\/strong><\/p>\n<p style=\"text-align: justify;\"><strong>\u00a7\u00a0 Aplauso generalizado dos jurados da iniciativa para o design Kodo e para as sensa\u00e7\u00f5es de condu\u00e7\u00e3o <em>Jinba Ittai<\/em>, garante de viagens envolventes e agrad\u00e1veis<\/strong><\/p>\n<p style=\"text-align: justify;\">O Mazda6e acaba de conquistar o galard\u00e3o de \u2018El\u00e9trico do Ano 2026\u2019, um dos trof\u00e9us de suporte \u00e0 iniciativa \u2018Seguro Directo Carro do Ano\/Trof\u00e9u Volante de Cristal 2026\u2019, coorganizada pelo canal SIC Not\u00edcias e pelo jornal Expresso. O an\u00fancio oficial foi feito na noite passada em evento dedicado, realizado em Lisboa, no qual estiveram presentes dezenas de convidados e profissionais do sector.<\/p>\n<p style=\"text-align: justify;\">Atribu\u00eddo ao Mazda6e, o galard\u00e3o de \u2018El\u00e9trico do Ano 2026\u2019 foi entregue por Hugo Juli\u00e3o, Diretor de Marketing Estrat\u00e9gico do Grupo Ageas Portugal, a Ana Penteado, Diretora de Marketing da Mazda Motor de Portugal, que comentou assim este reconhecimento: <em>\u201c\u00c9 com natural satisfa\u00e7\u00e3o que aceitamos este importante trof\u00e9u de \u2018El\u00e9trico do Ano 2026\u2019, que premeia n\u00e3o apenas o Mazda6e como produto de excel\u00eancia, naquele que \u00e9 nossa mais recente proposta no universo dos autom\u00f3veis 100% el\u00e9tricos, como a pr\u00f3pria evolu\u00e7\u00e3o da Mazda no complexo processo de eletrifica\u00e7\u00e3o que o mercado est\u00e1 a atravessar. Este \u00e9 um resultado que queremos partilhar com todos n\u00e3o s\u00f3 na Mazda Motor de Portugal, como com a nossa Rede de Concession\u00e1rios e diferentes parceiros de neg\u00f3cio, e que sublinha as caracter\u00edsticas que os jurados desta iniciativa consideraram importantes, levando-os, no seu conjunto, a demarcar o Mazda6e face a nada menos do que quinze autom\u00f3veis de outras marcas, naquela que foi uma das categorias mais concorridas da noite.\u201d<\/em><\/p>\n<p style=\"text-align: justify;\">Dispon\u00edvel desde setembro \u00faltimo nos<em> showrooms<\/em> nacionais da Rede de Concession\u00e1rios Mazda, o novo Mazda6e passou, a partir dessa altura, pelas m\u00e3os dos 15 especialistas do sector do painel de jurados da presente edi\u00e7\u00e3o, em representa\u00e7\u00e3o dos principais \u00f3rg\u00e3os de comunica\u00e7\u00e3o social nacionais. Ao longo dos \u00faltimos cinco meses com ele realizaram os necess\u00e1rios testes din\u00e2micos para a sua avalia\u00e7\u00e3o, comparando-o com os outros modelos a concurso na categoria, incluindo um derradeiro contacto numa a\u00e7\u00e3o realizada no Aut\u00f3dromo do Estoril, no final de fevereiro deste ano.<\/p>\n<p style=\"text-align: justify;\">Para o Mazda6e, o resultado agora conhecido \u00e9 bastante expressivo, pois o modelo \u2013 no caso a vers\u00e3o Mazda 6e 5HB EV 245cv Long Range Takumi Plus \u2013 lutava pelo t\u00edtulo numa das categorias mais complexas e concorridas da presente edi\u00e7\u00e3o, tendo assim batido nada menos do que 15 outros modelos, divididos por diversos segmentos e com diferentes posicionamentos de mercado.<\/p>\n<p style=\"text-align: justify;\"><em>\u201cNuma altura em que o segmento dos autom\u00f3veis el\u00e9tricos \u00e9 cada vez mais competitivo, fruto do lan\u00e7amento de in\u00fameras propostas para diferentes segmentos, a Mazda soube integrar o seu pr\u00f3prio ADN no novo Mazda6e, expresso n\u00e3o s\u00f3 na eleg\u00e2ncia do design Kodo, como no inconfund\u00edvel prazer de condu\u00e7\u00e3o Jimba Ittal inerente \u00e0 marca ou mesmo na combina\u00e7\u00e3o din\u00e2mica entre as suas muitas tecnologias de ponta. Fruto desta conjuga\u00e7\u00e3o, o Mazda6e viu, assim, reconhecidos esses seus muitos argumentos expressos na conquista deste galard\u00e3o\u201d<\/em>, acrescenta Luis Morais, Diretor Geral da Mazda Motor de Portugal.<em>\u00a0<\/em><\/p>\n<p style=\"text-align: justify;\">Assumindo-se como um elegante <em>hatchback<\/em> de cinco portas, que combina a praticidade de um interior espa\u00e7oso com o apelo desportivo de uma silhueta inspirada num modelo coup\u00e9, o Mazda6e foi concebido para satisfazer as necessidades dos condutores modernos, proporcionando uma experi\u00eancia de condu\u00e7\u00e3o el\u00e9trica refinada, intuitiva e emocionante. Esse seu exterior fluido e moderno complementa-se com um habit\u00e1culo limpo e minimalista, interior onde se destaca um cockpit arejado e centrado no condutor, que equilibra simplicidade e inova\u00e7\u00e3o, oferecendo conveni\u00eancia, conforto e uma sensa\u00e7\u00e3o de calma, tudo contribuindo para a alegria de condu\u00e7\u00e3o Mazda, evidente em cada detalhe.<\/p>\n<p style=\"text-align: justify;\"><strong>Resumo da oferta Mazda6e em Portugal <\/strong><\/p>\n<p style=\"text-align: justify;\">Integrando uma ampla gama de funcionalidades e op\u00e7\u00f5es de acabamento, o novo Mazda6e \u00e9 proposto no nosso pa\u00eds com duas mec\u00e2nicas 100% el\u00e9tricas \u2013 Standard de 190 kW \/ 258 cv e Long Range de 180 kW \/ 245 cv \u2013 ambas de tra\u00e7\u00e3o traseira, numa gama simplificada composta por apenas dois n\u00edveis de equipamento, Takumi e Takumi Plus. Dotado de jantes de 19 polegadas aero-design em liga leve, apresenta-se numa palete de oito cores metalizadas, destacando-se os novos tons Melting Copper e Aero Grey, que se juntam ao sempre popular Soul Red Crystal, cor de assinatura da Mazda.<\/p>\n<p style=\"text-align: justify;\">O Mazda6e \u00e9 proposto por um PVPR<a href=\"#_ftn1\" name=\"_ftnref1\"><strong>[1]<\/strong><\/a> a partir dos 42.509,50 \u20ac da vers\u00e3o de entrada, havendo um diferencial de 1.950,00 \u20ac entre os dois n\u00edveis de equipamento e um intervalo de 2.500,00 \u20ac entre as duas mec\u00e2nicas el\u00e9tricas. Transversal a todas e a t\u00edtulo de incentivo \u00e0 aquisi\u00e7\u00e3o do novo Mazda6e, sublinhe-se a Campanha<a href=\"#_ftn2\" name=\"_ftnref2\">[2]<\/a> desenvolvida pela Mazda Motor de Portugal e pela Rede de Concession\u00e1rios, numa oferta no valor de 2.460 \u20ac mais 500 \u20ac (mais IVA) de acess\u00f3rios.<\/p>\n<p style=\"text-align: justify;\">O Mazda6e tem uma garantia de 6 anos, cobertura limitada a uma quilometragem total m\u00e1xima de 150.000 km, na repara\u00e7\u00e3o ou substitui\u00e7\u00e3o de pe\u00e7as afetadas por defeitos de material ou de fabrico (excluem-se pe\u00e7as de desgaste). A bateria de alta tens\u00e3o tem uma garantia de 8 anos, para uma quilometragem total m\u00e1xima de 160.000 km, at\u00e9 uma capacidade m\u00ednima de 70% face \u00e0 sua capacidade original.<\/p>\n<p style=\"text-align: justify;\">Informa\u00e7\u00f5es adicionais sobre o novo Mazda6e podem ser consultadas no Portal de Imprensa da Mazda Motor de Portugal, na p\u00e1gina dedicada ao modelo, clicando neste <a href=\"https:\/\/pt.mazda-press.com\/cars\/mazda-6e\/\"><em>link<\/em><\/a>.<\/p>\n<p style=\"text-align: justify;\"><a href=\"#_ftnref1\" name=\"_ftn1\">[1]<\/a> PVPR: n\u00e3o inclui Despesas de Legaliza\u00e7\u00e3o e Transporte; n\u00e3o inclui pintura metalizada.<\/p>\n<p style=\"text-align: justify;\"><a href=\"#_ftnref2\" name=\"_ftn2\">[2]<\/a> Campanha v\u00e1lida at\u00e9 ao dia 30 de junho de 2026.<\/p>\n","protected":false},"excerpt":{"rendered":"<p>\u00a7\u00a0 Elegante hatchback de silhueta coup\u00e9 garante um dos trof\u00e9us de suporte \u00e0 iniciativa nacional de \u2018Carro do Ano 2026\u2019 \u00a7\u00a0 Utiliza\u00e7\u00e3o intuitiva, suavidade, autonomias e capacidade de carregamento das baterias, bem como dota\u00e7\u00e3o interior, tecnologias, equipamentos e pre\u00e7os elevaram o Mazda6e ao topo do p\u00f3dio da categoria dos autom\u00f3veis el\u00e9tricos \u00a7\u00a0 Aplauso generalizado dos [&hellip;]<\/p>\n","protected":false},"author":2,"featured_media":25785,"comment_status":"open","ping_status":"open","sticky":false,"template":"","format":"standard","meta":{"_editorskit_title_hidden":false,"_editorskit_reading_time":0,"_editorskit_is_block_options_detached":false,"_editorskit_block_options_position":"{}","om_disable_all_campaigns":false,"_monsterinsights_skip_tracking":false,"_monsterinsights_sitenote_active":false,"_monsterinsights_sitenote_note":"","_monsterinsights_sitenote_category":0,"_uf_show_specific_survey":0,"_uf_disable_surveys":false,"site-sidebar-layout":"default","site-content-layout":"","ast-site-content-layout":"default","site-content-style":"default","site-sidebar-style":"default","ast-global-header-display":"","ast-banner-title-visibility":"","ast-main-header-display":"","ast-hfb-above-header-display":"","ast-hfb-below-header-display":"","ast-hfb-mobile-header-display":"","site-post-title":"","ast-breadcrumbs-content":"","ast-featured-img":"","footer-sml-layout":"","theme-transparent-header-meta":"default","adv-header-id-meta":"","stick-header-meta":"default","header-above-stick-meta":"","header-main-stick-meta":"","header-below-stick-meta":"","astra-migrate-meta-layouts":"set","ast-page-background-enabled":"default","ast-page-background-meta":{"desktop":{"background-color":"","background-image":"","background-repeat":"repeat","background-position":"center center","background-size":"auto","background-attachment":"scroll","background-type":"","background-media":"","overlay-type":"","overlay-color":"","overlay-opacity":"","overlay-gradient":""},"tablet":{"background-color":"","background-image":"","background-repeat":"repeat","background-position":"center center","background-size":"auto","background-attachment":"scroll","background-type":"","background-media":"","overlay-type":"","overlay-color":"","overlay-opacity":"","overlay-gradient":""},"mobile":{"background-color":"","background-image":"","background-repeat":"repeat","background-position":"center center","background-size":"auto","background-attachment":"scroll","background-type":"","background-media":"","overlay-type":"","overlay-color":"","overlay-opacity":"","overlay-gradient":""}},"ast-content-background-meta":{"desktop":{"background-color":"var(--ast-global-color-5)","background-image":"","background-repeat":"repeat","background-position":"center center","background-size":"auto","background-attachment":"scroll","background-type":"","background-media":"","overlay-type":"","overlay-color":"","overlay-opacity":"","overlay-gradient":""},"tablet":{"background-color":"var(--ast-global-color-5)","background-image":"","background-repeat":"repeat","background-position":"center center","background-size":"auto","background-attachment":"scroll","background-type":"","background-media":"","overlay-type":"","overlay-color":"","overlay-opacity":"","overlay-gradient":""},"mobile":{"background-color":"var(--ast-global-color-5)","background-image":"","background-repeat":"repeat","background-position":"center center","background-size":"auto","background-attachment":"scroll","background-type":"","background-media":"","overlay-type":"","overlay-color":"","overlay-opacity":"","overlay-gradient":""}},"footnotes":""},"categories":[13],"tags":[],"class_list":["post-25784","post","type-post","status-publish","format-standard","has-post-thumbnail","hentry","category-comercio"],"aioseo_notices":[],"_links":{"self":[{"href":"https:\/\/contarotacoes.com\/index.php?rest_route=\/wp\/v2\/posts\/25784","targetHints":{"allow":["GET"]}}],"collection":[{"href":"https:\/\/contarotacoes.com\/index.php?rest_route=\/wp\/v2\/posts"}],"about":[{"href":"https:\/\/contarotacoes.com\/index.php?rest_route=\/wp\/v2\/types\/post"}],"author":[{"embeddable":true,"href":"https:\/\/contarotacoes.com\/index.php?rest_route=\/wp\/v2\/users\/2"}],"replies":[{"embeddable":true,"href":"https:\/\/contarotacoes.com\/index.php?rest_route=%2Fwp%2Fv2%2Fcomments&post=25784"}],"version-history":[{"count":1,"href":"https:\/\/contarotacoes.com\/index.php?rest_route=\/wp\/v2\/posts\/25784\/revisions"}],"predecessor-version":[{"id":25786,"href":"https:\/\/contarotacoes.com\/index.php?rest_route=\/wp\/v2\/posts\/25784\/revisions\/25786"}],"wp:featuredmedia":[{"embeddable":true,"href":"https:\/\/contarotacoes.com\/index.php?rest_route=\/wp\/v2\/media\/25785"}],"wp:attachment":[{"href":"https:\/\/contarotacoes.com\/index.php?rest_route=%2Fwp%2Fv2%2Fmedia&parent=25784"}],"wp:term":[{"taxonomy":"category","embeddable":true,"href":"https:\/\/contarotacoes.com\/index.php?rest_route=%2Fwp%2Fv2%2Fcategories&post=25784"},{"taxonomy":"post_tag","embeddable":true,"href":"https:\/\/contarotacoes.com\/index.php?rest_route=%2Fwp%2Fv2%2Ftags&post=25784"}],"curies":[{"name":"wp","href":"https:\/\/api.w.org\/{rel}","templated":true}]}}