{"id":25745,"date":"2026-03-10T21:19:50","date_gmt":"2026-03-10T21:19:50","guid":{"rendered":"https:\/\/contarotacoes.com\/?p=25745"},"modified":"2026-03-10T21:19:50","modified_gmt":"2026-03-10T21:19:50","slug":"amantes-dos-ralis-vai-realizar-se-a-28-de-marco","status":"publish","type":"post","link":"https:\/\/contarotacoes.com\/?p=25745","title":{"rendered":"Amantes dos Ralis vai realizar-se a 28 de Mar\u00e7o"},"content":{"rendered":"<p style=\"text-align: justify;\">Os &#8220;Amantes dos Ralis&#8221; voltam a juntar-se no dia 28 de Mar\u00e7o em Leiria.<\/p>\n<p style=\"text-align: justify;\">Depois de inicialmente previsto para o final de Janeiro (dia 31) , os efeitos da tempestade kristin levaram ao seu adiamento.<\/p>\n<p style=\"text-align: justify;\">A poucos dias da sua realiza\u00e7\u00e3o estivemos \u00e1 conversa com um dos seus organizadores o Paulo Jorge Ferreira que nos fala das origens e como t\u00eam sido estes\u00a0 anos dos &#8220;Amantes dos Ralis &#8220;at\u00e9 \u00e1 edi\u00e7\u00e3o deste ano.<\/p>\n<audio class=\"wp-audio-shortcode\" id=\"audio-25745-1\" preload=\"none\" style=\"width: 100%;\" controls=\"controls\"><source type=\"audio\/mpeg\" src=\"https:\/\/contarotacoes.com\/wp-content\/uploads\/2026\/03\/Amantes-dos-Ralis-Completo.mp3?_=1\" \/><a href=\"https:\/\/contarotacoes.com\/wp-content\/uploads\/2026\/03\/Amantes-dos-Ralis-Completo.mp3\">https:\/\/contarotacoes.com\/wp-content\/uploads\/2026\/03\/Amantes-dos-Ralis-Completo.mp3<\/a><\/audio>\n<p><img fetchpriority=\"high\" decoding=\"async\" class=\"aligncenter wp-image-25747 size-full\" src=\"https:\/\/contarotacoes.com\/wp-content\/uploads\/2026\/03\/641663058_26402784039346363_3428407063544740186_n.jpg\" alt=\"\" width=\"1080\" height=\"512\" srcset=\"https:\/\/contarotacoes.com\/wp-content\/uploads\/2026\/03\/641663058_26402784039346363_3428407063544740186_n.jpg 1080w, https:\/\/contarotacoes.com\/wp-content\/uploads\/2026\/03\/641663058_26402784039346363_3428407063544740186_n-300x142.jpg 300w, https:\/\/contarotacoes.com\/wp-content\/uploads\/2026\/03\/641663058_26402784039346363_3428407063544740186_n-1024x485.jpg 1024w, https:\/\/contarotacoes.com\/wp-content\/uploads\/2026\/03\/641663058_26402784039346363_3428407063544740186_n-768x364.jpg 768w, https:\/\/contarotacoes.com\/wp-content\/uploads\/2026\/03\/641663058_26402784039346363_3428407063544740186_n-18x9.jpg 18w\" sizes=\"(max-width: 1080px) 100vw, 1080px\" \/><\/p>\n","protected":false},"excerpt":{"rendered":"<p>Os &#8220;Amantes dos Ralis&#8221; voltam a juntar-se no dia 28 de Mar\u00e7o em Leiria. Depois de inicialmente previsto para o final de Janeiro (dia 31) , os efeitos da tempestade kristin levaram ao seu adiamento. A poucos dias da sua realiza\u00e7\u00e3o estivemos \u00e1 conversa com um dos seus organizadores o Paulo Jorge Ferreira que nos [&hellip;]<\/p>\n","protected":false},"author":2,"featured_media":25748,"comment_status":"open","ping_status":"open","sticky":false,"template":"","format":"standard","meta":{"_editorskit_title_hidden":false,"_editorskit_reading_time":0,"_editorskit_is_block_options_detached":false,"_editorskit_block_options_position":"{}","om_disable_all_campaigns":false,"_monsterinsights_skip_tracking":false,"_monsterinsights_sitenote_active":false,"_monsterinsights_sitenote_note":"","_monsterinsights_sitenote_category":0,"_uf_show_specific_survey":0,"_uf_disable_surveys":false,"site-sidebar-layout":"default","site-content-layout":"","ast-site-content-layout":"default","site-content-style":"default","site-sidebar-style":"default","ast-global-header-display":"","ast-banner-title-visibility":"","ast-main-header-display":"","ast-hfb-above-header-display":"","ast-hfb-below-header-display":"","ast-hfb-mobile-header-display":"","site-post-title":"","ast-breadcrumbs-content":"","ast-featured-img":"","footer-sml-layout":"","theme-transparent-header-meta":"default","adv-header-id-meta":"","stick-header-meta":"default","header-above-stick-meta":"","header-main-stick-meta":"","header-below-stick-meta":"","astra-migrate-meta-layouts":"set","ast-page-background-enabled":"default","ast-page-background-meta":{"desktop":{"background-color":"","background-image":"","background-repeat":"repeat","background-position":"center center","background-size":"auto","background-attachment":"scroll","background-type":"","background-media":"","overlay-type":"","overlay-color":"","overlay-opacity":"","overlay-gradient":""},"tablet":{"background-color":"","background-image":"","background-repeat":"repeat","background-position":"center center","background-size":"auto","background-attachment":"scroll","background-type":"","background-media":"","overlay-type":"","overlay-color":"","overlay-opacity":"","overlay-gradient":""},"mobile":{"background-color":"","background-image":"","background-repeat":"repeat","background-position":"center center","background-size":"auto","background-attachment":"scroll","background-type":"","background-media":"","overlay-type":"","overlay-color":"","overlay-opacity":"","overlay-gradient":""}},"ast-content-background-meta":{"desktop":{"background-color":"var(--ast-global-color-5)","background-image":"","background-repeat":"repeat","background-position":"center center","background-size":"auto","background-attachment":"scroll","background-type":"","background-media":"","overlay-type":"","overlay-color":"","overlay-opacity":"","overlay-gradient":""},"tablet":{"background-color":"var(--ast-global-color-5)","background-image":"","background-repeat":"repeat","background-position":"center center","background-size":"auto","background-attachment":"scroll","background-type":"","background-media":"","overlay-type":"","overlay-color":"","overlay-opacity":"","overlay-gradient":""},"mobile":{"background-color":"var(--ast-global-color-5)","background-image":"","background-repeat":"repeat","background-position":"center center","background-size":"auto","background-attachment":"scroll","background-type":"","background-media":"","overlay-type":"","overlay-color":"","overlay-opacity":"","overlay-gradient":""}},"footnotes":""},"categories":[15,118],"tags":[],"class_list":["post-25745","post","type-post","status-publish","format-standard","has-post-thumbnail","hentry","category-entrevistas","category-radio-audio"],"aioseo_notices":[],"_links":{"self":[{"href":"https:\/\/contarotacoes.com\/index.php?rest_route=\/wp\/v2\/posts\/25745","targetHints":{"allow":["GET"]}}],"collection":[{"href":"https:\/\/contarotacoes.com\/index.php?rest_route=\/wp\/v2\/posts"}],"about":[{"href":"https:\/\/contarotacoes.com\/index.php?rest_route=\/wp\/v2\/types\/post"}],"author":[{"embeddable":true,"href":"https:\/\/contarotacoes.com\/index.php?rest_route=\/wp\/v2\/users\/2"}],"replies":[{"embeddable":true,"href":"https:\/\/contarotacoes.com\/index.php?rest_route=%2Fwp%2Fv2%2Fcomments&post=25745"}],"version-history":[{"count":1,"href":"https:\/\/contarotacoes.com\/index.php?rest_route=\/wp\/v2\/posts\/25745\/revisions"}],"predecessor-version":[{"id":25749,"href":"https:\/\/contarotacoes.com\/index.php?rest_route=\/wp\/v2\/posts\/25745\/revisions\/25749"}],"wp:featuredmedia":[{"embeddable":true,"href":"https:\/\/contarotacoes.com\/index.php?rest_route=\/wp\/v2\/media\/25748"}],"wp:attachment":[{"href":"https:\/\/contarotacoes.com\/index.php?rest_route=%2Fwp%2Fv2%2Fmedia&parent=25745"}],"wp:term":[{"taxonomy":"category","embeddable":true,"href":"https:\/\/contarotacoes.com\/index.php?rest_route=%2Fwp%2Fv2%2Fcategories&post=25745"},{"taxonomy":"post_tag","embeddable":true,"href":"https:\/\/contarotacoes.com\/index.php?rest_route=%2Fwp%2Fv2%2Ftags&post=25745"}],"curies":[{"name":"wp","href":"https:\/\/api.w.org\/{rel}","templated":true}]}}