{"id":25734,"date":"2026-03-10T19:16:29","date_gmt":"2026-03-10T19:16:29","guid":{"rendered":"https:\/\/contarotacoes.com\/?p=25734"},"modified":"2026-03-10T19:16:29","modified_gmt":"2026-03-10T19:16:29","slug":"a-iveco-bus-reforca-a-sua-presenca-na-asia-central-com-novos-acordos-de-grande-importancia-no-uzbequistao","status":"publish","type":"post","link":"https:\/\/contarotacoes.com\/?p=25734","title":{"rendered":"A IVECO BUS refor\u00e7a a sua presen\u00e7a na \u00c1sia Central com novos acordos de grande import\u00e2ncia no Uzbequist\u00e3o"},"content":{"rendered":"<p style=\"text-align: justify;\"><em>A IVECO BUS prossegue a sua estrat\u00e9gia de expans\u00e3o internacional com um novo e importante avan\u00e7o na \u00c1sia Central. O construtor anuncia a assinatura de dois acordos no Uzbequist\u00e3o, abrangendo a produ\u00e7\u00e3o CKD do miniautocarro DAILY e a distribui\u00e7\u00e3o a n\u00edvel nacional da gama IVECO BUS.<\/em><\/p>\n<p style=\"text-align: justify;\"><em>\u00a0<\/em><em>O in\u00edcio da produ\u00e7\u00e3o est\u00e1 previsto para maio de 2026.<\/em><\/p>\n<p style=\"text-align: justify;\">A IVECO BUS vai refor\u00e7ar a sua presen\u00e7a no Uzbequist\u00e3o atrav\u00e9s de dois acordos que abrangem a produ\u00e7\u00e3o CKD (<em>Complete Knock Down<\/em>, ou seja, ve\u00edculos totalmente desmontados para montagem local) do miniautocarro DAILY e a distribui\u00e7\u00e3o de toda a gama IVECO BUS. A produ\u00e7\u00e3o, realizada em parceria com a Asaka Motors International LLC, est\u00e1 prevista para arrancar em maio de 2026, enquanto a distribui\u00e7\u00e3o a n\u00edvel nacional ser\u00e1 gerida pela ASAKA EFVI TRUCK AND BUS JV LLC. Os parceiros estabeleceram uma meta inicial de vendas de 500 unidades no primeiro ano e pretendem aumentar progressivamente a produ\u00e7\u00e3o e as vendas para atingir 1.000 unidades por ano em tr\u00eas anos.<\/p>\n<p style=\"text-align: justify;\"><strong>Um projeto industrial que apoia o desenvolvimento local<\/strong><\/p>\n<p style=\"text-align: justify;\">A produ\u00e7\u00e3o de ve\u00edculos em CKD representa um passo importante para a soberania industrial do Uzbequist\u00e3o e contribui para o surgimento de um forte e sustent\u00e1vel ecossistema industrial a n\u00edvel local. Este projeto mostra o empenho a longo prazo da IVECO BUS no desenvolvimento de solu\u00e7\u00f5es de mobilidade sustent\u00e1veis, ao mesmo tempo que apoia o crescimento industrial local.<\/p>\n<p style=\"text-align: justify;\">O programa de produ\u00e7\u00e3o ir\u00e1 inicialmente centrar-se na gama de miniautocarros DAILY, incluindo vers\u00f5es a gas\u00f3leo e el\u00e9tricas. Ao combinar a experi\u00eancia em engenharia da IVECO BUS com as capacidades de fabrico locais, o projeto ir\u00e1 apoiar a cria\u00e7\u00e3o de emprego, a forma\u00e7\u00e3o t\u00e9cnica e a transfer\u00eancia de compet\u00eancias no setor autom\u00f3vel do Uzbequist\u00e3o, promovendo assim o desenvolvimento industrial e tecnol\u00f3gico do pa\u00eds.<\/p>\n<p style=\"text-align: justify;\"><strong>Responder \u00e0 crescente procura por solu\u00e7\u00f5es de mobilidade<\/strong><\/p>\n<p style=\"text-align: justify;\">O dinamismo econ\u00f3mico e o desenvolvimento das infraestruturas do Uzbequist\u00e3o est\u00e3o a impulsionar uma procura crescente por solu\u00e7\u00f5es fi\u00e1veis, de alto desempenho e acess\u00edveis para o transporte de passageiros. Gra\u00e7as \u00e0 sua versatilidade, a gama de miniautocarros DAILY \u00e9 ideal para satisfazer as necessidades de v\u00e1rios segmentos, incluindo:<\/p>\n<ul style=\"text-align: justify;\">\n<li>transporte urbano e interurbano de passageiros<\/li>\n<li>frotas corporativas e institucionais<\/li>\n<li>operadores de transporte tur\u00edstico<\/li>\n<li>opera\u00e7\u00f5es de transporte (<em>shuttle<\/em>)<\/li>\n<\/ul>\n<p style=\"text-align: justify;\">A montagem local dos ve\u00edculos ir\u00e1 tamb\u00e9m garantir um custo total de propriedade competitivo, um forte apoio p\u00f3s-venda e prazos de entrega otimizados para os clientes.<\/p>\n<p style=\"text-align: justify;\">Al\u00e9m das vers\u00f5es a diesel, a IVECO BUS ir\u00e1 introduzir variantes el\u00e9tricas do miniautocarro DAILY no \u00e2mbito de um plano de eletrifica\u00e7\u00e3o progressivo. A longo prazo, o construtor pretende tamb\u00e9m explorar a introdu\u00e7\u00e3o da sua gama de autocarros com emiss\u00f5es zero, em conson\u00e2ncia com os objetivos ambientais do Uzbequist\u00e3o, apoiados por projetos-piloto e parcerias estrat\u00e9gicas nas principais \u00e1reas urbanas.<\/p>\n<p style=\"text-align: justify;\"><em>\u201cOs acordos assinados no Uzbequist\u00e3o representam um passo importante na nossa estrat\u00e9gia de crescimento internacional. Ao estabelecer a produ\u00e7\u00e3o local em CKD e uma estrutura de distribui\u00e7\u00e3o robusta, constru\u00edmos uma base s\u00f3lida para o desenvolvimento a longo prazo na \u00c1sia Central\u201d<\/em>, afirmou Sascha Kaehne, Opera\u00e7\u00f5es Comerciais de Autocarros da IVECO BUS para a zona AMAE (\u00c1sia-Pac\u00edfico, M\u00e9dio Oriente e \u00c1frica).<\/p>\n<p style=\"text-align: justify;\">\u201cEstamos orgulhosos por colaborar com a IVECO BUS no fornecimento de solu\u00e7\u00f5es avan\u00e7adas de transporte no Uzbequist\u00e3o. Esta parceria refor\u00e7a as nossas capacidades industriais e apoia a moderniza\u00e7\u00e3o da mobilidade de passageiros no pa\u00eds\u201d, afirmou Jalilov Avazbek, Diretor Executivo da Asaka Motors International LLC.<strong>\u00a0<\/strong><\/p>\n<p style=\"text-align: justify;\"><em><u>Legenda da foto, da esquerda para a direita: <\/u><\/em><\/p>\n<p style=\"text-align: justify;\"><em>1-Lutfullaev Shakhriyor &#8211; Manager of Sales and Marketing Department<\/em><\/p>\n<p style=\"text-align: justify;\"><em>2-Batayev Davronbay &#8211; Deputy Chief Executive Officer of Asaka EFVI Truck and Bus<\/em><\/p>\n<p style=\"text-align: justify;\"><em>3-Irgashev Timur &#8211; Chief Executive Officer of Asaka EFVI Truck and Bus<\/em><\/p>\n<p style=\"text-align: justify;\"><em>4-Sascha Kaehne-IVECO BUS AMEA Bus Commercial Operations<\/em><\/p>\n<p style=\"text-align: justify;\"><em>5-Jalilov Avazbek &#8211; Chief Executive Officer of Asaka Motors International<\/em><\/p>\n<p style=\"text-align: justify;\"><em>6-Ahmet \u00d6rs \u2013 IVECO BUS Commercial and Operations Director &#8211; Turkey, Caucasus and Central Asia<\/em><\/p>\n<p style=\"text-align: justify;\"><em>7-Junwei Zhou &#8211; Advanced Platforms Manager<\/em><\/p>\n<p style=\"text-align: justify;\"><em>8- Alperen Ay \u2013 IVECO BUS Commercial and Tender Manager &#8211; Turkey, Caucasus and Central Asia<\/em><\/p>\n<p style=\"text-align: justify;\"><em>1-Lutfullaev Shakhriyor &#8211; Diretor do Departamento de Vendas e Marketing<\/em><\/p>\n<p style=\"text-align: justify;\"><em>2-Batayev Davronbay &#8211; Diretor Executivo Adjunto da Asaka EFVI Truck and Bus<\/em><\/p>\n<p style=\"text-align: justify;\"><em>3-Irgashev Timur &#8211; Diretor Executivo da Asaka EFVI Truck and Bus<\/em><\/p>\n<p style=\"text-align: justify;\"><em>4-Sascha Kaehne &#8211; <\/em>Opera\u00e7\u00f5es Comerciais de Autocarros da IVECO BUS, zona AMAE<\/p>\n<p style=\"text-align: justify;\"><em>5-Jalilov Avazbek &#8211; Diretor Executivo da Asaka Motors International<\/em><\/p>\n<p style=\"text-align: justify;\"><em>6-Ahmet \u00d6rs \u2013 Diretor Comercial e de Opera\u00e7\u00f5es da IVECO BUS &#8211; Turquia, C\u00e1ucaso e \u00c1sia Central<\/em><\/p>\n<p style=\"text-align: justify;\"><em>7-Junwei Zhou &#8211; Diretor de Plataformas Avan\u00e7adas<\/em><\/p>\n<p style=\"text-align: justify;\"><em>8- Alperen Ay \u2013 Diretor Comercial e de Concursos da IVECO BUS &#8211; Turquia, C\u00e1ucaso e \u00c1sia Central<\/em><\/p>\n<p style=\"text-align: justify;\"><em>\u00a0<\/em><\/p>\n","protected":false},"excerpt":{"rendered":"<p>A IVECO BUS prossegue a sua estrat\u00e9gia de expans\u00e3o internacional com um novo e importante avan\u00e7o na \u00c1sia Central. O construtor anuncia a assinatura de dois acordos no Uzbequist\u00e3o, abrangendo a produ\u00e7\u00e3o CKD do miniautocarro DAILY e a distribui\u00e7\u00e3o a n\u00edvel nacional da gama IVECO BUS. \u00a0O in\u00edcio da produ\u00e7\u00e3o est\u00e1 previsto para maio de [&hellip;]<\/p>\n","protected":false},"author":2,"featured_media":25735,"comment_status":"open","ping_status":"open","sticky":false,"template":"","format":"standard","meta":{"_editorskit_title_hidden":false,"_editorskit_reading_time":0,"_editorskit_is_block_options_detached":false,"_editorskit_block_options_position":"{}","om_disable_all_campaigns":false,"_monsterinsights_skip_tracking":false,"_monsterinsights_sitenote_active":false,"_monsterinsights_sitenote_note":"","_monsterinsights_sitenote_category":0,"_uf_show_specific_survey":0,"_uf_disable_surveys":false,"site-sidebar-layout":"default","site-content-layout":"","ast-site-content-layout":"default","site-content-style":"default","site-sidebar-style":"default","ast-global-header-display":"","ast-banner-title-visibility":"","ast-main-header-display":"","ast-hfb-above-header-display":"","ast-hfb-below-header-display":"","ast-hfb-mobile-header-display":"","site-post-title":"","ast-breadcrumbs-content":"","ast-featured-img":"","footer-sml-layout":"","theme-transparent-header-meta":"default","adv-header-id-meta":"","stick-header-meta":"default","header-above-stick-meta":"","header-main-stick-meta":"","header-below-stick-meta":"","astra-migrate-meta-layouts":"set","ast-page-background-enabled":"default","ast-page-background-meta":{"desktop":{"background-color":"","background-image":"","background-repeat":"repeat","background-position":"center center","background-size":"auto","background-attachment":"scroll","background-type":"","background-media":"","overlay-type":"","overlay-color":"","overlay-opacity":"","overlay-gradient":""},"tablet":{"background-color":"","background-image":"","background-repeat":"repeat","background-position":"center center","background-size":"auto","background-attachment":"scroll","background-type":"","background-media":"","overlay-type":"","overlay-color":"","overlay-opacity":"","overlay-gradient":""},"mobile":{"background-color":"","background-image":"","background-repeat":"repeat","background-position":"center center","background-size":"auto","background-attachment":"scroll","background-type":"","background-media":"","overlay-type":"","overlay-color":"","overlay-opacity":"","overlay-gradient":""}},"ast-content-background-meta":{"desktop":{"background-color":"var(--ast-global-color-5)","background-image":"","background-repeat":"repeat","background-position":"center center","background-size":"auto","background-attachment":"scroll","background-type":"","background-media":"","overlay-type":"","overlay-color":"","overlay-opacity":"","overlay-gradient":""},"tablet":{"background-color":"var(--ast-global-color-5)","background-image":"","background-repeat":"repeat","background-position":"center center","background-size":"auto","background-attachment":"scroll","background-type":"","background-media":"","overlay-type":"","overlay-color":"","overlay-opacity":"","overlay-gradient":""},"mobile":{"background-color":"var(--ast-global-color-5)","background-image":"","background-repeat":"repeat","background-position":"center center","background-size":"auto","background-attachment":"scroll","background-type":"","background-media":"","overlay-type":"","overlay-color":"","overlay-opacity":"","overlay-gradient":""}},"footnotes":""},"categories":[13],"tags":[],"class_list":["post-25734","post","type-post","status-publish","format-standard","has-post-thumbnail","hentry","category-comercio"],"aioseo_notices":[],"_links":{"self":[{"href":"https:\/\/contarotacoes.com\/index.php?rest_route=\/wp\/v2\/posts\/25734","targetHints":{"allow":["GET"]}}],"collection":[{"href":"https:\/\/contarotacoes.com\/index.php?rest_route=\/wp\/v2\/posts"}],"about":[{"href":"https:\/\/contarotacoes.com\/index.php?rest_route=\/wp\/v2\/types\/post"}],"author":[{"embeddable":true,"href":"https:\/\/contarotacoes.com\/index.php?rest_route=\/wp\/v2\/users\/2"}],"replies":[{"embeddable":true,"href":"https:\/\/contarotacoes.com\/index.php?rest_route=%2Fwp%2Fv2%2Fcomments&post=25734"}],"version-history":[{"count":1,"href":"https:\/\/contarotacoes.com\/index.php?rest_route=\/wp\/v2\/posts\/25734\/revisions"}],"predecessor-version":[{"id":25736,"href":"https:\/\/contarotacoes.com\/index.php?rest_route=\/wp\/v2\/posts\/25734\/revisions\/25736"}],"wp:featuredmedia":[{"embeddable":true,"href":"https:\/\/contarotacoes.com\/index.php?rest_route=\/wp\/v2\/media\/25735"}],"wp:attachment":[{"href":"https:\/\/contarotacoes.com\/index.php?rest_route=%2Fwp%2Fv2%2Fmedia&parent=25734"}],"wp:term":[{"taxonomy":"category","embeddable":true,"href":"https:\/\/contarotacoes.com\/index.php?rest_route=%2Fwp%2Fv2%2Fcategories&post=25734"},{"taxonomy":"post_tag","embeddable":true,"href":"https:\/\/contarotacoes.com\/index.php?rest_route=%2Fwp%2Fv2%2Ftags&post=25734"}],"curies":[{"name":"wp","href":"https:\/\/api.w.org\/{rel}","templated":true}]}}