{"id":25731,"date":"2026-03-10T12:01:09","date_gmt":"2026-03-10T12:01:09","guid":{"rendered":"https:\/\/contarotacoes.com\/?p=25731"},"modified":"2026-03-10T12:01:09","modified_gmt":"2026-03-10T12:01:09","slug":"ebro-acelera-em-espanha-rumo-a-portugal","status":"publish","type":"post","link":"https:\/\/contarotacoes.com\/?p=25731","title":{"rendered":"EBRO acelera em Espanha rumo a Portugal"},"content":{"rendered":"<ul>\n<li style=\"font-weight: 400; text-align: justify;\"><strong><em>4% do mercado SUV e mais de 2.300 unidades em fevereiro<\/em><\/strong><\/li>\n<li style=\"text-align: justify;\"><strong style=\"font-size: 16px;\">s700 lidera entre gasolina e PHEV; s800 e s900 no p\u00f3dio e s400 no Top 5 dos h\u00edbridos urbanos. Marca chega ao mercado nacional no 1\u00ba semestre<\/strong><strong style=\"font-size: 16px;\">\u00a0<\/strong><\/li>\n<\/ul>\n<p style=\"font-weight: 400; text-align: justify;\">A EBRO continua a consolidar o seu crescimento no mercado espanhol e encerrou o m\u00eas fevereiro com 2.361 unidades matriculadas, elevando o acumulado anual para 4.066 ve\u00edculos e refor\u00e7ando um ritmo de expans\u00e3o muito acima da m\u00e9dia do setor. Num contexto em que aumenta 4,6% no acumulado do ano, a marca j\u00e1 atinge uma quota de 2,4% do mercado total e 3,7% no segmento estrat\u00e9gico SUV, onde ocupa a 11.\u00aa posi\u00e7\u00e3o no\u00a0<em>ranking<\/em>\u00a0por volume. No conjunto do mercado, a EBRO ocupa a 18.\u00aa posi\u00e7\u00e3o e ultrapassa as 16.500 unidades matriculadas desde o seu relan\u00e7amento h\u00e1 apenas um ano, confirmando a solidez e a r\u00e1pida consolida\u00e7\u00e3o do seu projeto industrial e comercial.<\/p>\n<p style=\"font-weight: 400; text-align: justify;\">Refira-se que este crescimento \u00e9 sustentado principalmente pela for\u00e7a do canal particular, que se consolida como um dos grandes eixos do projeto. Mais de 60% das matr\u00edculas registadas entre janeiro e fevereiro correspondem a clientes particulares, uma propor\u00e7\u00e3o muito superior \u00e0 m\u00e9dia do mercado e que evidencia a confian\u00e7a do cliente final na marca e na sua proposta de valor.<\/p>\n<p style=\"font-weight: 400; text-align: justify;\">O EBRO s400 volta a consolidar-se como um dos grandes impulsionadores do crescimento da marca. Em fevereiro, o modelo registou 1.128 matr\u00edculas, o que o coloca na quinta posi\u00e7\u00e3o do segmento A0 SUV HEV e lhe permite atingir uma quota destacada de 9,3%.<\/p>\n<p style=\"font-weight: 400; text-align: justify;\">No acumulado do exerc\u00edcio, o modelo j\u00e1 soma 2.061 unidades, reafirmando o seu peso estrat\u00e9gico dentro do portf\u00f3lio da marca. A sua presen\u00e7a entre os cinco modelos mais vendidos da categoria evidencia a r\u00e1pida e s\u00f3lida aceita\u00e7\u00e3o do produto num dos subsegmentos mais din\u00e2micos e competitivos do mercado.<\/p>\n<p style=\"font-weight: 400; text-align: justify;\">Tamb\u00e9m o EBRO s700 assinala um dos desempenhos mais not\u00e1veis do m\u00eas e consolida a sua posi\u00e7\u00e3o como refer\u00eancia na sua categoria. Com 680 unidades matriculadas em fevereiro, posiciona-se como l\u00edder do segmento SUV m\u00e9dio no c\u00e1lculo conjunto de gasolina e PHEV, alcan\u00e7ando uma quota de 11,1% e liderando a classifica\u00e7\u00e3o combinada de ambas as tecnologias.<\/p>\n<p style=\"font-weight: 400; text-align: justify;\">A divis\u00e3o por motoriza\u00e7\u00f5es refor\u00e7a a solidez da sua proposta. Em gasolina, o s700 \u00e9 l\u00edder absoluto do segmento, com uma quota impactante de 30,3%, concentrando praticamente um ter\u00e7o do mercado. No \u00e2mbito dos h\u00edbridos\u00a0<em>plug-in<\/em>, posiciona-se como o segundo modelo mais vendido da sua categoria, com uma quota de 12,8%, confirmando assim a sua for\u00e7a tanto nas vers\u00f5es de combust\u00e3o eficiente como na eletrifica\u00e7\u00e3o\u00a0<em>plug-in<\/em>.<\/p>\n<p style=\"font-weight: 400; text-align: justify;\">No acumulado de janeiro-fevereiro, o s700 totaliza 1.148 unidades matriculadas, refor\u00e7ando o seu papel como um dos pilares da gama SUV da marca. A pr\u00f3xima incorpora\u00e7\u00e3o da variante h\u00edbrida com etiqueta ECO ampliar\u00e1 a sua cobertura tecnol\u00f3gica e refor\u00e7ar\u00e1 a competitividade do modelo.<\/p>\n<p style=\"font-weight: 400; text-align: justify;\">J\u00e1 o EBRO s800 continua a consolidar a sua posi\u00e7\u00e3o no segmento superior e encerra fevereiro com 275 unidades matriculadas. Este resultado posiciona o modelo na terceira posi\u00e7\u00e3o do segmento de SUV grandes no c\u00e1lculo conjunto de gasolina e PHEV, alcan\u00e7ando uma quota s\u00f3lida de 13,3% e consolidando a sua presen\u00e7a numa das categorias de maior valor do mercado.<\/p>\n<p style=\"font-weight: 400; text-align: justify;\">Por tecnologias, o modelo apresenta um desempenho especialmente s\u00f3lido na sua vers\u00e3o a gasolina, onde lidera claramente a sua categoria, com uma quota de 89,5%, refletindo o seu dom\u00ednio neste subsegmento espec\u00edfico. Na variante h\u00edbrida\u00a0<em>plug-in<\/em>\u00a0(PHEV), o s800 posiciona-se em quarto lugar, com uma quota de 8,7%, mantendo uma presen\u00e7a totalmente competitiva no \u00e2mbito da eletrifica\u00e7\u00e3o.<\/p>\n<p style=\"font-weight: 400; text-align: justify;\">No acumulado do exerc\u00edcio, o modelo soma 458 unidades matriculadas, refor\u00e7ando o posicionamento da EBRO no segmento dos SUV de maior dimens\u00e3o e consolidando a sua proposta na gama alta.<\/p>\n<p style=\"font-weight: 400; text-align: justify;\">Por fim, o carro\u00a0bandeira da marca \u2013 o novo EBRO s900 PHEV 4&#215;4 \u2013 registou 219 matr\u00edculas em fevereiro, um resultado que o coloca no top 3 do segmento D SUV PHEV e alcan\u00e7a uma quota de 10,7%, consolidando a sua entrada numa das categorias mais din\u00e2micas dentro da eletrifica\u00e7\u00e3o.<\/p>\n<p style=\"font-weight: 400; text-align: justify;\">No acumulado de janeiro-fevereiro, o modelo soma 399 unidades, consolidando-se como uma das propostas mais competitivas entre os SUV h\u00edbridos\u00a0<em>plug-in de<\/em>\u00a0maior dimens\u00e3o e refor\u00e7ando o posicionamento da marca no segmento superior da gama.<\/p>\n<p style=\"font-weight: 400; text-align: justify;\">Estes resultados confirmam a solidez do projeto industrial da EBRO, apoiado por uma rede comercial que j\u00e1 conta com 86 pontos de venda em Espanha e pela produ\u00e7\u00e3o na EBRO Factory, em Barcelona.<\/p>\n<p style=\"font-weight: 400; text-align: justify;\">Recorde-se que a EBRO prepara a sua entrada no mercado portugu\u00eas atrav\u00e9s do Grupo MCoutinho, respons\u00e1vel pela distribui\u00e7\u00e3o e desenvolvimento da marca. A comercializa\u00e7\u00e3o arranca no primeiro semestre, com a implementa\u00e7\u00e3o progressiva da rede de concession\u00e1rios.<\/p>\n<p style=\"font-weight: 400; text-align: justify;\">Para o CEO da EBRO SUV, Pedro Calef, \u201cestes resultados confirmam que o projeto EBRO avan\u00e7a a passos firmes e que a nossa proposta multi-energia est\u00e1 a conectar-se com o cliente. O crescimento sustentado no canal particular e o nosso posicionamento nos principais segmentos SUV demonstram que estamos a construir uma marca s\u00f3lida e competitiva. A chegada do s700 HEV refor\u00e7ar\u00e1 ainda mais a nossa oferta, permitindo-nos ser a primeira gama da EBRO com as tr\u00eas etiquetas ambientais e ampliando as nossas oportunidades de crescimento em 2026\u201d.<\/p>\n","protected":false},"excerpt":{"rendered":"<p>4% do mercado SUV e mais de 2.300 unidades em fevereiro s700 lidera entre gasolina e PHEV; s800 e s900 no p\u00f3dio e s400 no Top 5 dos h\u00edbridos urbanos. Marca chega ao mercado nacional no 1\u00ba semestre\u00a0 A EBRO continua a consolidar o seu crescimento no mercado espanhol e encerrou o m\u00eas fevereiro com [&hellip;]<\/p>\n","protected":false},"author":2,"featured_media":25732,"comment_status":"open","ping_status":"open","sticky":false,"template":"","format":"standard","meta":{"_editorskit_title_hidden":false,"_editorskit_reading_time":0,"_editorskit_is_block_options_detached":false,"_editorskit_block_options_position":"{}","om_disable_all_campaigns":false,"_monsterinsights_skip_tracking":false,"_monsterinsights_sitenote_active":false,"_monsterinsights_sitenote_note":"","_monsterinsights_sitenote_category":0,"_uf_show_specific_survey":0,"_uf_disable_surveys":false,"site-sidebar-layout":"default","site-content-layout":"","ast-site-content-layout":"default","site-content-style":"default","site-sidebar-style":"default","ast-global-header-display":"","ast-banner-title-visibility":"","ast-main-header-display":"","ast-hfb-above-header-display":"","ast-hfb-below-header-display":"","ast-hfb-mobile-header-display":"","site-post-title":"","ast-breadcrumbs-content":"","ast-featured-img":"","footer-sml-layout":"","theme-transparent-header-meta":"default","adv-header-id-meta":"","stick-header-meta":"default","header-above-stick-meta":"","header-main-stick-meta":"","header-below-stick-meta":"","astra-migrate-meta-layouts":"set","ast-page-background-enabled":"default","ast-page-background-meta":{"desktop":{"background-color":"","background-image":"","background-repeat":"repeat","background-position":"center center","background-size":"auto","background-attachment":"scroll","background-type":"","background-media":"","overlay-type":"","overlay-color":"","overlay-opacity":"","overlay-gradient":""},"tablet":{"background-color":"","background-image":"","background-repeat":"repeat","background-position":"center center","background-size":"auto","background-attachment":"scroll","background-type":"","background-media":"","overlay-type":"","overlay-color":"","overlay-opacity":"","overlay-gradient":""},"mobile":{"background-color":"","background-image":"","background-repeat":"repeat","background-position":"center center","background-size":"auto","background-attachment":"scroll","background-type":"","background-media":"","overlay-type":"","overlay-color":"","overlay-opacity":"","overlay-gradient":""}},"ast-content-background-meta":{"desktop":{"background-color":"var(--ast-global-color-5)","background-image":"","background-repeat":"repeat","background-position":"center center","background-size":"auto","background-attachment":"scroll","background-type":"","background-media":"","overlay-type":"","overlay-color":"","overlay-opacity":"","overlay-gradient":""},"tablet":{"background-color":"var(--ast-global-color-5)","background-image":"","background-repeat":"repeat","background-position":"center center","background-size":"auto","background-attachment":"scroll","background-type":"","background-media":"","overlay-type":"","overlay-color":"","overlay-opacity":"","overlay-gradient":""},"mobile":{"background-color":"var(--ast-global-color-5)","background-image":"","background-repeat":"repeat","background-position":"center center","background-size":"auto","background-attachment":"scroll","background-type":"","background-media":"","overlay-type":"","overlay-color":"","overlay-opacity":"","overlay-gradient":""}},"footnotes":""},"categories":[13],"tags":[],"class_list":["post-25731","post","type-post","status-publish","format-standard","has-post-thumbnail","hentry","category-comercio"],"aioseo_notices":[],"_links":{"self":[{"href":"https:\/\/contarotacoes.com\/index.php?rest_route=\/wp\/v2\/posts\/25731","targetHints":{"allow":["GET"]}}],"collection":[{"href":"https:\/\/contarotacoes.com\/index.php?rest_route=\/wp\/v2\/posts"}],"about":[{"href":"https:\/\/contarotacoes.com\/index.php?rest_route=\/wp\/v2\/types\/post"}],"author":[{"embeddable":true,"href":"https:\/\/contarotacoes.com\/index.php?rest_route=\/wp\/v2\/users\/2"}],"replies":[{"embeddable":true,"href":"https:\/\/contarotacoes.com\/index.php?rest_route=%2Fwp%2Fv2%2Fcomments&post=25731"}],"version-history":[{"count":1,"href":"https:\/\/contarotacoes.com\/index.php?rest_route=\/wp\/v2\/posts\/25731\/revisions"}],"predecessor-version":[{"id":25733,"href":"https:\/\/contarotacoes.com\/index.php?rest_route=\/wp\/v2\/posts\/25731\/revisions\/25733"}],"wp:featuredmedia":[{"embeddable":true,"href":"https:\/\/contarotacoes.com\/index.php?rest_route=\/wp\/v2\/media\/25732"}],"wp:attachment":[{"href":"https:\/\/contarotacoes.com\/index.php?rest_route=%2Fwp%2Fv2%2Fmedia&parent=25731"}],"wp:term":[{"taxonomy":"category","embeddable":true,"href":"https:\/\/contarotacoes.com\/index.php?rest_route=%2Fwp%2Fv2%2Fcategories&post=25731"},{"taxonomy":"post_tag","embeddable":true,"href":"https:\/\/contarotacoes.com\/index.php?rest_route=%2Fwp%2Fv2%2Ftags&post=25731"}],"curies":[{"name":"wp","href":"https:\/\/api.w.org\/{rel}","templated":true}]}}