{"id":25721,"date":"2026-03-10T11:19:32","date_gmt":"2026-03-10T11:19:32","guid":{"rendered":"https:\/\/contarotacoes.com\/?p=25721"},"modified":"2026-03-10T11:19:32","modified_gmt":"2026-03-10T11:19:32","slug":"oeiras-eco-rally-portugal-regressa-de-13-a-15-de-marco","status":"publish","type":"post","link":"https:\/\/contarotacoes.com\/?p=25721","title":{"rendered":"Oeiras Eco Rally Portugal regressa de 13 a 15 de mar\u00e7o"},"content":{"rendered":"<div class=\"x14z9mp xat24cr x1lziwak x1vvkbs xtlvy1s x126k92a\">\n<div dir=\"auto\" style=\"text-align: justify;\">Entre os dias 13 e 15 de mar\u00e7o, um total de 45 equipas nacionais e internacionais v\u00e3o disputar a 9\u00aa edi\u00e7\u00e3o do Oeiras Eco Rally Portugal, uma competi\u00e7\u00e3o dedicada \u00e0 mobilidade sustent\u00e1vel e \u00e0 promo\u00e7\u00e3o das energias alternativas.<\/div>\n<\/div>\n<div class=\"x14z9mp xat24cr x1lziwak x1vvkbs xtlvy1s x126k92a\" style=\"text-align: justify;\">\n<div dir=\"auto\">A competi\u00e7\u00e3o ser\u00e1 a primeira prova do Campeonato de Portugal de Novas Energias PRIO 2026, integrando igualmente o calend\u00e1rio internacional da FIA uma vez que pontua para a FIA Eco Rally Cup, o campeonato mundial da modalidade.<\/div>\n<\/div>\n<div class=\"x14z9mp xat24cr x1lziwak x1vvkbs xtlvy1s x126k92a\" style=\"text-align: justify;\">\n<div dir=\"auto\">O evento re\u00fane equipas que competem exclusivamente com ve\u00edculos el\u00e9tricos de s\u00e9rie, colocando \u00e0 prova a efici\u00eancia energ\u00e9tica, a regularidade e a capacidade de gest\u00e3o de autonomia dos autom\u00f3veis. Mais do que velocidade, o Eco Rally valoriza a condu\u00e7\u00e3o eficiente e a utiliza\u00e7\u00e3o inteligente dos recursos energ\u00e9ticos at\u00e9 porque, sendo uma prova oficial FIA, o Oeiras Eco Rally tem pontua\u00e7\u00f5es individuais, tanto da componente de regularidade, como de efici\u00eancia energ\u00e9tica, sendo o vencedor absoluto definido atrav\u00e9s da conjuga\u00e7\u00e3o dos resultados de ambas as modalidades, assumindo a efici\u00eancia energ\u00e9tica um papel de grande relev\u00e2ncia.<\/div>\n<\/div>\n<div class=\"x14z9mp xat24cr x1lziwak x1vvkbs xtlvy1s x126k92a\" style=\"text-align: justify;\">\n<div dir=\"auto\">Ao longo de v\u00e1rios dias, as equipas percorrer\u00e3o diferentes estradas da regi\u00e3o, num percurso que combina desafio desportivo com a valoriza\u00e7\u00e3o do territ\u00f3rio. O centro nevr\u00e1lgico da prova estar\u00e1 novamente em Oeiras, munic\u00edpio que tem vindo a afirmar-se como um polo de inova\u00e7\u00e3o tecnol\u00f3gica e de promo\u00e7\u00e3o de solu\u00e7\u00f5es sustent\u00e1veis para a mobilidade.<\/div>\n<\/div>\n<div class=\"x14z9mp xat24cr x1lziwak x1vvkbs xtlvy1s x126k92a\" style=\"text-align: justify;\">\n<div dir=\"auto\">Para al\u00e9m da dimens\u00e3o competitiva, o Oeiras Eco Rally Portugal assume tamb\u00e9m um importante papel de sensibiliza\u00e7\u00e3o p\u00fablica para as quest\u00f5es ambientais. Ao promover o uso de ve\u00edculos el\u00e9tricos e de novas solu\u00e7\u00f5es energ\u00e9ticas, o evento contribui para refor\u00e7ar a consci\u00eancia coletiva sobre a necessidade de reduzir emiss\u00f5es e acelerar a transi\u00e7\u00e3o para modelos de mobilidade mais sustent\u00e1veis.<\/div>\n<\/div>\n<div class=\"x14z9mp xat24cr x1lziwak x1vvkbs xtlvy1s x126k92a\" style=\"text-align: justify;\">\n<div dir=\"auto\">A iniciativa conta com o apoio de v\u00e1rias entidades institucionais e parceiros do setor energ\u00e9tico e autom\u00f3vel, consolidando-se como uma refer\u00eancia no panorama do desporto autom\u00f3vel sustent\u00e1vel em Portugal.<\/div>\n<\/div>\n<div class=\"x14z9mp xat24cr x1lziwak x1vvkbs xtlvy1s x126k92a\" style=\"text-align: justify;\">\n<div dir=\"auto\">De referir que este ano, fruto do mau tempo que assolou o territ\u00f3rio nacional em finais de janeiro e fevereiro, deixando muitas estradas intransit\u00e1veis, houve um esfor\u00e7o assinal\u00e1vel por parte da organiza\u00e7\u00e3o para, em tempo recorde, preparar todo um novo tra\u00e7ado que permitisse corresponder aos objetivos de pilotos e equipas, e, simultaneamente, aos padr\u00f5es de exig\u00eancia da FIA.<\/div>\n<\/div>\n<div class=\"x14z9mp xat24cr x1lziwak x1vvkbs xtlvy1s x126k92a\">\n<div dir=\"auto\" style=\"text-align: justify;\">A realizar a sua nona edi\u00e7\u00e3o, o Oeiras Eco Rally Portugal afirma-se como um evento que alia inova\u00e7\u00e3o, sustentabilidade e competi\u00e7\u00e3o, posicionando o pa\u00eds e o concelho de Oeiras na linha da frente da mobilidade el\u00e9trica e das novas energias.<\/div>\n<\/div>\n","protected":false},"excerpt":{"rendered":"<p>Entre os dias 13 e 15 de mar\u00e7o, um total de 45 equipas nacionais e internacionais v\u00e3o disputar a 9\u00aa edi\u00e7\u00e3o do Oeiras Eco Rally Portugal, uma competi\u00e7\u00e3o dedicada \u00e0 mobilidade sustent\u00e1vel e \u00e0 promo\u00e7\u00e3o das energias alternativas. A competi\u00e7\u00e3o ser\u00e1 a primeira prova do Campeonato de Portugal de Novas Energias PRIO 2026, integrando igualmente [&hellip;]<\/p>\n","protected":false},"author":2,"featured_media":25722,"comment_status":"open","ping_status":"open","sticky":false,"template":"","format":"standard","meta":{"_editorskit_title_hidden":false,"_editorskit_reading_time":0,"_editorskit_is_block_options_detached":false,"_editorskit_block_options_position":"{}","om_disable_all_campaigns":false,"_monsterinsights_skip_tracking":false,"_monsterinsights_sitenote_active":false,"_monsterinsights_sitenote_note":"","_monsterinsights_sitenote_category":0,"_uf_show_specific_survey":0,"_uf_disable_surveys":false,"site-sidebar-layout":"default","site-content-layout":"","ast-site-content-layout":"default","site-content-style":"default","site-sidebar-style":"default","ast-global-header-display":"","ast-banner-title-visibility":"","ast-main-header-display":"","ast-hfb-above-header-display":"","ast-hfb-below-header-display":"","ast-hfb-mobile-header-display":"","site-post-title":"","ast-breadcrumbs-content":"","ast-featured-img":"","footer-sml-layout":"","theme-transparent-header-meta":"default","adv-header-id-meta":"","stick-header-meta":"default","header-above-stick-meta":"","header-main-stick-meta":"","header-below-stick-meta":"","astra-migrate-meta-layouts":"set","ast-page-background-enabled":"default","ast-page-background-meta":{"desktop":{"background-color":"","background-image":"","background-repeat":"repeat","background-position":"center center","background-size":"auto","background-attachment":"scroll","background-type":"","background-media":"","overlay-type":"","overlay-color":"","overlay-opacity":"","overlay-gradient":""},"tablet":{"background-color":"","background-image":"","background-repeat":"repeat","background-position":"center center","background-size":"auto","background-attachment":"scroll","background-type":"","background-media":"","overlay-type":"","overlay-color":"","overlay-opacity":"","overlay-gradient":""},"mobile":{"background-color":"","background-image":"","background-repeat":"repeat","background-position":"center center","background-size":"auto","background-attachment":"scroll","background-type":"","background-media":"","overlay-type":"","overlay-color":"","overlay-opacity":"","overlay-gradient":""}},"ast-content-background-meta":{"desktop":{"background-color":"var(--ast-global-color-5)","background-image":"","background-repeat":"repeat","background-position":"center center","background-size":"auto","background-attachment":"scroll","background-type":"","background-media":"","overlay-type":"","overlay-color":"","overlay-opacity":"","overlay-gradient":""},"tablet":{"background-color":"var(--ast-global-color-5)","background-image":"","background-repeat":"repeat","background-position":"center center","background-size":"auto","background-attachment":"scroll","background-type":"","background-media":"","overlay-type":"","overlay-color":"","overlay-opacity":"","overlay-gradient":""},"mobile":{"background-color":"var(--ast-global-color-5)","background-image":"","background-repeat":"repeat","background-position":"center center","background-size":"auto","background-attachment":"scroll","background-type":"","background-media":"","overlay-type":"","overlay-color":"","overlay-opacity":"","overlay-gradient":""}},"footnotes":""},"categories":[11],"tags":[],"class_list":["post-25721","post","type-post","status-publish","format-standard","has-post-thumbnail","hentry","category-noticias"],"aioseo_notices":[],"_links":{"self":[{"href":"https:\/\/contarotacoes.com\/index.php?rest_route=\/wp\/v2\/posts\/25721","targetHints":{"allow":["GET"]}}],"collection":[{"href":"https:\/\/contarotacoes.com\/index.php?rest_route=\/wp\/v2\/posts"}],"about":[{"href":"https:\/\/contarotacoes.com\/index.php?rest_route=\/wp\/v2\/types\/post"}],"author":[{"embeddable":true,"href":"https:\/\/contarotacoes.com\/index.php?rest_route=\/wp\/v2\/users\/2"}],"replies":[{"embeddable":true,"href":"https:\/\/contarotacoes.com\/index.php?rest_route=%2Fwp%2Fv2%2Fcomments&post=25721"}],"version-history":[{"count":1,"href":"https:\/\/contarotacoes.com\/index.php?rest_route=\/wp\/v2\/posts\/25721\/revisions"}],"predecessor-version":[{"id":25723,"href":"https:\/\/contarotacoes.com\/index.php?rest_route=\/wp\/v2\/posts\/25721\/revisions\/25723"}],"wp:featuredmedia":[{"embeddable":true,"href":"https:\/\/contarotacoes.com\/index.php?rest_route=\/wp\/v2\/media\/25722"}],"wp:attachment":[{"href":"https:\/\/contarotacoes.com\/index.php?rest_route=%2Fwp%2Fv2%2Fmedia&parent=25721"}],"wp:term":[{"taxonomy":"category","embeddable":true,"href":"https:\/\/contarotacoes.com\/index.php?rest_route=%2Fwp%2Fv2%2Fcategories&post=25721"},{"taxonomy":"post_tag","embeddable":true,"href":"https:\/\/contarotacoes.com\/index.php?rest_route=%2Fwp%2Fv2%2Ftags&post=25721"}],"curies":[{"name":"wp","href":"https:\/\/api.w.org\/{rel}","templated":true}]}}