{"id":25697,"date":"2026-03-09T21:25:07","date_gmt":"2026-03-09T21:25:07","guid":{"rendered":"https:\/\/contarotacoes.com\/?p=25697"},"modified":"2026-03-09T21:25:07","modified_gmt":"2026-03-09T21:25:07","slug":"alteracao-ao-calendario-2026-do-campeonato-de-portugal-de-montanha-jc-group","status":"publish","type":"post","link":"https:\/\/contarotacoes.com\/?p=25697","title":{"rendered":"Altera\u00e7\u00e3o ao Calend\u00e1rio 2026 do Campeonato de Portugal de Montanha JC Group"},"content":{"rendered":"<div class=\"x14z9mp xat24cr x1lziwak x1vvkbs xtlvy1s x126k92a\">\n<div dir=\"auto\" style=\"text-align: justify;\">A Dire\u00e7\u00e3o da FPAK, na sequ\u00eancia de uma an\u00e1lise efetuada \u00e0 estrutura competitiva prevista para o Campeonato de Portugal de Montanha JC Group 2026 e ap\u00f3s ausculta\u00e7\u00e3o da APPAM, cujo parecer foi favor\u00e1vel, deliberou proceder a uma atualiza\u00e7\u00e3o do calend\u00e1rio da competi\u00e7\u00e3o, no quadro da sua responsabilidade de orienta\u00e7\u00e3o estrat\u00e9gica, valoriza\u00e7\u00e3o das modalidades e promo\u00e7\u00e3o do interesse desportivo geral.<\/div>\n<\/div>\n<div class=\"x14z9mp xat24cr x1lziwak x1vvkbs xtlvy1s x126k92a\" style=\"text-align: justify;\">\n<div dir=\"auto\">A defini\u00e7\u00e3o do calend\u00e1rio para 2026 previa, inicialmente, a realiza\u00e7\u00e3o de sete provas, n\u00famero inferior ao registado tanto na \u00e9poca de 2025 como nas anteriores. Neste contexto, e tendo presente a trajet\u00f3ria de crescimento, afirma\u00e7\u00e3o e notoriedade que o Campeonato de Portugal de Montanha JC Group tem vindo a consolidar, entendeu a Dire\u00e7\u00e3o da FPAK, que se justificava a promo\u00e7\u00e3o da \u00fanica prova candidata ao escal\u00e3o principal, a Rampa do Caramulo, preservando a din\u00e2mica evolutiva da disciplina.<\/div>\n<\/div>\n<div class=\"x14z9mp xat24cr x1lziwak x1vvkbs xtlvy1s x126k92a\" style=\"text-align: justify;\">\n<div dir=\"auto\">Em respeito pelo trabalho de planeamento j\u00e1 desenvolvido pelos clubes organizadores anteriormente integrados no calend\u00e1rio, e por forma a assegurar previsibilidade, equil\u00edbrio organizativo e estabilidade na execu\u00e7\u00e3o da \u00e9poca desportiva, foi igualmente deliberado que a nova prova se realizar\u00e1 no encerramento da temporada, nos dias 24 e 25 de outubro de 2026.<\/div>\n<\/div>\n<div class=\"x14z9mp xat24cr x1lziwak x1vvkbs xtlvy1s x126k92a\" style=\"text-align: justify;\">\n<div dir=\"auto\">Importa, ainda, sublinhar que esta altera\u00e7\u00e3o foi tida com particular aten\u00e7\u00e3o \u00e0 din\u00e2mica competitiva dos participantes, n\u00e3o representando qualquer agravamento em termos de exig\u00eancia financeira ou log\u00edstica.<\/div>\n<\/div>\n<div class=\"x14z9mp xat24cr x1lziwak x1vvkbs xtlvy1s x126k92a\" style=\"text-align: justify;\">\n<div dir=\"auto\">Mant\u00e9m-se, a obrigatoriedade de participa\u00e7\u00e3o em seis provas, nos exatos termos j\u00e1 publicados.<\/div>\n<\/div>\n<div class=\"x14z9mp xat24cr x1lziwak x1vvkbs xtlvy1s x126k92a\" style=\"text-align: justify;\">\n<div dir=\"auto\">Com esta atualiza\u00e7\u00e3o, o campeonato passa a integrar oito provas, passando os pilotos a dispor de dois resultados para descarte, em substitui\u00e7\u00e3o do modelo anterior de um \u00fanico descarte.<\/div>\n<div dir=\"auto\">Em virtude desta inclus\u00e3o, a majora\u00e7\u00e3o de pontua\u00e7\u00e3o na \u00faltima prova do campeonato fica suspensa garantindo assim o equil\u00edbrio desportivo at\u00e9 ao final da \u00e9poca, n\u00e3o penalizando qualquer planeamento j\u00e1 estruturado por equipas e pilotos.<\/div>\n<\/div>\n<div class=\"x14z9mp xat24cr x1lziwak x1vvkbs xtlvy1s x126k92a\">\n<div dir=\"auto\" style=\"text-align: justify;\">Esta decis\u00e3o enquadra-se numa linha de atua\u00e7\u00e3o federativa orientada para a consolida\u00e7\u00e3o sustentada das competi\u00e7\u00f5es nacionais, para o crescimento e para o refor\u00e7o da qualidade, visibilidade e competitividade do Campeonato de Portugal de Montanha JC Group, enquanto refer\u00eancia da disciplina no panorama automobil\u00edstico nacional.<\/div>\n<\/div>\n","protected":false},"excerpt":{"rendered":"<p>A Dire\u00e7\u00e3o da FPAK, na sequ\u00eancia de uma an\u00e1lise efetuada \u00e0 estrutura competitiva prevista para o Campeonato de Portugal de Montanha JC Group 2026 e ap\u00f3s ausculta\u00e7\u00e3o da APPAM, cujo parecer foi favor\u00e1vel, deliberou proceder a uma atualiza\u00e7\u00e3o do calend\u00e1rio da competi\u00e7\u00e3o, no quadro da sua responsabilidade de orienta\u00e7\u00e3o estrat\u00e9gica, valoriza\u00e7\u00e3o das modalidades e promo\u00e7\u00e3o [&hellip;]<\/p>\n","protected":false},"author":2,"featured_media":25698,"comment_status":"open","ping_status":"open","sticky":false,"template":"","format":"standard","meta":{"_editorskit_title_hidden":false,"_editorskit_reading_time":0,"_editorskit_is_block_options_detached":false,"_editorskit_block_options_position":"{}","om_disable_all_campaigns":false,"_monsterinsights_skip_tracking":false,"_monsterinsights_sitenote_active":false,"_monsterinsights_sitenote_note":"","_monsterinsights_sitenote_category":0,"_uf_show_specific_survey":0,"_uf_disable_surveys":false,"site-sidebar-layout":"default","site-content-layout":"","ast-site-content-layout":"default","site-content-style":"default","site-sidebar-style":"default","ast-global-header-display":"","ast-banner-title-visibility":"","ast-main-header-display":"","ast-hfb-above-header-display":"","ast-hfb-below-header-display":"","ast-hfb-mobile-header-display":"","site-post-title":"","ast-breadcrumbs-content":"","ast-featured-img":"","footer-sml-layout":"","theme-transparent-header-meta":"default","adv-header-id-meta":"","stick-header-meta":"default","header-above-stick-meta":"","header-main-stick-meta":"","header-below-stick-meta":"","astra-migrate-meta-layouts":"set","ast-page-background-enabled":"default","ast-page-background-meta":{"desktop":{"background-color":"","background-image":"","background-repeat":"repeat","background-position":"center center","background-size":"auto","background-attachment":"scroll","background-type":"","background-media":"","overlay-type":"","overlay-color":"","overlay-opacity":"","overlay-gradient":""},"tablet":{"background-color":"","background-image":"","background-repeat":"repeat","background-position":"center center","background-size":"auto","background-attachment":"scroll","background-type":"","background-media":"","overlay-type":"","overlay-color":"","overlay-opacity":"","overlay-gradient":""},"mobile":{"background-color":"","background-image":"","background-repeat":"repeat","background-position":"center center","background-size":"auto","background-attachment":"scroll","background-type":"","background-media":"","overlay-type":"","overlay-color":"","overlay-opacity":"","overlay-gradient":""}},"ast-content-background-meta":{"desktop":{"background-color":"var(--ast-global-color-5)","background-image":"","background-repeat":"repeat","background-position":"center center","background-size":"auto","background-attachment":"scroll","background-type":"","background-media":"","overlay-type":"","overlay-color":"","overlay-opacity":"","overlay-gradient":""},"tablet":{"background-color":"var(--ast-global-color-5)","background-image":"","background-repeat":"repeat","background-position":"center center","background-size":"auto","background-attachment":"scroll","background-type":"","background-media":"","overlay-type":"","overlay-color":"","overlay-opacity":"","overlay-gradient":""},"mobile":{"background-color":"var(--ast-global-color-5)","background-image":"","background-repeat":"repeat","background-position":"center center","background-size":"auto","background-attachment":"scroll","background-type":"","background-media":"","overlay-type":"","overlay-color":"","overlay-opacity":"","overlay-gradient":""}},"footnotes":""},"categories":[11],"tags":[],"class_list":["post-25697","post","type-post","status-publish","format-standard","has-post-thumbnail","hentry","category-noticias"],"aioseo_notices":[],"_links":{"self":[{"href":"https:\/\/contarotacoes.com\/index.php?rest_route=\/wp\/v2\/posts\/25697","targetHints":{"allow":["GET"]}}],"collection":[{"href":"https:\/\/contarotacoes.com\/index.php?rest_route=\/wp\/v2\/posts"}],"about":[{"href":"https:\/\/contarotacoes.com\/index.php?rest_route=\/wp\/v2\/types\/post"}],"author":[{"embeddable":true,"href":"https:\/\/contarotacoes.com\/index.php?rest_route=\/wp\/v2\/users\/2"}],"replies":[{"embeddable":true,"href":"https:\/\/contarotacoes.com\/index.php?rest_route=%2Fwp%2Fv2%2Fcomments&post=25697"}],"version-history":[{"count":1,"href":"https:\/\/contarotacoes.com\/index.php?rest_route=\/wp\/v2\/posts\/25697\/revisions"}],"predecessor-version":[{"id":25699,"href":"https:\/\/contarotacoes.com\/index.php?rest_route=\/wp\/v2\/posts\/25697\/revisions\/25699"}],"wp:featuredmedia":[{"embeddable":true,"href":"https:\/\/contarotacoes.com\/index.php?rest_route=\/wp\/v2\/media\/25698"}],"wp:attachment":[{"href":"https:\/\/contarotacoes.com\/index.php?rest_route=%2Fwp%2Fv2%2Fmedia&parent=25697"}],"wp:term":[{"taxonomy":"category","embeddable":true,"href":"https:\/\/contarotacoes.com\/index.php?rest_route=%2Fwp%2Fv2%2Fcategories&post=25697"},{"taxonomy":"post_tag","embeddable":true,"href":"https:\/\/contarotacoes.com\/index.php?rest_route=%2Fwp%2Fv2%2Ftags&post=25697"}],"curies":[{"name":"wp","href":"https:\/\/api.w.org\/{rel}","templated":true}]}}