{"id":25673,"date":"2026-03-08T22:32:55","date_gmt":"2026-03-08T22:32:55","guid":{"rendered":"https:\/\/contarotacoes.com\/?p=25673"},"modified":"2026-03-08T22:38:22","modified_gmt":"2026-03-08T22:38:22","slug":"rali-da-madeira-2026-leva-espetaculo-as-serras-e-celebra-50-anos-de-autonomia-com-novo-figurino","status":"publish","type":"post","link":"https:\/\/contarotacoes.com\/?p=25673","title":{"rendered":"Rali da Madeira 2026 leva espet\u00e1culo \u00e0s serras e celebra 50 anos de Autonomia com novo figurino"},"content":{"rendered":"<p style=\"text-align: justify;\">O presidente do Club Sports da Madeira, Paulo Fontes, entregou, na passada semana, ao Secret\u00e1rio Regional da Economia, a candidatura ao contrato programa para a realiza\u00e7\u00e3o da 67.\u00aa Edi\u00e7\u00e3o do Rali da Madeira. Com um percurso renovado, que concentra competi\u00e7\u00e3o nas serras do Funchal, Santa Cruz e Santana, o rali tem 15 provas especiais, cerca de 200 quil\u00f3metros cronometrados, quatro passagens no Ch\u00e3o da Lagoa e o regresso das classificativas m\u00edticas da Ponta do Pargo &#8211; Santa do Porto Moniz.<\/p>\n<p style=\"text-align: justify;\">O Rali da Madeira 2026 vai apresentar um figurino profundamente renovado, com forte aposta nas serras e na cria\u00e7\u00e3o de mais zonas de espet\u00e1culo em seguran\u00e7a para o p\u00fablico, numa edi\u00e7\u00e3o que tamb\u00e9m se associa \u00e0s comemora\u00e7\u00f5es dos \u201c50 Anos da Autonomia da Regi\u00e3o Aut\u00f3noma da Madeira\u201d. A prova decorrer\u00e1 de 30 e 31 de julho e 1 de agosto e deve manter a subven\u00e7\u00e3o p\u00fablica de 450 mil euros, igual \u00e0 do ano passado, assumida pelo Governo Regional da Madeira.\u200b<\/p>\n<p style=\"text-align: justify;\">Em declara\u00e7\u00f5es ap\u00f3s a entrega da candidatura ao Secret\u00e1rio Regional da Economia, Jos\u00e9 Manuel Rodrigues, o presidente do Club Sports da Madeira, Paulo Fontes, explicou que o principal objetivo foi apresentar pessoalmente o pedido de apoio p\u00fablico e \u201cdar em primeira m\u00e3o\u201d, ao secret\u00e1rio regional as linhas mestras do novo percurso, programa e itiner\u00e1rio da prova. \u201cQuis ser a primeira pessoa a dar conhecimento ao senhor secret\u00e1rio de algumas situa\u00e7\u00f5es e inova\u00e7\u00f5es que queremos introduzir\u201d, sublinhou, destacando a preocupa\u00e7\u00e3o em modernizar o evento sem perder a sua identidade.\u200b<\/p>\n<p style=\"text-align: justify;\">A estrutura competitiva do Rali da Madeira 2026 ser\u00e1 centrada em 15 provas especiais de classifica\u00e7\u00e3o, num total pr\u00f3ximo dos 205 quil\u00f3metros cronometrados.<\/p>\n<p style=\"text-align: justify;\">A competi\u00e7\u00e3o arranca, como \u00e9 tradi\u00e7\u00e3o, na quinta\u2011feira com a superespecial da Avenida do Mar, que o clube quer transformar cada vez mais numa grande arena urbana, com mais lugares e melhores condi\u00e7\u00f5es para os espectadores.<\/p>\n<p style=\"text-align: justify;\">Na sexta-feira, o dia ser\u00e1 particularmente intenso, com oito classificativas e cerca de 120 quil\u00f3metros, incluindo passagens por Campo de Golfe, Palheiro Ferreiro, Ch\u00e3o da Lagoa, Poiso, Santana e descida para o Ribeiro Frio. \u201cVamos ter quatro passagens no Ch\u00e3o da Lagoa e quatro no Poiso, com variantes que terminam depois do Ribeiro Frio, oferecendo v\u00e1rios pontos para o p\u00fablico assistir em seguran\u00e7a\u201d, detalhou Paulo Fontes.\u200b<\/p>\n<p style=\"text-align: justify;\">No s\u00e1bado, o rali ruma ao oeste da ilha, recuperando algumas das classificativas mais emblem\u00e1ticas da hist\u00f3ria da prova, como Ponta do Sol, Ponta do Pargo\/Achadas da Cruz\/Santa do Porto Moniz, e encerrando com a \u201cSerra d\u2019\u00c1gua em formato de Power Stage\u201d. No conjunto do fim de semana, ser\u00e1 cumprido um duplo \u201cround\u201d de tr\u00eas provas especiais no s\u00e1bado, somando cerca de 80 quil\u00f3metros, e permitindo m\u00faltiplas passagens dos pilotos nas mesmas zonas para maximizar o espet\u00e1culo.\u200b<\/p>\n<p style=\"text-align: justify;\">Uma das grandes apostas da organiza\u00e7\u00e3o passa por concentrar o rali fora das zonas habitacionais, privilegiando as serras dos concelhos do Funchal, Santa Cruz e Santana, e criando \u00e1reas espec\u00edficas para o p\u00fablico, com mais conforto e seguran\u00e7a. Paralelamente, o Club Sports da Madeira pretende rentabilizar melhor o evento, refor\u00e7ando receitas pr\u00f3prias atrav\u00e9s dessas zonas de espet\u00e1culo e mantendo a aposta na capta\u00e7\u00e3o de investimento privado, que considera essencial numa prova que classifica como \u201ca maior montra da Madeira em termos de visibilidade de um evento desportivo\u201d.\u200b<\/p>\n<p style=\"text-align: justify;\">A edi\u00e7\u00e3o de 2026 ser\u00e1 tamb\u00e9m marcada por uma forte componente simb\u00f3lica, associando-se \u00e0s celebra\u00e7\u00f5es dos \u201c50 Anos de Autonomia da Regi\u00e3o Aut\u00f3noma da Madeira\u201d. Paulo Fontes recorda que o salto competitivo e medi\u00e1tico do Rali Vinho Madeira no Campeonato da Europa s\u00f3 foi poss\u00edvel gra\u00e7as ao apoio continuado dos \u00f3rg\u00e3os de governo pr\u00f3prio e das entidades p\u00fablicas ao longo das \u00faltimas d\u00e9cadas. Para assinalar a efem\u00e9ride, o clube prepara uma nova imagem do rali e uma linha de merchandising com particular enfoque no p\u00fablico jovem, refor\u00e7ando a liga\u00e7\u00e3o afetiva entre o rali e a popula\u00e7\u00e3o madeirense.\u200b<\/p>\n<p style=\"text-align: justify;\">Quanto ao pelot\u00e3o de 2026, o dirigente admite que ainda \u00e9 cedo para anunciar nomes, uma vez que os v\u00e1rios campeonatos est\u00e3o apenas a come\u00e7ar, mas deixa garantias. \u201cPrimeiro, olhamos para o Campeonato de Portugal de Ralis, porque fazemos parte do Nacional e os pilotos que o disputam t\u00eam de estar na Madeira\u201d, afirmou, acrescentando que o clube continuar\u00e1 a trabalhar para trazer \u00e0 ilha pilotos r\u00e1pidos e que andam bem nas estradas madeirenses. Os contactos com equipas e pilotos j\u00e1 come\u00e7aram, mas \u201cainda muito numa fase embrion\u00e1ria\u201d, que ser\u00e1 aprofundada ap\u00f3s a conclus\u00e3o do percurso e programa do Rali da Madeira 2026.\u200b<\/p>\n<p style=\"text-align: justify;\">Apesar de a componente de apoio p\u00fablico estar \u201cfechada\u201d nos 450 mil euros, Paulo Fontes sublinha que \u00e9 responsabilidade da organiza\u00e7\u00e3o aumentar as receitas pr\u00f3prias e refor\u00e7ar a parceria com o tecido empresarial privado. A concentra\u00e7\u00e3o do rali em zonas com m\u00faltiplas passagens, a cria\u00e7\u00e3o de espa\u00e7os dedicados ao p\u00fablico e a aposta na imagem e merchandising s\u00e3o algumas das ferramentas com que o Club Sports da Madeira pretende garantir a sustentabilidade e o crescimento do evento nos pr\u00f3ximos anos.<\/p>\n<p>Ou\u00e7a abaixo as declara\u00e7\u00f5es do Presidente do Club Sports da Madeira, Paulo Fontes no final da reuni\u00e3o.<\/p>\n<audio class=\"wp-audio-shortcode\" id=\"audio-25673-1\" preload=\"none\" style=\"width: 100%;\" controls=\"controls\"><source type=\"audio\/mpeg\" src=\"https:\/\/contarotacoes.com\/wp-content\/uploads\/2026\/03\/Paulo-Fontes_Rali-da-Madeira_FINAL.mp3?_=1\" \/><a href=\"https:\/\/contarotacoes.com\/wp-content\/uploads\/2026\/03\/Paulo-Fontes_Rali-da-Madeira_FINAL.mp3\">https:\/\/contarotacoes.com\/wp-content\/uploads\/2026\/03\/Paulo-Fontes_Rali-da-Madeira_FINAL.mp3<\/a><\/audio>\n","protected":false},"excerpt":{"rendered":"<p>O presidente do Club Sports da Madeira, Paulo Fontes, entregou, na passada semana, ao Secret\u00e1rio Regional da Economia, a candidatura ao contrato programa para a realiza\u00e7\u00e3o da 67.\u00aa Edi\u00e7\u00e3o do Rali da Madeira. Com um percurso renovado, que concentra competi\u00e7\u00e3o nas serras do Funchal, Santa Cruz e Santana, o rali tem 15 provas especiais, cerca [&hellip;]<\/p>\n","protected":false},"author":2,"featured_media":25675,"comment_status":"open","ping_status":"open","sticky":false,"template":"","format":"standard","meta":{"_editorskit_title_hidden":false,"_editorskit_reading_time":0,"_editorskit_is_block_options_detached":false,"_editorskit_block_options_position":"{}","om_disable_all_campaigns":false,"_monsterinsights_skip_tracking":false,"_monsterinsights_sitenote_active":false,"_monsterinsights_sitenote_note":"","_monsterinsights_sitenote_category":0,"_uf_show_specific_survey":0,"_uf_disable_surveys":false,"site-sidebar-layout":"default","site-content-layout":"","ast-site-content-layout":"default","site-content-style":"default","site-sidebar-style":"default","ast-global-header-display":"","ast-banner-title-visibility":"","ast-main-header-display":"","ast-hfb-above-header-display":"","ast-hfb-below-header-display":"","ast-hfb-mobile-header-display":"","site-post-title":"","ast-breadcrumbs-content":"","ast-featured-img":"","footer-sml-layout":"","theme-transparent-header-meta":"default","adv-header-id-meta":"","stick-header-meta":"default","header-above-stick-meta":"","header-main-stick-meta":"","header-below-stick-meta":"","astra-migrate-meta-layouts":"set","ast-page-background-enabled":"default","ast-page-background-meta":{"desktop":{"background-color":"","background-image":"","background-repeat":"repeat","background-position":"center center","background-size":"auto","background-attachment":"scroll","background-type":"","background-media":"","overlay-type":"","overlay-color":"","overlay-opacity":"","overlay-gradient":""},"tablet":{"background-color":"","background-image":"","background-repeat":"repeat","background-position":"center center","background-size":"auto","background-attachment":"scroll","background-type":"","background-media":"","overlay-type":"","overlay-color":"","overlay-opacity":"","overlay-gradient":""},"mobile":{"background-color":"","background-image":"","background-repeat":"repeat","background-position":"center center","background-size":"auto","background-attachment":"scroll","background-type":"","background-media":"","overlay-type":"","overlay-color":"","overlay-opacity":"","overlay-gradient":""}},"ast-content-background-meta":{"desktop":{"background-color":"var(--ast-global-color-5)","background-image":"","background-repeat":"repeat","background-position":"center center","background-size":"auto","background-attachment":"scroll","background-type":"","background-media":"","overlay-type":"","overlay-color":"","overlay-opacity":"","overlay-gradient":""},"tablet":{"background-color":"var(--ast-global-color-5)","background-image":"","background-repeat":"repeat","background-position":"center center","background-size":"auto","background-attachment":"scroll","background-type":"","background-media":"","overlay-type":"","overlay-color":"","overlay-opacity":"","overlay-gradient":""},"mobile":{"background-color":"var(--ast-global-color-5)","background-image":"","background-repeat":"repeat","background-position":"center center","background-size":"auto","background-attachment":"scroll","background-type":"","background-media":"","overlay-type":"","overlay-color":"","overlay-opacity":"","overlay-gradient":""}},"footnotes":""},"categories":[15,11,118],"tags":[],"class_list":["post-25673","post","type-post","status-publish","format-standard","has-post-thumbnail","hentry","category-entrevistas","category-noticias","category-radio-audio"],"aioseo_notices":[],"_links":{"self":[{"href":"https:\/\/contarotacoes.com\/index.php?rest_route=\/wp\/v2\/posts\/25673","targetHints":{"allow":["GET"]}}],"collection":[{"href":"https:\/\/contarotacoes.com\/index.php?rest_route=\/wp\/v2\/posts"}],"about":[{"href":"https:\/\/contarotacoes.com\/index.php?rest_route=\/wp\/v2\/types\/post"}],"author":[{"embeddable":true,"href":"https:\/\/contarotacoes.com\/index.php?rest_route=\/wp\/v2\/users\/2"}],"replies":[{"embeddable":true,"href":"https:\/\/contarotacoes.com\/index.php?rest_route=%2Fwp%2Fv2%2Fcomments&post=25673"}],"version-history":[{"count":1,"href":"https:\/\/contarotacoes.com\/index.php?rest_route=\/wp\/v2\/posts\/25673\/revisions"}],"predecessor-version":[{"id":25676,"href":"https:\/\/contarotacoes.com\/index.php?rest_route=\/wp\/v2\/posts\/25673\/revisions\/25676"}],"wp:featuredmedia":[{"embeddable":true,"href":"https:\/\/contarotacoes.com\/index.php?rest_route=\/wp\/v2\/media\/25675"}],"wp:attachment":[{"href":"https:\/\/contarotacoes.com\/index.php?rest_route=%2Fwp%2Fv2%2Fmedia&parent=25673"}],"wp:term":[{"taxonomy":"category","embeddable":true,"href":"https:\/\/contarotacoes.com\/index.php?rest_route=%2Fwp%2Fv2%2Fcategories&post=25673"},{"taxonomy":"post_tag","embeddable":true,"href":"https:\/\/contarotacoes.com\/index.php?rest_route=%2Fwp%2Fv2%2Ftags&post=25673"}],"curies":[{"name":"wp","href":"https:\/\/api.w.org\/{rel}","templated":true}]}}