{"id":25662,"date":"2026-03-07T21:27:12","date_gmt":"2026-03-07T21:27:12","guid":{"rendered":"https:\/\/contarotacoes.com\/?p=25662"},"modified":"2026-03-07T21:27:12","modified_gmt":"2026-03-07T21:27:12","slug":"os-vencedores-das-mangas-de-qualificacao-na-abertura-do-campeonato-de-portugal-de-karting-toyota","status":"publish","type":"post","link":"https:\/\/contarotacoes.com\/?p=25662","title":{"rendered":"Os vencedores das mangas de qualifica\u00e7\u00e3o na abertura do Campeonato de Portugal de Karting Toyota"},"content":{"rendered":"<div class=\"x14z9mp xat24cr x1lziwak x1vvkbs xtlvy1s x126k92a\">\n<div dir=\"auto\" style=\"text-align: justify;\">A primeira prova do Campeonato de Portugal de Karting Toyota est\u00e1 a ser disputada por 73 pilotos, distribu\u00eddos por cinco categorias distintas, nomeadamente a Cadete, a X30 Mini, a J\u00fanior, a X30 S\u00e9nior, a KZ2\/X30 Super Shifter.<\/div>\n<\/div>\n<div class=\"x14z9mp xat24cr x1lziwak x1vvkbs xtlvy1s x126k92a\" style=\"text-align: justify;\">\n<div dir=\"auto\">No Kart\u00f3dromo de Viana do Castelo, sob a organiza\u00e7\u00e3o do Clube Autom\u00f3vel do Minho (CAM), 72 pilotos distribu\u00eddos por diferentes categorias j\u00e1 iniciaram o Campeonato de Portugal de Karting Toyota, com a realiza\u00e7\u00e3o dos treinos livres oficiais, dos treinos cronometrados e de duas mangas de qualifica\u00e7\u00e3o, que definiram a grelha de partida para a Pr\u00e9-Final, agendada para amanh\u00e3, antes das grandes Finais.<\/div>\n<\/div>\n<div class=\"x14z9mp xat24cr x1lziwak x1vvkbs xtlvy1s x126k92a\" style=\"text-align: justify;\">\n<div dir=\"auto\"><strong>Categoria X30<\/strong><\/div>\n<div dir=\"auto\">Na categoria mais concorrida, a X30 S\u00e9nior, com 18 pilotos, Rafael Rajani (TBKart) foi o mais r\u00e1pido nos treinos cronometrados com a marca de 43,322s. Na primeira manga de qualifica\u00e7\u00e3o, venceu Ant\u00f3nio Macedo (CRG) e na segunda triunfou Rafael Rajani. Assim, na soma de todos os resultados, Ant\u00f3nio Macedo garantiu a pole-position para a Pr\u00e9-Final, agendada para amanh\u00e3 de manh\u00e3 e que determinar\u00e1 a grelha de partida para a Final, \u00e0 tarde. Ao lado do piloto de Braga, vai arrancar Rafael Rajani (KR) e, da segunda linha, v\u00e3o largar Afonso Ferreira (KR), que foi segundo e depois terceiro classificado, e Jo\u00e3o Barros (LN), que obteve um quarto e um quinto lugares nas duas corridas.<\/div>\n<\/div>\n<div class=\"x14z9mp xat24cr x1lziwak x1vvkbs xtlvy1s x126k92a\" style=\"text-align: justify;\">\n<div dir=\"auto\"><strong>Categoria KZ2\/X30 Super Shifter<\/strong><\/div>\n<div dir=\"auto\">Na categoria cujos karts est\u00e3o equipados com caixa de velocidades e que est\u00e1 a ser disputada por 14 pilotos, Lu\u00eds Alves (TBKart) foi o mais r\u00e1pido nos treinos cronometrados da KZ2 com o tempo de 41,677s. Na primeira manga de qualifica\u00e7\u00e3o, venceu Rodrigo Ferreira (TBKart) e na segunda voltou a impor-se Lu\u00eds Alves, que garantiu a pole-position para a Pr\u00e9-Final, agendada para amanh\u00e3 de manh\u00e3 e que determinar\u00e1 a grelha de partida para a Final, \u00e0 tarde. Ao lado do piloto de Guimar\u00e3es, vai arrancar Rodrigo Ferreira, e da segunda linha v\u00e3o partir M\u00e1rio Borges (Maranello), que somou um quarto e depois um segundo lugar, e o espanhol Jorge Illade (DR), que obteve um quinto e depois um terceiro lugar. Jo\u00e3o Barros (Birel ART) est\u00e1 na primeira posi\u00e7\u00e3o da X30 Super Shifter.<\/div>\n<\/div>\n<div class=\"x14z9mp xat24cr x1lziwak x1vvkbs xtlvy1s x126k92a\" style=\"text-align: justify;\">\n<div dir=\"auto\"><strong>Categoria J\u00fanior<\/strong><\/div>\n<div dir=\"auto\">Duarte Alves (LN), depois de ser o mais r\u00e1pido nos treinos cronometrados com o registo de 44,544s, venceu as duas mangas de qualifica\u00e7\u00e3o, pelo que assegurou a pole-position para a Pr\u00e9-Final, agendada para amanh\u00e3 e que determinar\u00e1 a grelha de partida para a Final. Ao lado do piloto de Penafiel vai arrancar Santiago Barros (CRG), que obteve dois quartos lugares, enquanto da segunda linha vai partir Jos\u00e9 Pedro Pinto (KR) \u2013 com um terceiro e um sexto lugares \u2013 e Vicente Capela (Tonykart), que somou um segundo e um d\u00e9cimo lugares.<\/div>\n<\/div>\n<div class=\"x14z9mp xat24cr x1lziwak x1vvkbs xtlvy1s x126k92a\" style=\"text-align: justify;\">\n<div dir=\"auto\"><strong>Categoria X30 Mini<\/strong><\/div>\n<div dir=\"auto\">Miguel Barbosa (KR), foi o mais r\u00e1pido nos treinos cronometrados \u00e0 geral e na subcategoria U10 com o tempo de 49,292s, mas depois Duarte Rodrigues (DR) venceu as duas mangas de qualifica\u00e7\u00e3o, pelo que vai arrancar da pole-position na Pr\u00e9-Final, agendada para amanh\u00e3 e que determinar\u00e1 a grelha de partida para a Final. Ao lado do piloto de Castelo Branco, vai largar Artur Loureiro (TBKart) \u2013 da subcategoria U10 \u2013, que terminou as mangas na quarta e segunda posi\u00e7\u00f5es, enquanto da segunda linha v\u00e3o partir Mateus Gomes (DR)) \u2013 que somou um terceiro e um quinto lugares \u2013 e Miguel Barbosa (KR), que nas duas mangas foi s\u00e9timo e depois terceiro classificado.<\/div>\n<\/div>\n<div class=\"x14z9mp xat24cr x1lziwak x1vvkbs xtlvy1s x126k92a\" style=\"text-align: justify;\">\n<div dir=\"auto\"><strong>Categoria Cadete<\/strong><\/div>\n<div dir=\"auto\">Manuel Miranda (FA), depois de ser o mais r\u00e1pido nos treinos cronometrados com a marca de 51,489s, venceu as duas mangas de qualifica\u00e7\u00e3o, pelo que vai arrancar da pole-position na Pr\u00e9-Final, agendada para amanh\u00e3 e que determinar\u00e1 a grelha de partida para a Final. Ao seu lado do piloto de Barcelos, vai largar Duarte de Deus (KR), que terminou as duas mangas na segunda posi\u00e7\u00e3o, enquanto da segunda linha v\u00e3o partir Ra\u00fal Vilarinho (KR) \u2013 que somou um terceiro e um segundo lugares \u2013 e Sviatoslav Mishin (KR), que foi quinto classificado nas duas corridas.<\/div>\n<\/div>\n<div class=\"x14z9mp xat24cr x1lziwak x1vvkbs xtlvy1s x126k92a\">\n<div dir=\"auto\" style=\"text-align: justify;\">Para amanh\u00e3, entre as 10h15 e as 11h35, est\u00e3o agendadas as Pr\u00e9-Finais, enquanto as Finais ser\u00e3o disputadas entre as 12h50 e as 14h10, seguindo-se depois a habitual entrega de pr\u00e9mios a partir das 14h50.<\/div>\n<\/div>\n","protected":false},"excerpt":{"rendered":"<p>A primeira prova do Campeonato de Portugal de Karting Toyota est\u00e1 a ser disputada por 73 pilotos, distribu\u00eddos por cinco categorias distintas, nomeadamente a Cadete, a X30 Mini, a J\u00fanior, a X30 S\u00e9nior, a KZ2\/X30 Super Shifter. No Kart\u00f3dromo de Viana do Castelo, sob a organiza\u00e7\u00e3o do Clube Autom\u00f3vel do Minho (CAM), 72 pilotos distribu\u00eddos [&hellip;]<\/p>\n","protected":false},"author":2,"featured_media":25663,"comment_status":"open","ping_status":"open","sticky":false,"template":"","format":"standard","meta":{"_editorskit_title_hidden":false,"_editorskit_reading_time":0,"_editorskit_is_block_options_detached":false,"_editorskit_block_options_position":"{}","om_disable_all_campaigns":false,"_monsterinsights_skip_tracking":false,"_monsterinsights_sitenote_active":false,"_monsterinsights_sitenote_note":"","_monsterinsights_sitenote_category":0,"_uf_show_specific_survey":0,"_uf_disable_surveys":false,"site-sidebar-layout":"default","site-content-layout":"","ast-site-content-layout":"default","site-content-style":"default","site-sidebar-style":"default","ast-global-header-display":"","ast-banner-title-visibility":"","ast-main-header-display":"","ast-hfb-above-header-display":"","ast-hfb-below-header-display":"","ast-hfb-mobile-header-display":"","site-post-title":"","ast-breadcrumbs-content":"","ast-featured-img":"","footer-sml-layout":"","theme-transparent-header-meta":"default","adv-header-id-meta":"","stick-header-meta":"default","header-above-stick-meta":"","header-main-stick-meta":"","header-below-stick-meta":"","astra-migrate-meta-layouts":"set","ast-page-background-enabled":"default","ast-page-background-meta":{"desktop":{"background-color":"","background-image":"","background-repeat":"repeat","background-position":"center center","background-size":"auto","background-attachment":"scroll","background-type":"","background-media":"","overlay-type":"","overlay-color":"","overlay-opacity":"","overlay-gradient":""},"tablet":{"background-color":"","background-image":"","background-repeat":"repeat","background-position":"center center","background-size":"auto","background-attachment":"scroll","background-type":"","background-media":"","overlay-type":"","overlay-color":"","overlay-opacity":"","overlay-gradient":""},"mobile":{"background-color":"","background-image":"","background-repeat":"repeat","background-position":"center center","background-size":"auto","background-attachment":"scroll","background-type":"","background-media":"","overlay-type":"","overlay-color":"","overlay-opacity":"","overlay-gradient":""}},"ast-content-background-meta":{"desktop":{"background-color":"var(--ast-global-color-5)","background-image":"","background-repeat":"repeat","background-position":"center center","background-size":"auto","background-attachment":"scroll","background-type":"","background-media":"","overlay-type":"","overlay-color":"","overlay-opacity":"","overlay-gradient":""},"tablet":{"background-color":"var(--ast-global-color-5)","background-image":"","background-repeat":"repeat","background-position":"center center","background-size":"auto","background-attachment":"scroll","background-type":"","background-media":"","overlay-type":"","overlay-color":"","overlay-opacity":"","overlay-gradient":""},"mobile":{"background-color":"var(--ast-global-color-5)","background-image":"","background-repeat":"repeat","background-position":"center center","background-size":"auto","background-attachment":"scroll","background-type":"","background-media":"","overlay-type":"","overlay-color":"","overlay-opacity":"","overlay-gradient":""}},"footnotes":""},"categories":[11],"tags":[],"class_list":["post-25662","post","type-post","status-publish","format-standard","has-post-thumbnail","hentry","category-noticias"],"aioseo_notices":[],"_links":{"self":[{"href":"https:\/\/contarotacoes.com\/index.php?rest_route=\/wp\/v2\/posts\/25662","targetHints":{"allow":["GET"]}}],"collection":[{"href":"https:\/\/contarotacoes.com\/index.php?rest_route=\/wp\/v2\/posts"}],"about":[{"href":"https:\/\/contarotacoes.com\/index.php?rest_route=\/wp\/v2\/types\/post"}],"author":[{"embeddable":true,"href":"https:\/\/contarotacoes.com\/index.php?rest_route=\/wp\/v2\/users\/2"}],"replies":[{"embeddable":true,"href":"https:\/\/contarotacoes.com\/index.php?rest_route=%2Fwp%2Fv2%2Fcomments&post=25662"}],"version-history":[{"count":1,"href":"https:\/\/contarotacoes.com\/index.php?rest_route=\/wp\/v2\/posts\/25662\/revisions"}],"predecessor-version":[{"id":25664,"href":"https:\/\/contarotacoes.com\/index.php?rest_route=\/wp\/v2\/posts\/25662\/revisions\/25664"}],"wp:featuredmedia":[{"embeddable":true,"href":"https:\/\/contarotacoes.com\/index.php?rest_route=\/wp\/v2\/media\/25663"}],"wp:attachment":[{"href":"https:\/\/contarotacoes.com\/index.php?rest_route=%2Fwp%2Fv2%2Fmedia&parent=25662"}],"wp:term":[{"taxonomy":"category","embeddable":true,"href":"https:\/\/contarotacoes.com\/index.php?rest_route=%2Fwp%2Fv2%2Fcategories&post=25662"},{"taxonomy":"post_tag","embeddable":true,"href":"https:\/\/contarotacoes.com\/index.php?rest_route=%2Fwp%2Fv2%2Ftags&post=25662"}],"curies":[{"name":"wp","href":"https:\/\/api.w.org\/{rel}","templated":true}]}}