{"id":25619,"date":"2026-03-05T22:57:13","date_gmt":"2026-03-05T22:57:13","guid":{"rendered":"https:\/\/contarotacoes.com\/?p=25619"},"modified":"2026-03-05T22:57:13","modified_gmt":"2026-03-05T22:57:13","slug":"duarte-de-deus-quer-repetir-resultado-da-winter-cup-na-1-a-etapa-do-campeonato-portugal-de-karting","status":"publish","type":"post","link":"https:\/\/contarotacoes.com\/?p=25619","title":{"rendered":"Duarte de Deus quer repetir resultado da Winter Cup na 1.\u00aa etapa do Campeonato Portugal de Karting"},"content":{"rendered":"<ul>\n<li style=\"text-align: justify;\"><strong><em>Campe\u00e3o da Winter Cup na categoria Cadete, com presta\u00e7\u00e3o de 100% nas provas, o piloto de Vila da Batalha busca novo p\u00f3dio no nacional.<\/em><\/strong><\/li>\n<\/ul>\n<p style=\"text-align: justify;\">Neste fim de semana a pista de Viana do Castelo volta a receber uma das promessas do karting de Portugal. Duarte de Deus (Jardim da Isabel \/ Nexel \/ Batalha Fit \/ Equipa: CF Motorsport \/ Coach: Carlos Figueiredo), piloto de apenas 8 anos, desembarca no tra\u00e7ado minhoto com o t\u00edtulo de Campe\u00e3o da Winter Cup e a miss\u00e3o de transformar o bom momento em resultados na abertura do Campeonato Portugal de Karting. A competi\u00e7\u00e3o promete emo\u00e7\u00f5es desde os primeiros giros no asfalto.<\/p>\n<p style=\"text-align: justify;\">A trajet\u00f3ria do competidor de Vila da Batalha, na \u00faltima semana, foi simplesmente impec\u00e1vel. Com uma presta\u00e7\u00e3o que surpreendeu at\u00e9 os mais experientes observadores do paddock, Duarte de Deus conquistou o t\u00edtulo da competi\u00e7\u00e3o de abertura do calend\u00e1rio do karting de forma dominadora. O piloto n\u00e3o deu hip\u00f3teses aos advers\u00e1rios em nenhuma das fases da competi\u00e7\u00e3o, a demonstrar uma maturidade t\u00e9cnica rara para a sua idade e a consolidar o seu nome como uma das grandes revela\u00e7\u00f5es das pistas.<\/p>\n<p style=\"text-align: justify;\">O dom\u00ednio do piloto foi inquestion\u00e1vel. Duarte manteve um aproveitamento praticamente perfeito, sem cometer erros que pudessem comprometer a sua campanha vitoriosa. A pole position na qualifica\u00e7\u00e3o, vit\u00f3ria na manga classificat\u00f3ria, triunfo na Pr\u00e9-final e, para coroar o fim de semana, mais uma bandeirada em 1.\u00ba na Final.<\/p>\n<p style=\"text-align: justify;\">O cen\u00e1rio pode ser o mesmo, mas a competi\u00e7\u00e3o \u00e9 outra. A concorr\u00eancia na categoria Cadete est\u00e1 mais atenta do que nunca e a marca\u00e7\u00e3o cerrada dos advers\u00e1rios ser\u00e1 inevit\u00e1vel para Duarte. Repetir a presta\u00e7\u00e3o impec\u00e1vel da semana passada torna-se um desafio ainda maior, a exigir do piloto n\u00e3o apenas talento, mas tamb\u00e9m estrat\u00e9gia, por ser o homem a ser batido.<\/p>\n<p style=\"text-align: justify;\"><em>&#8220;A pista \u00e9 a mesma, mas s\u00e3o corridas diferentes e tudo pode acontecer&#8221;,<\/em>\u00a0declarou Duarte de Deus.\u00a0<em>&#8220;Trabalhei muito para conseguir o resultado da semana passada e agora vou tentar fazer o mesmo&#8221;,<\/em>\u00a0completou o piloto de Vila da Batalha.<\/p>\n<p style=\"text-align: justify;\">A programa\u00e7\u00e3o do fim de semana come\u00e7a a ganhar velocidade j\u00e1 neste s\u00e1bado (7). Os motores ser\u00e3o ligados de manh\u00e3, com os treinos livres a abrirem as atividades no Kart\u00f3dromo de Viana do Castelo. Logo de seguida, \u00e0s 11h45, Duarte de Deus ter\u00e1 a sua primeira oportunidade oficial de mostrar servi\u00e7o no treino de qualifica\u00e7\u00e3o. As duas mangas classificat\u00f3rias da categoria Cadete est\u00e3o programadas para acontecer na sequ\u00eancia, a definir a grelha de partida para as provas decisivas.<\/p>\n<p style=\"text-align: justify;\">O domingo (8) promete ser de emo\u00e7\u00f5es intensas para os f\u00e3s do karting. A Pr\u00e9-final da Cadete est\u00e1 marcada para as 10h15, enquanto a grande Final, momento mais aguardado do fim de semana, ter\u00e1 a sua partida \u00e0s 12h50, para a categoria de Duarte de Deus.<\/p>\n<p style=\"text-align: justify;\">Quem n\u00e3o puder acompanhar pessoalmente as disputas no Kart\u00f3dromo de Viana do Castelo, a FPAK \u2013 Federa\u00e7\u00e3o Portuguesa de Automobilismo e Karting \u2013 garantir\u00e1 transmiss\u00e3o em direto de todas as provas no seu canal oficial no YouTube, a permitir que adeptos acompanhem a evolu\u00e7\u00e3o desta promessa do karting portugu\u00eas.<\/p>\n<p style=\"text-align: justify;\">Cr\u00e9ditos Foto: KMCom \/ Hellofoto<\/p>\n","protected":false},"excerpt":{"rendered":"<p>Campe\u00e3o da Winter Cup na categoria Cadete, com presta\u00e7\u00e3o de 100% nas provas, o piloto de Vila da Batalha busca novo p\u00f3dio no nacional. Neste fim de semana a pista de Viana do Castelo volta a receber uma das promessas do karting de Portugal. Duarte de Deus (Jardim da Isabel \/ Nexel \/ Batalha Fit [&hellip;]<\/p>\n","protected":false},"author":2,"featured_media":25620,"comment_status":"open","ping_status":"open","sticky":false,"template":"","format":"standard","meta":{"_editorskit_title_hidden":false,"_editorskit_reading_time":0,"_editorskit_is_block_options_detached":false,"_editorskit_block_options_position":"{}","om_disable_all_campaigns":false,"_monsterinsights_skip_tracking":false,"_monsterinsights_sitenote_active":false,"_monsterinsights_sitenote_note":"","_monsterinsights_sitenote_category":0,"_uf_show_specific_survey":0,"_uf_disable_surveys":false,"site-sidebar-layout":"default","site-content-layout":"","ast-site-content-layout":"default","site-content-style":"default","site-sidebar-style":"default","ast-global-header-display":"","ast-banner-title-visibility":"","ast-main-header-display":"","ast-hfb-above-header-display":"","ast-hfb-below-header-display":"","ast-hfb-mobile-header-display":"","site-post-title":"","ast-breadcrumbs-content":"","ast-featured-img":"","footer-sml-layout":"","theme-transparent-header-meta":"default","adv-header-id-meta":"","stick-header-meta":"default","header-above-stick-meta":"","header-main-stick-meta":"","header-below-stick-meta":"","astra-migrate-meta-layouts":"set","ast-page-background-enabled":"default","ast-page-background-meta":{"desktop":{"background-color":"","background-image":"","background-repeat":"repeat","background-position":"center center","background-size":"auto","background-attachment":"scroll","background-type":"","background-media":"","overlay-type":"","overlay-color":"","overlay-opacity":"","overlay-gradient":""},"tablet":{"background-color":"","background-image":"","background-repeat":"repeat","background-position":"center center","background-size":"auto","background-attachment":"scroll","background-type":"","background-media":"","overlay-type":"","overlay-color":"","overlay-opacity":"","overlay-gradient":""},"mobile":{"background-color":"","background-image":"","background-repeat":"repeat","background-position":"center center","background-size":"auto","background-attachment":"scroll","background-type":"","background-media":"","overlay-type":"","overlay-color":"","overlay-opacity":"","overlay-gradient":""}},"ast-content-background-meta":{"desktop":{"background-color":"var(--ast-global-color-5)","background-image":"","background-repeat":"repeat","background-position":"center center","background-size":"auto","background-attachment":"scroll","background-type":"","background-media":"","overlay-type":"","overlay-color":"","overlay-opacity":"","overlay-gradient":""},"tablet":{"background-color":"var(--ast-global-color-5)","background-image":"","background-repeat":"repeat","background-position":"center center","background-size":"auto","background-attachment":"scroll","background-type":"","background-media":"","overlay-type":"","overlay-color":"","overlay-opacity":"","overlay-gradient":""},"mobile":{"background-color":"var(--ast-global-color-5)","background-image":"","background-repeat":"repeat","background-position":"center center","background-size":"auto","background-attachment":"scroll","background-type":"","background-media":"","overlay-type":"","overlay-color":"","overlay-opacity":"","overlay-gradient":""}},"footnotes":""},"categories":[11],"tags":[],"class_list":["post-25619","post","type-post","status-publish","format-standard","has-post-thumbnail","hentry","category-noticias"],"aioseo_notices":[],"_links":{"self":[{"href":"https:\/\/contarotacoes.com\/index.php?rest_route=\/wp\/v2\/posts\/25619","targetHints":{"allow":["GET"]}}],"collection":[{"href":"https:\/\/contarotacoes.com\/index.php?rest_route=\/wp\/v2\/posts"}],"about":[{"href":"https:\/\/contarotacoes.com\/index.php?rest_route=\/wp\/v2\/types\/post"}],"author":[{"embeddable":true,"href":"https:\/\/contarotacoes.com\/index.php?rest_route=\/wp\/v2\/users\/2"}],"replies":[{"embeddable":true,"href":"https:\/\/contarotacoes.com\/index.php?rest_route=%2Fwp%2Fv2%2Fcomments&post=25619"}],"version-history":[{"count":1,"href":"https:\/\/contarotacoes.com\/index.php?rest_route=\/wp\/v2\/posts\/25619\/revisions"}],"predecessor-version":[{"id":25621,"href":"https:\/\/contarotacoes.com\/index.php?rest_route=\/wp\/v2\/posts\/25619\/revisions\/25621"}],"wp:featuredmedia":[{"embeddable":true,"href":"https:\/\/contarotacoes.com\/index.php?rest_route=\/wp\/v2\/media\/25620"}],"wp:attachment":[{"href":"https:\/\/contarotacoes.com\/index.php?rest_route=%2Fwp%2Fv2%2Fmedia&parent=25619"}],"wp:term":[{"taxonomy":"category","embeddable":true,"href":"https:\/\/contarotacoes.com\/index.php?rest_route=%2Fwp%2Fv2%2Fcategories&post=25619"},{"taxonomy":"post_tag","embeddable":true,"href":"https:\/\/contarotacoes.com\/index.php?rest_route=%2Fwp%2Fv2%2Ftags&post=25619"}],"curies":[{"name":"wp","href":"https:\/\/api.w.org\/{rel}","templated":true}]}}