{"id":25610,"date":"2026-03-05T22:43:09","date_gmt":"2026-03-05T22:43:09","guid":{"rendered":"https:\/\/contarotacoes.com\/?p=25610"},"modified":"2026-03-05T22:43:09","modified_gmt":"2026-03-05T22:43:09","slug":"vicente-capela-confirma-presenca-na-estreia-do-campeonato-portugal-de-karting-em-viana-do-castelo","status":"publish","type":"post","link":"https:\/\/contarotacoes.com\/?p=25610","title":{"rendered":"Vicente Capela confirma presen\u00e7a na estreia do Campeonato Portugal de Karting em Viana do Castelo"},"content":{"rendered":"<ul>\n<li><strong><em>Piloto da cidade de Beja regressa \u00e0 pista do Norte do pa\u00eds ap\u00f3s Top 5 no Winter Cup e busca p\u00f3dio na categoria X30 J\u00fanior<\/em><\/strong><\/li>\n<\/ul>\n<p style=\"text-align: justify;\">O asfalto do Kart\u00f3dromo de Viana do Castelo voltar\u00e1 a ser palco, neste fim-de-semana, de mais uma ronda de emo\u00e7\u00f5es do karting de Portugal. Entre os pilotos que j\u00e1 confirmaram presen\u00e7a para a disputa est\u00e1 o representante da cidade de Beja, Vicente Capela (Patrocinadores: Interkrarn \/ Clinibeja \/ Equipa: J\u00fanior Racing Team \/ Mec\u00e2nico: Adrian Vaz \/ Chassi: Tony Kart), que chega \u00e0 pista vianense com confian\u00e7a renovada ap\u00f3s a experi\u00eancia na primeira prova da temporada.<\/p>\n<p style=\"text-align: justify;\">A semana passada marcou o arranque da temporada 2026 do kartismo portugu\u00eas com as disputas do Winter Cup, competi\u00e7\u00e3o que serviu de amostra para o calend\u00e1rio principal. Agora, o momento \u00e9 de pisar fundo no acelerador, pois trata-se do Campeonato Portugal de Karting (CPK), que vai apresentar a bandeira verde da primeira etapa do ano, a reunir os principais talentos das categorias de base do automobilismo de Portugal em busca dos primeiros pontos.<\/p>\n<p style=\"text-align: justify;\">Capela segue na X30 J\u00fanior, a manter a confian\u00e7a na evolu\u00e7\u00e3o na sua nova categoria. A transi\u00e7\u00e3o para a classe J\u00fanior representa um novo cap\u00edtulo na carreira do piloto portugu\u00eas, que encara cada desafio com a maturidade de quem j\u00e1 sentiu a press\u00e3o das corridas e sabe que cada volta cronometrada \u00e9 uma oportunidade de aprendizagem.<\/p>\n<p style=\"text-align: justify;\"><em>&#8220;Foi uma boa prepara\u00e7\u00e3o, fiz alguns treinos na semana anterior e disputei o Winter Cup. Acredito que neste fim de semana temos a oportunidade de ter um resultado melhor&#8221;,<\/em>\u00a0afirmou Capela.<\/p>\n<p style=\"text-align: justify;\">Apesar desta fase natural de adapta\u00e7\u00e3o no in\u00edcio da sua primeira temporada como piloto J\u00fanior, Vicente conseguiu, mais uma vez, ser um dos destaques da prova e ficar entre os cinco primeiros classificados na Winter Cup. O Top 5 alcan\u00e7ado na competi\u00e7\u00e3o de abertura do ano serve de motiva\u00e7\u00e3o e prova que o piloto tem ritmo para lutar entre os melhores, mesmo num per\u00edodo de transi\u00e7\u00e3o.<\/p>\n<p style=\"text-align: justify;\">Para a estreia no calend\u00e1rio oficial do Campeonato Portugal de Karting, Capela volta a ocupar o seu lugar nos boxes da equipa J\u00fanior Racing Team, comandada por M\u00e1rio Almeida. A reconex\u00e3o com a equipa que o acompanhou em temporadas anteriores na sua forma\u00e7\u00e3o representa o regresso a um ambiente familiar, onde o piloto se sente confort\u00e1vel para extrair o m\u00e1ximo potencial do seu equipamento.<\/p>\n<p style=\"text-align: justify;\"><em>&#8220;Foram bons resultados nos \u00faltimos anos. Na equipa Jr Racing, com a experi\u00eancia do Super M\u00e1rio, fomos campe\u00f5es no ano passado na Rotax e espero que se repita no CPK 2026&#8221;,\u00a0<\/em>declarou o piloto.<\/p>\n<p style=\"text-align: justify;\">Neste s\u00e1bado (7), a pista de Viana do Castelo ser\u00e1 aberta para os treinos livres de manh\u00e3, a permitir que os competidores encontrem o melhor acerto para as caracter\u00edsticas do circuito. Logo depois, o cronograma acelera o ritmo e Vicente Capela vai para a pista para o treino cronometrado, marcado para \u00e0s 12h05, seguida de duas mangas de qualifica\u00e7\u00e3o que definir\u00e3o a grelha de partida para as provas decisivas. No domingo (8), a categoria X30 J\u00fanior tem a Pr\u00e9-final prevista para \u00e0s 10h55 e a partida da Final marcada para \u00e0s 13h30.<\/p>\n<p style=\"text-align: justify;\">As provas v\u00e3o contar com transmiss\u00e3o em direto no canal oficial da FPAK &#8211; Federa\u00e7\u00e3o Portuguesa de Automobilismo e Karting &#8211; no YouTube, oportunidade para os adeptos de todo o pa\u00eds acompanhem cada ultrapassagem, cada disputa de posi\u00e7\u00e3o e cada celebra\u00e7\u00e3o na pista em tempo real.<\/p>\n<p style=\"text-align: justify;\">Cr\u00e9dito foto: KMCom \/ Filipe Cairr\u00e3o<\/p>\n","protected":false},"excerpt":{"rendered":"<p>Piloto da cidade de Beja regressa \u00e0 pista do Norte do pa\u00eds ap\u00f3s Top 5 no Winter Cup e busca p\u00f3dio na categoria X30 J\u00fanior O asfalto do Kart\u00f3dromo de Viana do Castelo voltar\u00e1 a ser palco, neste fim-de-semana, de mais uma ronda de emo\u00e7\u00f5es do karting de Portugal. Entre os pilotos que j\u00e1 confirmaram [&hellip;]<\/p>\n","protected":false},"author":2,"featured_media":25611,"comment_status":"open","ping_status":"open","sticky":false,"template":"","format":"standard","meta":{"_editorskit_title_hidden":false,"_editorskit_reading_time":0,"_editorskit_is_block_options_detached":false,"_editorskit_block_options_position":"{}","om_disable_all_campaigns":false,"_monsterinsights_skip_tracking":false,"_monsterinsights_sitenote_active":false,"_monsterinsights_sitenote_note":"","_monsterinsights_sitenote_category":0,"_uf_show_specific_survey":0,"_uf_disable_surveys":false,"site-sidebar-layout":"default","site-content-layout":"","ast-site-content-layout":"default","site-content-style":"default","site-sidebar-style":"default","ast-global-header-display":"","ast-banner-title-visibility":"","ast-main-header-display":"","ast-hfb-above-header-display":"","ast-hfb-below-header-display":"","ast-hfb-mobile-header-display":"","site-post-title":"","ast-breadcrumbs-content":"","ast-featured-img":"","footer-sml-layout":"","theme-transparent-header-meta":"default","adv-header-id-meta":"","stick-header-meta":"default","header-above-stick-meta":"","header-main-stick-meta":"","header-below-stick-meta":"","astra-migrate-meta-layouts":"set","ast-page-background-enabled":"default","ast-page-background-meta":{"desktop":{"background-color":"","background-image":"","background-repeat":"repeat","background-position":"center center","background-size":"auto","background-attachment":"scroll","background-type":"","background-media":"","overlay-type":"","overlay-color":"","overlay-opacity":"","overlay-gradient":""},"tablet":{"background-color":"","background-image":"","background-repeat":"repeat","background-position":"center center","background-size":"auto","background-attachment":"scroll","background-type":"","background-media":"","overlay-type":"","overlay-color":"","overlay-opacity":"","overlay-gradient":""},"mobile":{"background-color":"","background-image":"","background-repeat":"repeat","background-position":"center center","background-size":"auto","background-attachment":"scroll","background-type":"","background-media":"","overlay-type":"","overlay-color":"","overlay-opacity":"","overlay-gradient":""}},"ast-content-background-meta":{"desktop":{"background-color":"var(--ast-global-color-5)","background-image":"","background-repeat":"repeat","background-position":"center center","background-size":"auto","background-attachment":"scroll","background-type":"","background-media":"","overlay-type":"","overlay-color":"","overlay-opacity":"","overlay-gradient":""},"tablet":{"background-color":"var(--ast-global-color-5)","background-image":"","background-repeat":"repeat","background-position":"center center","background-size":"auto","background-attachment":"scroll","background-type":"","background-media":"","overlay-type":"","overlay-color":"","overlay-opacity":"","overlay-gradient":""},"mobile":{"background-color":"var(--ast-global-color-5)","background-image":"","background-repeat":"repeat","background-position":"center center","background-size":"auto","background-attachment":"scroll","background-type":"","background-media":"","overlay-type":"","overlay-color":"","overlay-opacity":"","overlay-gradient":""}},"footnotes":""},"categories":[11],"tags":[],"class_list":["post-25610","post","type-post","status-publish","format-standard","has-post-thumbnail","hentry","category-noticias"],"aioseo_notices":[],"_links":{"self":[{"href":"https:\/\/contarotacoes.com\/index.php?rest_route=\/wp\/v2\/posts\/25610","targetHints":{"allow":["GET"]}}],"collection":[{"href":"https:\/\/contarotacoes.com\/index.php?rest_route=\/wp\/v2\/posts"}],"about":[{"href":"https:\/\/contarotacoes.com\/index.php?rest_route=\/wp\/v2\/types\/post"}],"author":[{"embeddable":true,"href":"https:\/\/contarotacoes.com\/index.php?rest_route=\/wp\/v2\/users\/2"}],"replies":[{"embeddable":true,"href":"https:\/\/contarotacoes.com\/index.php?rest_route=%2Fwp%2Fv2%2Fcomments&post=25610"}],"version-history":[{"count":1,"href":"https:\/\/contarotacoes.com\/index.php?rest_route=\/wp\/v2\/posts\/25610\/revisions"}],"predecessor-version":[{"id":25612,"href":"https:\/\/contarotacoes.com\/index.php?rest_route=\/wp\/v2\/posts\/25610\/revisions\/25612"}],"wp:featuredmedia":[{"embeddable":true,"href":"https:\/\/contarotacoes.com\/index.php?rest_route=\/wp\/v2\/media\/25611"}],"wp:attachment":[{"href":"https:\/\/contarotacoes.com\/index.php?rest_route=%2Fwp%2Fv2%2Fmedia&parent=25610"}],"wp:term":[{"taxonomy":"category","embeddable":true,"href":"https:\/\/contarotacoes.com\/index.php?rest_route=%2Fwp%2Fv2%2Fcategories&post=25610"},{"taxonomy":"post_tag","embeddable":true,"href":"https:\/\/contarotacoes.com\/index.php?rest_route=%2Fwp%2Fv2%2Ftags&post=25610"}],"curies":[{"name":"wp","href":"https:\/\/api.w.org\/{rel}","templated":true}]}}