{"id":25595,"date":"2026-03-05T22:20:10","date_gmt":"2026-03-05T22:20:10","guid":{"rendered":"https:\/\/contarotacoes.com\/?p=25595"},"modified":"2026-03-05T22:20:10","modified_gmt":"2026-03-05T22:20:10","slug":"a-stellantis-pro-one-unidade-de-negocios-de-veiculos-comerciais-da-stellantis-lanca-na-europa-uma-campanha-comercial-que-propoe-veiculos-eletricos-a-bateria-ao-preco-dos-equivalentes-a-diesel","status":"publish","type":"post","link":"https:\/\/contarotacoes.com\/?p=25595","title":{"rendered":"A Stellantis Pro One, unidade de neg\u00f3cios de Ve\u00edculos Comerciais da Stellantis, lan\u00e7a na Europa uma campanha comercial que prop\u00f5e ve\u00edculos el\u00e9tricos a bateria ao pre\u00e7o dos equivalentes a diesel"},"content":{"rendered":"<ul type=\"disc\">\n<li class=\"m_-2270485092059183811SBullet\" style=\"text-align: justify;\"><b>At\u00e9 ao final de junho, a Stellantis Pro One ir\u00e1 propor vers\u00f5es el\u00e9tricas a bateria dos seus furg\u00f5es Compactos e M\u00e9dios ao mesmo pre\u00e7o que os equivalentes com motor diesel para apoiar todos os clientes profissionais na transi\u00e7\u00e3o energ\u00e9tica.<u><\/u><u><\/u><\/b><\/li>\n<li class=\"m_-2270485092059183811SBullet\" style=\"text-align: justify;\"><b>A oferta abrange toda a gama de furg\u00f5es Compactos (Citro\u00ebn Berlingo, Fiat Professional Dobl\u00f2, Opel Combo e Peugeot Partner) e tamb\u00e9m toda a gama de furg\u00f5es M\u00e9dios (Citro\u00ebn Jumpy, Fiat Professional Scudo, Opel Vivaro e Peugeot Expert).<u><\/u><u><\/u><\/b><\/li>\n<\/ul>\n<p class=\"m_-2270485092059183811SSubtitleCxSpFirst\" style=\"text-align: justify;\"><a name=\"m_-2270485092059183811_Section2\"><\/a>A Stellantis Pro One lan\u00e7a uma nova campanha comercial na Europa atrav\u00e9s da qual prop\u00f5e furg\u00f5es el\u00e9tricos a bateria (BEV) ao mesmo pre\u00e7o que os equivalentes a diesel, refor\u00e7ando o seu compromisso de tornar a mobilidade sustent\u00e1vel acess\u00edvel a todos os clientes profissionais. Com esta iniciativa, a Stellantis Pro One pretende apoiar ativamente a transi\u00e7\u00e3o para a eletrifica\u00e7\u00e3o, eliminando uma das principais barreiras \u00e0 sua ado\u00e7\u00e3o: o valor de aquisi\u00e7\u00e3o.<u><\/u><u><\/u><u><\/u>\u00a0<u><\/u><\/p>\n<p class=\"m_-2270485092059183811SSubtitleCxSpMiddle\" style=\"text-align: justify;\">A campanha aplica-se \u00e0s gamas de furg\u00f5es BEV Compactos e M\u00e9dios da Stellantis Pro One \u2013 Citro\u00ebn Berlingo e Jumpy, Fiat Professional Dobl\u00f2 e Scudo, Opel Combo e Vivaro, Peugeot Partner e Expert \u2013 garantindo que os profissionais possam optar pela mobilidade el\u00e9trica sem renunciar \u00e0 mesma versatilidade operacional esperada dos ve\u00edculos com motores diesel.<u><\/u><u><\/u><u><\/u>\u00a0<u><\/u><\/p>\n<p class=\"m_-2270485092059183811SSubtitleCxSpMiddle\" style=\"text-align: justify;\">Esta iniciativa implementada \u00e0 escala europeia est\u00e1 dispon\u00edvel at\u00e9 ao final de junho de 2026, refor\u00e7ando, ainda mais, o papel da Stellantis Pro One como parceira de confian\u00e7a junto dos clientes profissionais. Refira-se que em Portugal a Stellantis \u00e9 o l\u00edder destacado nas vendas de Ve\u00edculos Comerciais, tanto com motores t\u00e9rmicos, como com motores el\u00e9tricos a bateria.<u><\/u><u><\/u><u><\/u>\u00a0<u><\/u><\/p>\n<p class=\"m_-2270485092059183811SSubtitleCxSpMiddle\" style=\"text-align: justify;\">\u201cCom esta campanha, a Stellantis Pro One est\u00e1 a dar um passo concreto no apoio aos profissionais em todas as etapas do seu processo de eletrifica\u00e7\u00e3o\u201d,\u00a0afirmou\u00a0<b>Eric Laforge, Vice-Presidente S\u00e9nior da Stellantis Pro One<\/b>.\u201cAo propor os ve\u00edculos comerciais el\u00e9tricos a bateria pelo mesmo pre\u00e7o dos ve\u00edculos a diesel, estamos a tornar a mobilidade el\u00e9trica numa op\u00e7\u00e3o realista e acess\u00edvel para todos os clientes profissionais.\u201d<\/p>\n","protected":false},"excerpt":{"rendered":"<p>At\u00e9 ao final de junho, a Stellantis Pro One ir\u00e1 propor vers\u00f5es el\u00e9tricas a bateria dos seus furg\u00f5es Compactos e M\u00e9dios ao mesmo pre\u00e7o que os equivalentes com motor diesel para apoiar todos os clientes profissionais na transi\u00e7\u00e3o energ\u00e9tica. A oferta abrange toda a gama de furg\u00f5es Compactos (Citro\u00ebn Berlingo, Fiat Professional Dobl\u00f2, Opel Combo [&hellip;]<\/p>\n","protected":false},"author":2,"featured_media":25596,"comment_status":"open","ping_status":"open","sticky":false,"template":"","format":"standard","meta":{"_editorskit_title_hidden":false,"_editorskit_reading_time":0,"_editorskit_is_block_options_detached":false,"_editorskit_block_options_position":"{}","om_disable_all_campaigns":false,"_monsterinsights_skip_tracking":false,"_monsterinsights_sitenote_active":false,"_monsterinsights_sitenote_note":"","_monsterinsights_sitenote_category":0,"_uf_show_specific_survey":0,"_uf_disable_surveys":false,"site-sidebar-layout":"default","site-content-layout":"","ast-site-content-layout":"default","site-content-style":"default","site-sidebar-style":"default","ast-global-header-display":"","ast-banner-title-visibility":"","ast-main-header-display":"","ast-hfb-above-header-display":"","ast-hfb-below-header-display":"","ast-hfb-mobile-header-display":"","site-post-title":"","ast-breadcrumbs-content":"","ast-featured-img":"","footer-sml-layout":"","theme-transparent-header-meta":"default","adv-header-id-meta":"","stick-header-meta":"default","header-above-stick-meta":"","header-main-stick-meta":"","header-below-stick-meta":"","astra-migrate-meta-layouts":"set","ast-page-background-enabled":"default","ast-page-background-meta":{"desktop":{"background-color":"","background-image":"","background-repeat":"repeat","background-position":"center center","background-size":"auto","background-attachment":"scroll","background-type":"","background-media":"","overlay-type":"","overlay-color":"","overlay-opacity":"","overlay-gradient":""},"tablet":{"background-color":"","background-image":"","background-repeat":"repeat","background-position":"center center","background-size":"auto","background-attachment":"scroll","background-type":"","background-media":"","overlay-type":"","overlay-color":"","overlay-opacity":"","overlay-gradient":""},"mobile":{"background-color":"","background-image":"","background-repeat":"repeat","background-position":"center center","background-size":"auto","background-attachment":"scroll","background-type":"","background-media":"","overlay-type":"","overlay-color":"","overlay-opacity":"","overlay-gradient":""}},"ast-content-background-meta":{"desktop":{"background-color":"var(--ast-global-color-5)","background-image":"","background-repeat":"repeat","background-position":"center center","background-size":"auto","background-attachment":"scroll","background-type":"","background-media":"","overlay-type":"","overlay-color":"","overlay-opacity":"","overlay-gradient":""},"tablet":{"background-color":"var(--ast-global-color-5)","background-image":"","background-repeat":"repeat","background-position":"center center","background-size":"auto","background-attachment":"scroll","background-type":"","background-media":"","overlay-type":"","overlay-color":"","overlay-opacity":"","overlay-gradient":""},"mobile":{"background-color":"var(--ast-global-color-5)","background-image":"","background-repeat":"repeat","background-position":"center center","background-size":"auto","background-attachment":"scroll","background-type":"","background-media":"","overlay-type":"","overlay-color":"","overlay-opacity":"","overlay-gradient":""}},"footnotes":""},"categories":[13],"tags":[],"class_list":["post-25595","post","type-post","status-publish","format-standard","has-post-thumbnail","hentry","category-comercio"],"aioseo_notices":[],"_links":{"self":[{"href":"https:\/\/contarotacoes.com\/index.php?rest_route=\/wp\/v2\/posts\/25595","targetHints":{"allow":["GET"]}}],"collection":[{"href":"https:\/\/contarotacoes.com\/index.php?rest_route=\/wp\/v2\/posts"}],"about":[{"href":"https:\/\/contarotacoes.com\/index.php?rest_route=\/wp\/v2\/types\/post"}],"author":[{"embeddable":true,"href":"https:\/\/contarotacoes.com\/index.php?rest_route=\/wp\/v2\/users\/2"}],"replies":[{"embeddable":true,"href":"https:\/\/contarotacoes.com\/index.php?rest_route=%2Fwp%2Fv2%2Fcomments&post=25595"}],"version-history":[{"count":1,"href":"https:\/\/contarotacoes.com\/index.php?rest_route=\/wp\/v2\/posts\/25595\/revisions"}],"predecessor-version":[{"id":25597,"href":"https:\/\/contarotacoes.com\/index.php?rest_route=\/wp\/v2\/posts\/25595\/revisions\/25597"}],"wp:featuredmedia":[{"embeddable":true,"href":"https:\/\/contarotacoes.com\/index.php?rest_route=\/wp\/v2\/media\/25596"}],"wp:attachment":[{"href":"https:\/\/contarotacoes.com\/index.php?rest_route=%2Fwp%2Fv2%2Fmedia&parent=25595"}],"wp:term":[{"taxonomy":"category","embeddable":true,"href":"https:\/\/contarotacoes.com\/index.php?rest_route=%2Fwp%2Fv2%2Fcategories&post=25595"},{"taxonomy":"post_tag","embeddable":true,"href":"https:\/\/contarotacoes.com\/index.php?rest_route=%2Fwp%2Fv2%2Ftags&post=25595"}],"curies":[{"name":"wp","href":"https:\/\/api.w.org\/{rel}","templated":true}]}}