{"id":25582,"date":"2026-03-05T22:02:27","date_gmt":"2026-03-05T22:02:27","guid":{"rendered":"https:\/\/contarotacoes.com\/?p=25582"},"modified":"2026-03-05T22:02:27","modified_gmt":"2026-03-05T22:02:27","slug":"car-policy-benchmark-2025-estudo-da-ayvens-revela-que-40-das-frotas-empresariais-de-passageiros-em-portugal-ja-sao-eletrificadas","status":"publish","type":"post","link":"https:\/\/contarotacoes.com\/?p=25582","title":{"rendered":"Car Policy Benchmark 2025 : Estudo da Ayvens revela que 40% das frotas empresariais de passageiros em Portugal j\u00e1 s\u00e3o eletrificadas"},"content":{"rendered":"<ul>\n<li style=\"text-align: justify;\"><strong>A percentagem de eletrifica\u00e7\u00e3o das frotas de passageiros triplicou, passando de 13% em 2022 para 40% em 2025;<\/strong><\/li>\n<li style=\"text-align: justify;\"><span style=\"font-size: 16px;\"><strong>A dura\u00e7\u00e3o m\u00e9dia dos contratos aumentou para 51 meses, face aos 47 meses registados em 2022, sendo que 31% das organiza\u00e7\u00f5es j\u00e1 contratam por cinco anos ou mais, face a apenas 9% em 2022;<\/strong><\/span><\/li>\n<li style=\"text-align: justify;\"><span style=\"font-size: 16px;\"><strong>83% das empresas utilizam o TCO como crit\u00e9rio de decis\u00e3o na gest\u00e3o das suas frotas;<\/strong><\/span><\/li>\n<li style=\"text-align: justify;\"><strong>96% das empresas j\u00e1 possuem pol\u00edticas de frota formalizadas.<\/strong><\/li>\n<\/ul>\n<p style=\"text-align: justify;\">O <strong><em>Car Policy Benchmark 2025<\/em><\/strong>, promovido pela <strong>Ayvens<\/strong>, revela que a percentagem de <strong>ve\u00edculos de passageiros eletrificados<\/strong> (100% el\u00e9tricos e h\u00edbridos plug-in) triplicou, passando de <strong>13% em 2022 para 40% em 2025<\/strong>. Este valor significa que, dos cerca de 10 mil ve\u00edculos de passageiros analisados no estudo, num universo total de 12 mil ve\u00edculos, aproximadamente 4 mil j\u00e1 s\u00e3o eletrificados.<\/p>\n<p style=\"text-align: justify;\">Nos ve\u00edculos de mercadorias, a evolu\u00e7\u00e3o tamb\u00e9m \u00e9 significativa, de 1% em 2022 para 10% em 2025. Os resultados evidenciam uma evolu\u00e7\u00e3o significativa na maturidade das pol\u00edticas de frota, com maior foco em m\u00e9tricas econ\u00f3micas, como o <strong>custo total de utiliza\u00e7\u00e3o (TCO)<\/strong>, e uma crescente padroniza\u00e7\u00e3o das pr\u00e1ticas de gest\u00e3o.<\/p>\n<p style=\"text-align: justify;\">O estudo analisou as pol\u00edticas e pr\u00e1ticas de cerca de 400 empresas, de 11 setores de atividade, que representam uma frota aproximada de 12 mil ve\u00edculos, respons\u00e1veis por mais de 425 milh\u00f5es de quil\u00f3metros percorridos anualmente. A principal novidade desta edi\u00e7\u00e3o \u00e9 a inclus\u00e3o de um novo cap\u00edtulo dedicado \u00e0 <strong>experi\u00eancia da transi\u00e7\u00e3o el\u00e9trica<\/strong>. Os dados demonstram que a gest\u00e3o de frotas \u00e9 hoje uma \u00e1rea amplamente estruturada, com <strong>mais de 96% das empresas a disporem de pol\u00edticas de frota formalizadas<\/strong>, com um grau m\u00e9dio de integralidade e abrang\u00eancia de 75%.<\/p>\n<p style=\"text-align: justify;\">Entre 2022 e 2025, registou-se um crescimento significativo na utiliza\u00e7\u00e3o do<strong> TCO<\/strong> como crit\u00e9rio de decis\u00e3o nas pol\u00edticas de frota, passando de <strong>73% para 83% das empresas<\/strong>. A ado\u00e7\u00e3o desta metodologia \u00e9 mais expressiva em frotas de maior dimens\u00e3o, embora <strong>80% das frotas mais pequenas<\/strong> j\u00e1 recorram ao TCO. No que diz respeito aos procedimentos e responsabilidades dos colaboradores, observa-se uma tend\u00eancia crescente de <strong>corresponsabiliza\u00e7\u00e3o nos custos com seguros<\/strong>, com o \u00edndice a aumentar de <strong>29% em 2022 para 33% em 2025<\/strong>.<\/p>\n<p style=\"text-align: justify;\">Paralelamente, verifica-se uma altera\u00e7\u00e3o relevante na defini\u00e7\u00e3o dos plafonds. Em 2025, <strong>82% das empresas utilizaram plafonds de renda<\/strong>, substituindo progressivamente os plafonds de aquisi\u00e7\u00e3o, quando, em 2022, ambos coexistiam de forma equilibrada. Nos \u00faltimos tr\u00eas anos, os plafonds de renda aumentaram, em m\u00e9dia, <strong>11%<\/strong>, com maior impacto nas equipas comerciais (+16%) e nas chefias interm\u00e9dias (+13%).<\/p>\n<p style=\"text-align: justify;\">\u201c<em>Num contexto empresarial cada vez mais orientado para a sustentabilidade e para a efici\u00eancia, o Car Policy Benchmark 2025 refor\u00e7a a import\u00e2ncia estrat\u00e9gica da gest\u00e3o da frota. Este estudo mostra um mercado em clara evolu\u00e7\u00e3o, mais profissional, mais estruturado e mais preparado para a transi\u00e7\u00e3o el\u00e9trica. A Ayvens continuar\u00e1 empenhada em apoiar as empresas com solu\u00e7\u00f5es que aceleram esta transforma\u00e7\u00e3o e contribuem para uma mobilidade mais inteligente e respons\u00e1vel<\/em>\u201d, destaca <strong>Ant\u00f3nio Oliveira Martins, Diretor-geral da Ayvens Portugal<\/strong>.<\/p>\n<p style=\"text-align: justify;\">Ao n\u00edvel da utiliza\u00e7\u00e3o dos ve\u00edculos, a <strong>dura\u00e7\u00e3o m\u00e9dia dos contratos aumentou para 51 meses<\/strong>, face aos 47 meses registados em 2022. A contrata\u00e7\u00e3o de prazos mais longos permite \u00e0s empresas aceder a rendas mais competitivas, sendo que <strong>31%<\/strong> das organiza\u00e7\u00f5es j\u00e1 contratam por cinco anos ou mais, face a apenas 9% em 2022. O renting continua a alargar o conjunto de servi\u00e7os inclu\u00eddos. Desde 2022, a concentra\u00e7\u00e3o m\u00e9dia de servi\u00e7os aumentou de <strong>78% para 81%<\/strong>, com destaque para a subscri\u00e7\u00e3o de ve\u00edculos de substitui\u00e7\u00e3o, seguros e seguros de recondicionamento.<\/p>\n<p style=\"text-align: justify;\">A eletrifica\u00e7\u00e3o das frotas mant\u00e9m tamb\u00e9m uma trajet\u00f3ria de crescimento consistente. O <strong>\u00edndice de eletrifica\u00e7\u00e3o<\/strong> subiu 7 pontos percentuais, de <strong>45% em 2022 para 52% em 2025<\/strong>. As empresas revelam maior prepara\u00e7\u00e3o para a transi\u00e7\u00e3o e maior consci\u00eancia das oportunidades associadas \u00e0 mobilidade el\u00e9trica. A dimens\u00e3o mais valorizada foi a das <strong>considera\u00e7\u00f5es de custos<\/strong> (74%), enquanto o <strong>impacto da transi\u00e7\u00e3o nos condutores<\/strong> continua a ser o aspeto menos pontuado (32%).<\/p>\n<p style=\"text-align: justify;\">O inqu\u00e9rito a condutores contou com a participa\u00e7\u00e3o de mais de 3 mil colaboradores, que percorrem, em m\u00e9dia, menos de 28 mil quil\u00f3metros por ano. Atualmente, <strong>38% j\u00e1 conduzem ve\u00edculos eletrificados<\/strong> (face a 17% em 2022), dos quais 25% s\u00e3o 100% el\u00e9tricos e 13% h\u00edbridos plug-in. Os principais obst\u00e1culos apontados \u00e0 transi\u00e7\u00e3o incluem a <strong>autonomia dos ve\u00edculos el\u00e9tricos (31%)<\/strong>, <strong>a insufici\u00eancia da rede p\u00fablica de carregamento (26%)<\/strong>, a <strong>necessidade de maior planeamento de viagens longas (23%)<\/strong> e o <strong>investimento inicial mais elevado (14%)<\/strong>. Apesar dos desafios identificados, <strong>50% dos condutores afirma estar dispon\u00edvel para transitar j\u00e1 para ve\u00edculos 100% el\u00e9tricos<\/strong>, e 25% para h\u00edbridos plug-in, o que representa um potencial de transi\u00e7\u00e3o adicional de quase 40%.<\/p>\n<p style=\"text-align: justify;\">A edi\u00e7\u00e3o de 2025 confirma, assim, uma evolu\u00e7\u00e3o clara da gest\u00e3o de frotas em Portugal. A pol\u00edtica de frota afirma-se como uma ferramenta estrat\u00e9gica de gest\u00e3o integrada, onde convergem objetivos econ\u00f3micos, de responsabilidade ambiental e de valoriza\u00e7\u00e3o das pessoas. Num contexto marcado pela maturidade tecnol\u00f3gica dos ve\u00edculos el\u00e9tricos e por press\u00f5es externas, como a infla\u00e7\u00e3o energ\u00e9tica e a regula\u00e7\u00e3o ambiental, as empresas s\u00e3o hoje chamadas a adotar pol\u00edticas de frota cada vez mais equilibradas, sustent\u00e1veis e orientadas para o futuro.<\/p>\n","protected":false},"excerpt":{"rendered":"<p>A percentagem de eletrifica\u00e7\u00e3o das frotas de passageiros triplicou, passando de 13% em 2022 para 40% em 2025; A dura\u00e7\u00e3o m\u00e9dia dos contratos aumentou para 51 meses, face aos 47 meses registados em 2022, sendo que 31% das organiza\u00e7\u00f5es j\u00e1 contratam por cinco anos ou mais, face a apenas 9% em 2022; 83% das empresas [&hellip;]<\/p>\n","protected":false},"author":2,"featured_media":25583,"comment_status":"open","ping_status":"open","sticky":false,"template":"","format":"standard","meta":{"_editorskit_title_hidden":false,"_editorskit_reading_time":0,"_editorskit_is_block_options_detached":false,"_editorskit_block_options_position":"{}","om_disable_all_campaigns":false,"_monsterinsights_skip_tracking":false,"_monsterinsights_sitenote_active":false,"_monsterinsights_sitenote_note":"","_monsterinsights_sitenote_category":0,"_uf_show_specific_survey":0,"_uf_disable_surveys":false,"site-sidebar-layout":"default","site-content-layout":"","ast-site-content-layout":"default","site-content-style":"default","site-sidebar-style":"default","ast-global-header-display":"","ast-banner-title-visibility":"","ast-main-header-display":"","ast-hfb-above-header-display":"","ast-hfb-below-header-display":"","ast-hfb-mobile-header-display":"","site-post-title":"","ast-breadcrumbs-content":"","ast-featured-img":"","footer-sml-layout":"","theme-transparent-header-meta":"default","adv-header-id-meta":"","stick-header-meta":"default","header-above-stick-meta":"","header-main-stick-meta":"","header-below-stick-meta":"","astra-migrate-meta-layouts":"set","ast-page-background-enabled":"default","ast-page-background-meta":{"desktop":{"background-color":"","background-image":"","background-repeat":"repeat","background-position":"center center","background-size":"auto","background-attachment":"scroll","background-type":"","background-media":"","overlay-type":"","overlay-color":"","overlay-opacity":"","overlay-gradient":""},"tablet":{"background-color":"","background-image":"","background-repeat":"repeat","background-position":"center center","background-size":"auto","background-attachment":"scroll","background-type":"","background-media":"","overlay-type":"","overlay-color":"","overlay-opacity":"","overlay-gradient":""},"mobile":{"background-color":"","background-image":"","background-repeat":"repeat","background-position":"center center","background-size":"auto","background-attachment":"scroll","background-type":"","background-media":"","overlay-type":"","overlay-color":"","overlay-opacity":"","overlay-gradient":""}},"ast-content-background-meta":{"desktop":{"background-color":"var(--ast-global-color-5)","background-image":"","background-repeat":"repeat","background-position":"center center","background-size":"auto","background-attachment":"scroll","background-type":"","background-media":"","overlay-type":"","overlay-color":"","overlay-opacity":"","overlay-gradient":""},"tablet":{"background-color":"var(--ast-global-color-5)","background-image":"","background-repeat":"repeat","background-position":"center center","background-size":"auto","background-attachment":"scroll","background-type":"","background-media":"","overlay-type":"","overlay-color":"","overlay-opacity":"","overlay-gradient":""},"mobile":{"background-color":"var(--ast-global-color-5)","background-image":"","background-repeat":"repeat","background-position":"center center","background-size":"auto","background-attachment":"scroll","background-type":"","background-media":"","overlay-type":"","overlay-color":"","overlay-opacity":"","overlay-gradient":""}},"footnotes":""},"categories":[13],"tags":[],"class_list":["post-25582","post","type-post","status-publish","format-standard","has-post-thumbnail","hentry","category-comercio"],"aioseo_notices":[],"_links":{"self":[{"href":"https:\/\/contarotacoes.com\/index.php?rest_route=\/wp\/v2\/posts\/25582","targetHints":{"allow":["GET"]}}],"collection":[{"href":"https:\/\/contarotacoes.com\/index.php?rest_route=\/wp\/v2\/posts"}],"about":[{"href":"https:\/\/contarotacoes.com\/index.php?rest_route=\/wp\/v2\/types\/post"}],"author":[{"embeddable":true,"href":"https:\/\/contarotacoes.com\/index.php?rest_route=\/wp\/v2\/users\/2"}],"replies":[{"embeddable":true,"href":"https:\/\/contarotacoes.com\/index.php?rest_route=%2Fwp%2Fv2%2Fcomments&post=25582"}],"version-history":[{"count":1,"href":"https:\/\/contarotacoes.com\/index.php?rest_route=\/wp\/v2\/posts\/25582\/revisions"}],"predecessor-version":[{"id":25584,"href":"https:\/\/contarotacoes.com\/index.php?rest_route=\/wp\/v2\/posts\/25582\/revisions\/25584"}],"wp:featuredmedia":[{"embeddable":true,"href":"https:\/\/contarotacoes.com\/index.php?rest_route=\/wp\/v2\/media\/25583"}],"wp:attachment":[{"href":"https:\/\/contarotacoes.com\/index.php?rest_route=%2Fwp%2Fv2%2Fmedia&parent=25582"}],"wp:term":[{"taxonomy":"category","embeddable":true,"href":"https:\/\/contarotacoes.com\/index.php?rest_route=%2Fwp%2Fv2%2Fcategories&post=25582"},{"taxonomy":"post_tag","embeddable":true,"href":"https:\/\/contarotacoes.com\/index.php?rest_route=%2Fwp%2Fv2%2Ftags&post=25582"}],"curies":[{"name":"wp","href":"https:\/\/api.w.org\/{rel}","templated":true}]}}