{"id":25578,"date":"2026-03-05T21:49:25","date_gmt":"2026-03-05T21:49:25","guid":{"rendered":"https:\/\/contarotacoes.com\/?p=25578"},"modified":"2026-03-05T21:50:12","modified_gmt":"2026-03-05T21:50:12","slug":"portugal-recebe-os-melhores-dos-melhores-do-tt-mundial","status":"publish","type":"post","link":"https:\/\/contarotacoes.com\/?p=25578","title":{"rendered":"Portugal recebe os melhores dos melhores do TT mundial"},"content":{"rendered":"<ul>\n<li><strong>Competitiva lista de inscritos na segunda ronda do campeonato<\/strong><\/li>\n<li><strong>Al-Attiyah (carros) e Benavides (motos) defendem lideran\u00e7a<\/strong><\/li>\n<\/ul>\n<p style=\"text-align: justify;\">A elite do todo-o-terreno mundial prepara-se para rumar a Portugal e \u00e0 Extremadura espanhola onde, durante uma semana, vai competir nas desafiantes pistas que o Autom\u00f3vel Club de Portugal preparou para a terceira edi\u00e7\u00e3o do bp Ultimate Rally-Raid Portugal. A prova, com largada em Gr\u00e2ndola, no dia 17 de mar\u00e7o, e final no concelho de Loul\u00e9, no dia 22 de mar\u00e7o, apresenta uma extensa e muito competitiva lista de inscritos com a participa\u00e7\u00e3o das principais equipes participantes do Campeonato Mundial de TT para o qual a prova pontua.<\/p>\n<p style=\"text-align: justify;\">Nos autom\u00f3veis, h\u00e1 v\u00e1rios fabricantes que se envolvem com meios de f\u00e1brica, como Dacia, Toyota, Ford, Ebro ou Defender. Entre os pilotos, Nasser Al-Attiyah (Dacia) comanda um pelot\u00e3o de estrelas. O qatari lidera a classifica\u00e7\u00e3o do Mundial, fruto da vit\u00f3ria no Dakar, e parte para a segunda rodada da temporada \u00e0 frente de Mattias Ekstr\u00f6m (Ford). A maioria dos grandes nomes da modalidade respondeu ao chamado. A lista conta com a presen\u00e7a de Lucas Moraes (Dacia), campe\u00e3o mundial em t\u00edtulo e vencedor da \u00faltima edi\u00e7\u00e3o do bp Ultimate Rally-Raid Portugal, de S\u00e9bastien Loeb (Dacia), Carlos Sainz (Ford), Yazeed Al Rajhi e Henk Lategan, ambos em Toyota.<\/p>\n<p style=\"text-align: justify;\">Tamb\u00e9m entre Challenger e SSV, a popularidade do bp Ultimate Rally-Raid Portugal \u00e9 alta. Os melhores classificados nas respectivas categorias estar\u00e3o praticamente todos alinhados \u00e0 partida e espera-se acesas lutas pela vit\u00f3ria, com a participa\u00e7\u00e3o j\u00e1 confirmada de nomes como o campe\u00e3o mundial SSV, Alexandre Pinto (Taurus), ou Pau Navarro (Bairons), l\u00edder da categoria em 2026. Jo\u00e3o Monteiro (Can-Am), o segundo melhor dos SSV no campeonato, lidera o numeroso pelot\u00e3o que conta com uma fort\u00edssima representa\u00e7\u00e3o portuguesa. Destaque, ainda, para a categoria Stock \u2013 os ve\u00edculos mais pr\u00f3ximos das vers\u00f5es de s\u00e9rie \u2013 em que a Defender se apresenta \u00e0 partida em sua m\u00e1xima for\u00e7a. O l\u00edder do Mundial, Rokas Baciuska, corre com um dos carros ingleses, assim como acontece com um dos pilotos com o mais palmar\u00e9s na hist\u00f3ria do TT, St\u00e9phane Peterhansel, e Sara Price.<\/p>\n<p style=\"text-align: justify;\">Nas motos, Honda, KTM e Hero chegam praticamente com for\u00e7a total. Daniel Sanders (KTM) venceu a corrida em 2025 e busca repetir o feito. Mas o equil\u00edbrio entre os diversos construtores \u00e9 grande, como se viu na rodada que abriu a temporada, e h\u00e1, por certo, um punhado de candidatos \u00e0 vit\u00f3ria. \u00c9 o caso do l\u00edder do campeonato, Luciano Benavides (KTM), ou dos homens da Honda, como Ricky Brabec, Skyler Howes, Tosha Schareina, ou dos representantes da Hero, Jose Ignacio Cornejo e Ross Branch. Em Rally 2, os tr\u00eas primeiros, incluindo Martim Ventura (Honda), t\u00eam presen\u00e7a confirmada.<\/p>\n<p style=\"text-align: justify;\">Destaque, tamb\u00e9m, para a CF Moto que inscreve em n\u00edvel oficial, dois quadriciclos para pilotos vindos da Let\u00f4nia.<\/p>\n<p style=\"text-align: justify;\"><strong>Portugueses ambiciosos<\/strong><\/p>\n<p style=\"text-align: justify;\">Entre os 117 inscritos, s\u00e3o 24 forma\u00e7\u00f5es portuguesas que se inscreveram no bp Ultimate Rally-Raid Portugal. Entre elas, est\u00e1 a dupla Jo\u00e3o Ferreira\/Filipe Palmeiro. A equipe lusa chega galvanizada ap\u00f3s o triunfo na primeira prova do Campeonato Portugu\u00eas de TT e certamente lutar\u00e1 pela vit\u00f3ria absoluta.<br \/>\nEntre os Challenger, Alexandre Pinto \u00e9 a principal estrela de uma delega\u00e7\u00e3o que conta com o ex-campe\u00e3o portugu\u00eas, Ricardo Por\u00e9m. \u00c9, no entanto, nos SSV que as for\u00e7as portuguesas mais brilham. Jo\u00e3o Monteiro \u00e9, como dito, o melhor classificado no campeonato presente no bp Ultimate Rally-Raid Portugal. Al\u00e9m deste, est\u00e1 o pluricampe\u00e3o portugu\u00eas, Miguel Barbosa, ou os muito r\u00e1pidos Lu\u00eds Cidade e Lu\u00eds Portela Morais.<\/p>\n<p style=\"text-align: justify;\">Nas motos, Martim Ventura lidera a delega\u00e7\u00e3o nacional. Alguns dos mais fortes que disputam o campeonato portugu\u00eas este ano tamb\u00e9m se apresentam \u00e0 partida e querem mostrar servi\u00e7o. S\u00e3o os casos de Bruno Santos (Husqvarna) ou Micael Sim\u00e3o (KTM).<\/p>\n<p style=\"text-align: justify;\">&#8220;O bp Ultimate Rally-Raid Portugal estabeleceu-se, desde a primeira edi\u00e7\u00e3o, como a refer\u00eancia da modalidade na Europa, o que lhe d\u00e1 um forte protagonismo internacional. As pistas muito particulares s\u00e3o completamente diferentes da maioria das provas que integram o Campeonato do Mundo de TT e isso tem sido reconhecido pelas equipas, em particular pelos pilotos, que destacam o car\u00e1cter t\u00e9cnico do percurso desenhado. Este fator, aliado a uma organiza\u00e7\u00e3o muito experiente, ao excelente trabalho no dom\u00ednio, por exemplo, da sustentabilidade, traduz-se numa lista de inscritos muito competitiva com v\u00e1rios candidatos ao triunfo .<\/p>\n<p style=\"text-align: justify;\"><strong>Parque de assist\u00eancia aberto ao p\u00fablico<\/strong><\/p>\n<p style=\"text-align: justify;\">Os f\u00e3s da modalidade t\u00eam, no bp Ultimate Rally-Raid Portugal, uma oportunidade \u00fanica de ver os melhores carros e motos e as estrelas do TT. Al\u00e9m de toda a a\u00e7\u00e3o nas pistas de Portugal e da Extremadura espanhola, h\u00e1 a possibilidade de visitar o parque de assist\u00eancia da prova. \u00c9 um aut\u00eantico centro de excel\u00eancia da competi\u00e7\u00e3o off-road a n\u00edvel mundial que se estabelecer\u00e1 em Gr\u00e2ndola, em Badajoz e em Loul\u00e9.<\/p>\n<p style=\"text-align: justify;\">Na vila alentejana, o\u00a0bivouac\u00a0do bp Ultimate Rally-Raid Portugal est\u00e1 aberto ao p\u00fablico de 16 a 18 de mar\u00e7o, entre 18 e 22 horas (hora de Portugal Continental). Em Badajoz, o parque estar\u00e1 aberto nos dias 19 e 20, entre 18 e 23 horas (hor\u00e1rio espanhol, um a mais que em Portugal). De volta a terras lusas, em Loul\u00e9, o parque de assist\u00eancia ser\u00e1 montado junto ao Est\u00e1dio Algarve e os visitantes poder\u00e3o ver os carros e motos, no dia 21 de mar\u00e7o, das 18 \u00e0s 22 horas (hora de Portugal Continental).<\/p>\n<p style=\"text-align: justify;\"><a href=\"https:\/\/nl.acp.pt\/go\/30874a8ae7ad358c2755171966cf56f8f40915878e27bca686bfe1Be49je1fIxie1kZe2J0\" target=\"_blank\" rel=\"noopener\" data-saferedirecturl=\"https:\/\/www.google.com\/url?q=https:\/\/nl.acp.pt\/go\/30874a8ae7ad358c2755171966cf56f8f40915878e27bca686bfe1Be49je1fIxie1kZe2J0&amp;source=gmail&amp;ust=1772833259174000&amp;usg=AOvVaw2awULOFOiWhxmo4eAgD5oV\"><strong>Lista de inscritos FIA<\/strong><\/a><\/p>\n<p style=\"text-align: justify;\"><a href=\"https:\/\/nl.acp.pt\/go\/30874a8ae7ad358c2755171966cf56f8f40915878e27bca686bfe1Be49je1fIxie1kZe2J1\" target=\"_blank\" rel=\"noopener\" data-saferedirecturl=\"https:\/\/www.google.com\/url?q=https:\/\/nl.acp.pt\/go\/30874a8ae7ad358c2755171966cf56f8f40915878e27bca686bfe1Be49je1fIxie1kZe2J1&amp;source=gmail&amp;ust=1772833259174000&amp;usg=AOvVaw1EIULNryE74LfhJgIkYIlv\"><strong>Lista de inscritos FIM<\/strong><\/a><\/p>\n","protected":false},"excerpt":{"rendered":"<p>Competitiva lista de inscritos na segunda ronda do campeonato Al-Attiyah (carros) e Benavides (motos) defendem lideran\u00e7a A elite do todo-o-terreno mundial prepara-se para rumar a Portugal e \u00e0 Extremadura espanhola onde, durante uma semana, vai competir nas desafiantes pistas que o Autom\u00f3vel Club de Portugal preparou para a terceira edi\u00e7\u00e3o do bp Ultimate Rally-Raid Portugal. [&hellip;]<\/p>\n","protected":false},"author":2,"featured_media":25579,"comment_status":"open","ping_status":"open","sticky":false,"template":"","format":"standard","meta":{"_editorskit_title_hidden":false,"_editorskit_reading_time":0,"_editorskit_is_block_options_detached":false,"_editorskit_block_options_position":"{}","om_disable_all_campaigns":false,"_monsterinsights_skip_tracking":false,"_monsterinsights_sitenote_active":false,"_monsterinsights_sitenote_note":"","_monsterinsights_sitenote_category":0,"_uf_show_specific_survey":0,"_uf_disable_surveys":false,"site-sidebar-layout":"default","site-content-layout":"","ast-site-content-layout":"default","site-content-style":"default","site-sidebar-style":"default","ast-global-header-display":"","ast-banner-title-visibility":"","ast-main-header-display":"","ast-hfb-above-header-display":"","ast-hfb-below-header-display":"","ast-hfb-mobile-header-display":"","site-post-title":"","ast-breadcrumbs-content":"","ast-featured-img":"","footer-sml-layout":"","theme-transparent-header-meta":"default","adv-header-id-meta":"","stick-header-meta":"default","header-above-stick-meta":"","header-main-stick-meta":"","header-below-stick-meta":"","astra-migrate-meta-layouts":"set","ast-page-background-enabled":"default","ast-page-background-meta":{"desktop":{"background-color":"","background-image":"","background-repeat":"repeat","background-position":"center center","background-size":"auto","background-attachment":"scroll","background-type":"","background-media":"","overlay-type":"","overlay-color":"","overlay-opacity":"","overlay-gradient":""},"tablet":{"background-color":"","background-image":"","background-repeat":"repeat","background-position":"center center","background-size":"auto","background-attachment":"scroll","background-type":"","background-media":"","overlay-type":"","overlay-color":"","overlay-opacity":"","overlay-gradient":""},"mobile":{"background-color":"","background-image":"","background-repeat":"repeat","background-position":"center center","background-size":"auto","background-attachment":"scroll","background-type":"","background-media":"","overlay-type":"","overlay-color":"","overlay-opacity":"","overlay-gradient":""}},"ast-content-background-meta":{"desktop":{"background-color":"var(--ast-global-color-5)","background-image":"","background-repeat":"repeat","background-position":"center center","background-size":"auto","background-attachment":"scroll","background-type":"","background-media":"","overlay-type":"","overlay-color":"","overlay-opacity":"","overlay-gradient":""},"tablet":{"background-color":"var(--ast-global-color-5)","background-image":"","background-repeat":"repeat","background-position":"center center","background-size":"auto","background-attachment":"scroll","background-type":"","background-media":"","overlay-type":"","overlay-color":"","overlay-opacity":"","overlay-gradient":""},"mobile":{"background-color":"var(--ast-global-color-5)","background-image":"","background-repeat":"repeat","background-position":"center center","background-size":"auto","background-attachment":"scroll","background-type":"","background-media":"","overlay-type":"","overlay-color":"","overlay-opacity":"","overlay-gradient":""}},"footnotes":""},"categories":[11],"tags":[],"class_list":["post-25578","post","type-post","status-publish","format-standard","has-post-thumbnail","hentry","category-noticias"],"aioseo_notices":[],"_links":{"self":[{"href":"https:\/\/contarotacoes.com\/index.php?rest_route=\/wp\/v2\/posts\/25578","targetHints":{"allow":["GET"]}}],"collection":[{"href":"https:\/\/contarotacoes.com\/index.php?rest_route=\/wp\/v2\/posts"}],"about":[{"href":"https:\/\/contarotacoes.com\/index.php?rest_route=\/wp\/v2\/types\/post"}],"author":[{"embeddable":true,"href":"https:\/\/contarotacoes.com\/index.php?rest_route=\/wp\/v2\/users\/2"}],"replies":[{"embeddable":true,"href":"https:\/\/contarotacoes.com\/index.php?rest_route=%2Fwp%2Fv2%2Fcomments&post=25578"}],"version-history":[{"count":2,"href":"https:\/\/contarotacoes.com\/index.php?rest_route=\/wp\/v2\/posts\/25578\/revisions"}],"predecessor-version":[{"id":25581,"href":"https:\/\/contarotacoes.com\/index.php?rest_route=\/wp\/v2\/posts\/25578\/revisions\/25581"}],"wp:featuredmedia":[{"embeddable":true,"href":"https:\/\/contarotacoes.com\/index.php?rest_route=\/wp\/v2\/media\/25579"}],"wp:attachment":[{"href":"https:\/\/contarotacoes.com\/index.php?rest_route=%2Fwp%2Fv2%2Fmedia&parent=25578"}],"wp:term":[{"taxonomy":"category","embeddable":true,"href":"https:\/\/contarotacoes.com\/index.php?rest_route=%2Fwp%2Fv2%2Fcategories&post=25578"},{"taxonomy":"post_tag","embeddable":true,"href":"https:\/\/contarotacoes.com\/index.php?rest_route=%2Fwp%2Fv2%2Ftags&post=25578"}],"curies":[{"name":"wp","href":"https:\/\/api.w.org\/{rel}","templated":true}]}}