{"id":25572,"date":"2026-03-04T14:27:31","date_gmt":"2026-03-04T14:27:31","guid":{"rendered":"https:\/\/contarotacoes.com\/?p=25572"},"modified":"2026-03-04T14:27:31","modified_gmt":"2026-03-04T14:27:31","slug":"iveco-apresenta-a-primeira-edaily-com-carregamento-wireless-dinamico-e-estatico-integrado","status":"publish","type":"post","link":"https:\/\/contarotacoes.com\/?p=25572","title":{"rendered":"IVECO apresenta a primeira eDaily com carregamento wireless din\u00e2mico e est\u00e1tico integrado"},"content":{"rendered":"<ul>\n<li style=\"text-align: justify;\"><strong><em>A primeira eDaily com carregamento \u2018wireless\u2019 din\u00e2mico e est\u00e1tico entra em servi\u00e7o em coopera\u00e7\u00e3o com a concession\u00e1ria italiana de autoestradas Brebemi.<\/em><em style=\"font-size: 16px;\">\u00a0<\/em><\/strong><\/li>\n<\/ul>\n<ul style=\"text-align: justify;\">\n<li><strong><em>Um grande avan\u00e7o na aplica\u00e7\u00e3o real da tecnologia Dynamic Wireless Power Transfer.<\/em><em style=\"font-size: 16px;\">\u00a0<\/em><\/strong><\/li>\n<\/ul>\n<ul style=\"text-align: justify;\">\n<li><strong><em>A parceria entre a IVECO e a A35 Brebemi acelera o caminho para a mobilidade com emiss\u00f5es zero.<\/em><em style=\"font-size: 16px;\">\u00a0<\/em><\/strong><\/li>\n<\/ul>\n<p style=\"text-align: justify;\">Um novo avan\u00e7o rumo ao futuro da mobilidade est\u00e1 a tomar forma ao longo da autoestrada A35 Brebemi, com a eDaily a assumir o protagonismo na qualidade de primeiro ve\u00edculo pronto a circular equipado com carregamento sem fios integrado \u2014 tanto din\u00e2mico (DWPT \u2014 Dynamic Wireless Power Transfer) como est\u00e1tico \u2014, marcando um novo patamar rumo ao futuro da mobilidade. Este avan\u00e7o tecnol\u00f3gico demonstra a crescente maturidade e viabilidade do carregamento indutivo, abrindo novos cen\u00e1rios para o transporte sustent\u00e1vel e acelerando a transi\u00e7\u00e3o para a eletrifica\u00e7\u00e3o.<\/p>\n<p style=\"text-align: justify;\">A concession\u00e1ria italiana da autoestrada que liga Brescia e Mil\u00e3o, parte do grupo Aleatica e reconhecida internacionalmente pelos seus projetos pioneiros em mobilidade sustent\u00e1vel, anuncia a integra\u00e7\u00e3o na sua frota Argentea de uma nova eDaily com emiss\u00f5es zero \u2013 o ic\u00f3nico ve\u00edculo comercial ligeiro da IVECO na sua vers\u00e3o 100% el\u00e9trica \u2013 na vers\u00e3o 42C Furg\u00e3o de passageiros com lota\u00e7\u00e3o de 6 lugares, o que o torna ideal para as opera\u00e7\u00f5es dos funcion\u00e1rios da Brebemi. A entrega do ve\u00edculo \u00e9 feita atrav\u00e9s de uma f\u00f3rmula de leasing GATE de 36 meses.<\/p>\n<p style=\"text-align: justify;\">Esta unidade distingue-se dos ve\u00edculos eDaily de produ\u00e7\u00e3o normal gra\u00e7as \u00e0 <strong>integra\u00e7\u00e3o de um sistema de carregamento indutivo desenvolvido especificamente para interagir com a infraestrutura dedicada da Brebemi<\/strong>.<\/p>\n<p style=\"text-align: justify;\">A eDaily representa um marco importante numa jornada que a Brebemi iniciou h\u00e1 v\u00e1rios anos com a Arena del Futuro, continuada atrav\u00e9s da start-up VoltAtire. Este laborat\u00f3rio ao ar livre atraiu o interesse de fabricantes, operadores industriais e institui\u00e7\u00f5es, estabelecendo a Brebemi como uma refer\u00eancia internacional em tecnologias de carregamento wireless. Nos \u00faltimos meses, o interesse global pela DWPT tem vindo a crescer em todo o mundo. A Fran\u00e7a inaugurou o primeiro trecho de autoestrada do mundo com carregamento wireless din\u00e2mico, enquanto os Estados Unidos &#8211; mais recentemente na Fl\u00f3rida &#8211; lan\u00e7aram testes avan\u00e7ados em vias p\u00fablicas para o carregamento indutivo de ve\u00edculos el\u00e9tricos. Estas iniciativas demonstram como a <strong>tecnologia est\u00e1 a evoluir da fase experimental para uma potencial solu\u00e7\u00e3o estrutural das infraestruturas de transportes do futuro<\/strong>.<\/p>\n<p style=\"text-align: justify;\">Neste contexto, a decis\u00e3o da IVECO de testar um ve\u00edculo pronto para produ\u00e7\u00e3o equipado para carregamento wireless envia uma forte mensagem: n\u00e3o s\u00f3 valida o caminho percorrido at\u00e9 agora, mas tamb\u00e9m destaca como a colabora\u00e7\u00e3o entre operadores de infraestruturas e fabricantes est\u00e1 a tornar-se cada vez mais estrat\u00e9gica para acelerar a ado\u00e7\u00e3o de tecnologias inovadoras.<\/p>\n<p style=\"text-align: justify;\"><em>\u201cAp\u00f3s quase um ano a testar o carregamento \u2018wireless\u2019 nos modos est\u00e1tico e din\u00e2mico no anel equipado na zona A35 Brebemi \u2018Arena del Futuro\u2019 \u2013 com resultados altamente positivos \u2013, aproveit\u00e1mos a oportunidade para preparar uma nova eDaily equipada com o sistema DWPT. O nosso objetivo ambicioso \u00e9 alargar a funcionalidade de carregamento est\u00e1tico a locais p\u00fablicos compat\u00edveis\u201d<\/em>, comentou <strong>Marco Aimo-Boot, Eletrifica\u00e7\u00e3o de Ve\u00edculos \u2013 T&amp;D Inova\u00e7\u00e3o e Engenharia Avan\u00e7ada, Iveco Group<\/strong>.<em>\u00a0<\/em><\/p>\n<p style=\"text-align: justify;\"><em>\u201cO desenvolvimento desta solu\u00e7\u00e3o no \u00e2mbito do nosso portef\u00f3lio tecnol\u00f3gico representa um avan\u00e7o concreto no nosso percurso rumo \u00e0 descarboniza\u00e7\u00e3o. Testar o DWPT diretamente numa autoestrada demonstra ainda mais como o carregamento din\u00e2mico pode apoiar eficazmente as necessidades operacionais di\u00e1rias, garantindo seguran\u00e7a, desempenho e continuidade do servi\u00e7o para motoristas e operadores. O nosso projeto com a A35 Brebemi abre novas perspetivas para a eletrifica\u00e7\u00e3o no setor e reafirma a determina\u00e7\u00e3o da IVECO em liderar a inova\u00e7\u00e3o na estrada, onde a mobilidade do futuro toma forma\u201d<\/em>, salientou <strong>Norberto Codegone, Diretor de Gest\u00e3o de Produtos VCL da IVECO<\/strong>.<strong>\u00a0<\/strong><\/p>\n","protected":false},"excerpt":{"rendered":"<p>A primeira eDaily com carregamento \u2018wireless\u2019 din\u00e2mico e est\u00e1tico entra em servi\u00e7o em coopera\u00e7\u00e3o com a concession\u00e1ria italiana de autoestradas Brebemi.\u00a0 Um grande avan\u00e7o na aplica\u00e7\u00e3o real da tecnologia Dynamic Wireless Power Transfer.\u00a0 A parceria entre a IVECO e a A35 Brebemi acelera o caminho para a mobilidade com emiss\u00f5es zero.\u00a0 Um novo avan\u00e7o rumo [&hellip;]<\/p>\n","protected":false},"author":2,"featured_media":25573,"comment_status":"open","ping_status":"open","sticky":false,"template":"","format":"standard","meta":{"_editorskit_title_hidden":false,"_editorskit_reading_time":0,"_editorskit_is_block_options_detached":false,"_editorskit_block_options_position":"{}","om_disable_all_campaigns":false,"_monsterinsights_skip_tracking":false,"_monsterinsights_sitenote_active":false,"_monsterinsights_sitenote_note":"","_monsterinsights_sitenote_category":0,"_uf_show_specific_survey":0,"_uf_disable_surveys":false,"site-sidebar-layout":"default","site-content-layout":"","ast-site-content-layout":"default","site-content-style":"default","site-sidebar-style":"default","ast-global-header-display":"","ast-banner-title-visibility":"","ast-main-header-display":"","ast-hfb-above-header-display":"","ast-hfb-below-header-display":"","ast-hfb-mobile-header-display":"","site-post-title":"","ast-breadcrumbs-content":"","ast-featured-img":"","footer-sml-layout":"","theme-transparent-header-meta":"default","adv-header-id-meta":"","stick-header-meta":"default","header-above-stick-meta":"","header-main-stick-meta":"","header-below-stick-meta":"","astra-migrate-meta-layouts":"set","ast-page-background-enabled":"default","ast-page-background-meta":{"desktop":{"background-color":"","background-image":"","background-repeat":"repeat","background-position":"center center","background-size":"auto","background-attachment":"scroll","background-type":"","background-media":"","overlay-type":"","overlay-color":"","overlay-opacity":"","overlay-gradient":""},"tablet":{"background-color":"","background-image":"","background-repeat":"repeat","background-position":"center center","background-size":"auto","background-attachment":"scroll","background-type":"","background-media":"","overlay-type":"","overlay-color":"","overlay-opacity":"","overlay-gradient":""},"mobile":{"background-color":"","background-image":"","background-repeat":"repeat","background-position":"center center","background-size":"auto","background-attachment":"scroll","background-type":"","background-media":"","overlay-type":"","overlay-color":"","overlay-opacity":"","overlay-gradient":""}},"ast-content-background-meta":{"desktop":{"background-color":"var(--ast-global-color-5)","background-image":"","background-repeat":"repeat","background-position":"center center","background-size":"auto","background-attachment":"scroll","background-type":"","background-media":"","overlay-type":"","overlay-color":"","overlay-opacity":"","overlay-gradient":""},"tablet":{"background-color":"var(--ast-global-color-5)","background-image":"","background-repeat":"repeat","background-position":"center center","background-size":"auto","background-attachment":"scroll","background-type":"","background-media":"","overlay-type":"","overlay-color":"","overlay-opacity":"","overlay-gradient":""},"mobile":{"background-color":"var(--ast-global-color-5)","background-image":"","background-repeat":"repeat","background-position":"center center","background-size":"auto","background-attachment":"scroll","background-type":"","background-media":"","overlay-type":"","overlay-color":"","overlay-opacity":"","overlay-gradient":""}},"footnotes":""},"categories":[13],"tags":[],"class_list":["post-25572","post","type-post","status-publish","format-standard","has-post-thumbnail","hentry","category-comercio"],"aioseo_notices":[],"_links":{"self":[{"href":"https:\/\/contarotacoes.com\/index.php?rest_route=\/wp\/v2\/posts\/25572","targetHints":{"allow":["GET"]}}],"collection":[{"href":"https:\/\/contarotacoes.com\/index.php?rest_route=\/wp\/v2\/posts"}],"about":[{"href":"https:\/\/contarotacoes.com\/index.php?rest_route=\/wp\/v2\/types\/post"}],"author":[{"embeddable":true,"href":"https:\/\/contarotacoes.com\/index.php?rest_route=\/wp\/v2\/users\/2"}],"replies":[{"embeddable":true,"href":"https:\/\/contarotacoes.com\/index.php?rest_route=%2Fwp%2Fv2%2Fcomments&post=25572"}],"version-history":[{"count":1,"href":"https:\/\/contarotacoes.com\/index.php?rest_route=\/wp\/v2\/posts\/25572\/revisions"}],"predecessor-version":[{"id":25574,"href":"https:\/\/contarotacoes.com\/index.php?rest_route=\/wp\/v2\/posts\/25572\/revisions\/25574"}],"wp:featuredmedia":[{"embeddable":true,"href":"https:\/\/contarotacoes.com\/index.php?rest_route=\/wp\/v2\/media\/25573"}],"wp:attachment":[{"href":"https:\/\/contarotacoes.com\/index.php?rest_route=%2Fwp%2Fv2%2Fmedia&parent=25572"}],"wp:term":[{"taxonomy":"category","embeddable":true,"href":"https:\/\/contarotacoes.com\/index.php?rest_route=%2Fwp%2Fv2%2Fcategories&post=25572"},{"taxonomy":"post_tag","embeddable":true,"href":"https:\/\/contarotacoes.com\/index.php?rest_route=%2Fwp%2Fv2%2Ftags&post=25572"}],"curies":[{"name":"wp","href":"https:\/\/api.w.org\/{rel}","templated":true}]}}