{"id":25566,"date":"2026-03-04T12:48:40","date_gmt":"2026-03-04T12:48:40","guid":{"rendered":"https:\/\/contarotacoes.com\/?p=25566"},"modified":"2026-03-04T12:48:40","modified_gmt":"2026-03-04T12:48:40","slug":"antonio-maio-levou-a-yamaha-tenere-muito-perto-do-top-10-na-baja-montes-alentejanos","status":"publish","type":"post","link":"https:\/\/contarotacoes.com\/?p=25566","title":{"rendered":"Ant\u00f3nio Maio levou a Yamaha T\u00e9n\u00e9r\u00e9 muito perto do Top 10 na Baja Montes Alentejanos"},"content":{"rendered":"<p style=\"font-weight: 400; text-align: justify;\">Ant\u00f3nio Maio marcou presen\u00e7a, este fim de semana, na Baja TT Montes Alentejanos, prova disputada nos exigentes trilhos do Baixo Alentejo e que assinalou o arranque do Campeonato Nacional de Todo-o-Terreno. Aos comandos da sua Yamaha T\u00e9n\u00e9r\u00e9 700, o piloto terminou a competi\u00e7\u00e3o, caracterizada pelas suas condi\u00e7\u00f5es desafiantes, vencendo a Classe Trail e ocupando a 12\u00aa posi\u00e7\u00e3o da classifica\u00e7\u00e3o geral.<\/p>\n<p style=\"font-weight: 400; text-align: justify;\">Um resultado que espelha um come\u00e7o muito positivo numa temporada que se antev\u00ea competitiva e desafiante e onde o piloto demonstrou, uma vez mais, consist\u00eancia e capacidade de adapta\u00e7\u00e3o aos diferentes tipos de terreno t\u00edpicos desta regi\u00e3o alentejana tendo assegurado um arranque s\u00f3lido no campeonato.<\/p>\n<p style=\"font-weight: 400; text-align: justify;\">\u201cVoltar ao Campeonato Nacional \u00e9 sempre motivante e aqui em Beja mais ainda. Sab\u00edamos que ia ser uma prova complicado devido \u00e0 chuva que caiu aqui nesta zona e os terrenos est\u00e3o dif\u00edceis. Acabou por ser uma prova divertida. A primeira passagem estava perigosa e escorregadia e n\u00e3o foi f\u00e1cil. Mas, a partir da\u00ed o terreno come\u00e7ou a ficar mais seco e divertido. Consegui o 12\u00ba lugar \u00e0 geral o que considero um bom resultado pois andamos muito r\u00e1pido e cheguei a fazer o oitavo lugar no \u00faltimo dia. Estou contente com a presta\u00e7\u00e3o da mota e deixo uma palavra de incentivo a todos os que queiram participar nas provas de todo-o-terreno de Yamaha. A marca est\u00e1 a dar condi\u00e7\u00f5es especiais por isso informem-se nos concession\u00e1rios pois h\u00e1 muitas novidades para quem quer participar no Campeonato\u201d, afirmou Ant\u00f3nio Maio que est\u00e1 j\u00e1 focado na pr\u00f3xima corrida onde ter\u00e1 como objetivo aproximar-se dos lugares cimeiros da classifica\u00e7\u00e3o e demonstrar tamb\u00e9m a enorme fiabilidade da sua Yamaha T\u00e9n\u00e9r\u00e9.<\/p>\n<p style=\"font-weight: 400; text-align: justify;\">Na sequ\u00eancia do adiamento da Baja Castelo Branco motivado pelas intemp\u00e9ries que assolaram Portugal Ant\u00f3nio Maio vai agora preparar a sua participa\u00e7\u00e3o na Baja TT Norte de Portugal, que se realiza de 1 a 3 de maio.<\/p>\n<p style=\"font-weight: 400; text-align: justify;\"><strong>Informa\u00e7\u00f5es sobre a prova em<\/strong>:\u00a0<a href=\"https:\/\/cpka.pt\/bajattmontesalentejanos\/\" data-saferedirecturl=\"https:\/\/www.google.com\/url?q=https:\/\/cpka.pt\/bajattmontesalentejanos\/&amp;source=gmail&amp;ust=1772714750414000&amp;usg=AOvVaw12YcL7Uo_ZNWLWpaoC3Xx0\">https:\/\/cpka.pt\/bajattmontesalentejanos\/<\/a>\u00a0<strong>Acompanhe Ant\u00f3nio Maio em:\u00a0<\/strong><a href=\"http:\/\/www.facebook.com\/pagina.oficial.antonio.maio\" data-saferedirecturl=\"https:\/\/www.google.com\/url?q=http:\/\/www.facebook.com\/pagina.oficial.antonio.maio&amp;source=gmail&amp;ust=1772714750414000&amp;usg=AOvVaw029cYE1-iSdEekqckLx1vn\">www.facebook.com\/pagina.oficial.antonio.maio<\/a>\u00a0e\u00a0<a href=\"https:\/\/www.instagram.com\/antonio_maio\/\" data-saferedirecturl=\"https:\/\/www.google.com\/url?q=https:\/\/www.instagram.com\/antonio_maio\/&amp;source=gmail&amp;ust=1772714750414000&amp;usg=AOvVaw3mK9RYXICsA6HCe1Hhnbgd\">https:\/\/www.instagram.com\/antonio_maio\/<\/a><\/p>\n","protected":false},"excerpt":{"rendered":"<p>Ant\u00f3nio Maio marcou presen\u00e7a, este fim de semana, na Baja TT Montes Alentejanos, prova disputada nos exigentes trilhos do Baixo Alentejo e que assinalou o arranque do Campeonato Nacional de Todo-o-Terreno. Aos comandos da sua Yamaha T\u00e9n\u00e9r\u00e9 700, o piloto terminou a competi\u00e7\u00e3o, caracterizada pelas suas condi\u00e7\u00f5es desafiantes, vencendo a Classe Trail e ocupando a [&hellip;]<\/p>\n","protected":false},"author":2,"featured_media":25567,"comment_status":"open","ping_status":"open","sticky":false,"template":"","format":"standard","meta":{"_editorskit_title_hidden":false,"_editorskit_reading_time":0,"_editorskit_is_block_options_detached":false,"_editorskit_block_options_position":"{}","om_disable_all_campaigns":false,"_monsterinsights_skip_tracking":false,"_monsterinsights_sitenote_active":false,"_monsterinsights_sitenote_note":"","_monsterinsights_sitenote_category":0,"_uf_show_specific_survey":0,"_uf_disable_surveys":false,"site-sidebar-layout":"default","site-content-layout":"","ast-site-content-layout":"default","site-content-style":"default","site-sidebar-style":"default","ast-global-header-display":"","ast-banner-title-visibility":"","ast-main-header-display":"","ast-hfb-above-header-display":"","ast-hfb-below-header-display":"","ast-hfb-mobile-header-display":"","site-post-title":"","ast-breadcrumbs-content":"","ast-featured-img":"","footer-sml-layout":"","theme-transparent-header-meta":"default","adv-header-id-meta":"","stick-header-meta":"default","header-above-stick-meta":"","header-main-stick-meta":"","header-below-stick-meta":"","astra-migrate-meta-layouts":"set","ast-page-background-enabled":"default","ast-page-background-meta":{"desktop":{"background-color":"","background-image":"","background-repeat":"repeat","background-position":"center center","background-size":"auto","background-attachment":"scroll","background-type":"","background-media":"","overlay-type":"","overlay-color":"","overlay-opacity":"","overlay-gradient":""},"tablet":{"background-color":"","background-image":"","background-repeat":"repeat","background-position":"center center","background-size":"auto","background-attachment":"scroll","background-type":"","background-media":"","overlay-type":"","overlay-color":"","overlay-opacity":"","overlay-gradient":""},"mobile":{"background-color":"","background-image":"","background-repeat":"repeat","background-position":"center center","background-size":"auto","background-attachment":"scroll","background-type":"","background-media":"","overlay-type":"","overlay-color":"","overlay-opacity":"","overlay-gradient":""}},"ast-content-background-meta":{"desktop":{"background-color":"var(--ast-global-color-5)","background-image":"","background-repeat":"repeat","background-position":"center center","background-size":"auto","background-attachment":"scroll","background-type":"","background-media":"","overlay-type":"","overlay-color":"","overlay-opacity":"","overlay-gradient":""},"tablet":{"background-color":"var(--ast-global-color-5)","background-image":"","background-repeat":"repeat","background-position":"center center","background-size":"auto","background-attachment":"scroll","background-type":"","background-media":"","overlay-type":"","overlay-color":"","overlay-opacity":"","overlay-gradient":""},"mobile":{"background-color":"var(--ast-global-color-5)","background-image":"","background-repeat":"repeat","background-position":"center center","background-size":"auto","background-attachment":"scroll","background-type":"","background-media":"","overlay-type":"","overlay-color":"","overlay-opacity":"","overlay-gradient":""}},"footnotes":""},"categories":[11],"tags":[],"class_list":["post-25566","post","type-post","status-publish","format-standard","has-post-thumbnail","hentry","category-noticias"],"aioseo_notices":[],"_links":{"self":[{"href":"https:\/\/contarotacoes.com\/index.php?rest_route=\/wp\/v2\/posts\/25566","targetHints":{"allow":["GET"]}}],"collection":[{"href":"https:\/\/contarotacoes.com\/index.php?rest_route=\/wp\/v2\/posts"}],"about":[{"href":"https:\/\/contarotacoes.com\/index.php?rest_route=\/wp\/v2\/types\/post"}],"author":[{"embeddable":true,"href":"https:\/\/contarotacoes.com\/index.php?rest_route=\/wp\/v2\/users\/2"}],"replies":[{"embeddable":true,"href":"https:\/\/contarotacoes.com\/index.php?rest_route=%2Fwp%2Fv2%2Fcomments&post=25566"}],"version-history":[{"count":1,"href":"https:\/\/contarotacoes.com\/index.php?rest_route=\/wp\/v2\/posts\/25566\/revisions"}],"predecessor-version":[{"id":25568,"href":"https:\/\/contarotacoes.com\/index.php?rest_route=\/wp\/v2\/posts\/25566\/revisions\/25568"}],"wp:featuredmedia":[{"embeddable":true,"href":"https:\/\/contarotacoes.com\/index.php?rest_route=\/wp\/v2\/media\/25567"}],"wp:attachment":[{"href":"https:\/\/contarotacoes.com\/index.php?rest_route=%2Fwp%2Fv2%2Fmedia&parent=25566"}],"wp:term":[{"taxonomy":"category","embeddable":true,"href":"https:\/\/contarotacoes.com\/index.php?rest_route=%2Fwp%2Fv2%2Fcategories&post=25566"},{"taxonomy":"post_tag","embeddable":true,"href":"https:\/\/contarotacoes.com\/index.php?rest_route=%2Fwp%2Fv2%2Ftags&post=25566"}],"curies":[{"name":"wp","href":"https:\/\/api.w.org\/{rel}","templated":true}]}}