{"id":25547,"date":"2026-03-03T13:28:27","date_gmt":"2026-03-03T13:28:27","guid":{"rendered":"https:\/\/contarotacoes.com\/?p=25547"},"modified":"2026-03-03T13:32:17","modified_gmt":"2026-03-03T13:32:17","slug":"bmcar-fecha-2025-com-volume-de-negocios-superior-a-500-milhoes-de-euros-na-peninsula-iberica","status":"publish","type":"post","link":"https:\/\/contarotacoes.com\/?p=25547","title":{"rendered":"BMcar FECHA 2025 COM VOLUME DE NEG\u00d3CIOS SUPERIOR A 500 MILH\u00d5ES DE EUROS NA PENINSULA IB\u00c9RICA"},"content":{"rendered":"<p style=\"text-align: justify;\"><u>EMPRESA CRESCEU 20% EM UNIDADES VENDIDAS EM PORTUGAL NO \u00daLTIMO ANO<\/u><\/p>\n<p id=\"m_-1677818837746707633isPasted\" style=\"text-align: justify;\">A BMcar, um dos maiores representantes do BMW Groupna Pen\u00ednsula Ib\u00e9rica e l\u00edder de refer\u00eancia no mercado premium em Portugal, atingiu em 2025 o volume de neg\u00f3cios previsto para 2027: 300 Milh\u00f5es de Euros na atividade em Portugal. Imagens AQUI.<\/p>\n<p style=\"text-align: justify;\">Com investimento global de\u00a0<strong>15 milh\u00f5es de euros no mercado portugu\u00eas<\/strong>, entre 2025 e 2026, destinado \u00e0 expans\u00e3o, bem como \u00e0 renova\u00e7\u00e3o digital e f\u00edsica das suas opera\u00e7\u00f5es, alcan\u00e7ou mais de\u00a0<strong>500 milh\u00f5es de euros de volume de neg\u00f3cios em 2025<\/strong>\u00a0nas suas opera\u00e7\u00f5es na Pen\u00ednsula Ib\u00e9rica.<\/p>\n<p style=\"text-align: justify;\">Este desempenho confirma o optimismo na concretiza\u00e7\u00e3o do objetivo para o per\u00edodo 2025-2027, em que prev\u00ea superar os\u00a0<strong>1.500 milh\u00f5es de euros de fatura\u00e7\u00e3o e aumentar em 25% a sua quota de mercado.<\/strong><\/p>\n<p style=\"text-align: justify;\"><strong>Crescimento\u00a0de\u00a020% em unidades vendidas em Portugal no \u00faltimo ano e com a nova experi\u00eancia BMW<\/strong><\/p>\n<p style=\"text-align: justify;\">A BMcar cresceu\u00a0<strong>20% em unidades vendidas em Portugal no ano 2025<\/strong>, um marco sustentado numa experi\u00eancia 360\u00ba que aproxima ainda mais a marca dos clientes, refor\u00e7a a efici\u00eancia operacional e eleva o servi\u00e7o premium que caracteriza o grupo.<\/p>\n<p style=\"text-align: justify;\"><strong>Com 5.800 unidades vendidas em Portugal, s\u00f3 em 2025, essencialmente produtos com tecnologia total ou parcialmente eletrificada, dada a aposta na sustentabilidade, o crescimento da empresa assenta no servi\u00e7o. Ou como explica o CEO, Pedro Rodrigues \u201ca otimiza\u00e7\u00e3o dos processos, as pessoas, a excel\u00eancia das equipas, a nossa energia e servi\u00e7o, fez a BMcar crescer e ser hoje uma refer\u00eancia nacional e mesmo internacional.&#8221;<\/strong><\/p>\n<p style=\"text-align: justify;\"><strong>INVESTIMENTO QUE CRIA FUTURO EM PORTUGAL<\/strong><\/p>\n<p style=\"text-align: justify;\">A estrat\u00e9gia tamb\u00e9m passa pelo\u00a0<strong>BMcar Online 2.0<\/strong>\u00a0e pelo refor\u00e7o das compet\u00eancias do seu\u00a0<strong>Centro de Transforma\u00e7\u00e3o Digital<\/strong>, que ir\u00e1 melhorar a simplifica\u00e7\u00e3o e efici\u00eancia de processos, acelerar a experi\u00eancia de compra online e garantir solu\u00e7\u00f5es de mobilidade personalizadas. Paralelamente, a BMcar est\u00e1 a concretizar:<\/p>\n<p style=\"text-align: justify;\">\u2022\u00a0<strong>Renova\u00e7\u00e3o tecnol\u00f3gica e f\u00edsica de todos os seus espa\u00e7os<\/strong>;<\/p>\n<p style=\"text-align: justify;\">\u2022\u00a0<strong>Prepara\u00e7\u00e3o da abertura da BMW Motorrad no Porto<\/strong>\u00a0no 2\u00b0 trimestre de 2026, criando mais de\u00a0<strong>20 novos postos de trabalho diretos<\/strong>.<\/p>\n<p style=\"text-align: justify;\">Em Portugal, e com cerca de\u00a0<strong>40 mil clientes regulares<\/strong>, a BMcar tem acompanhado a mudan\u00e7a de paradigma da mobilidade:\u00a0<strong>70% das vendas de viaturas novas j\u00e1 s\u00e3o de ve\u00edculos el\u00e9tricos ou h\u00edbridos<\/strong>.<\/p>\n","protected":false},"excerpt":{"rendered":"<p>EMPRESA CRESCEU 20% EM UNIDADES VENDIDAS EM PORTUGAL NO \u00daLTIMO ANO A BMcar, um dos maiores representantes do BMW Groupna Pen\u00ednsula Ib\u00e9rica e l\u00edder de refer\u00eancia no mercado premium em Portugal, atingiu em 2025 o volume de neg\u00f3cios previsto para 2027: 300 Milh\u00f5es de Euros na atividade em Portugal. Imagens AQUI. Com investimento global de\u00a015 [&hellip;]<\/p>\n","protected":false},"author":2,"featured_media":25548,"comment_status":"open","ping_status":"open","sticky":false,"template":"","format":"standard","meta":{"_editorskit_title_hidden":false,"_editorskit_reading_time":0,"_editorskit_is_block_options_detached":false,"_editorskit_block_options_position":"{}","om_disable_all_campaigns":false,"_monsterinsights_skip_tracking":false,"_monsterinsights_sitenote_active":false,"_monsterinsights_sitenote_note":"","_monsterinsights_sitenote_category":0,"_uf_show_specific_survey":0,"_uf_disable_surveys":false,"site-sidebar-layout":"default","site-content-layout":"","ast-site-content-layout":"default","site-content-style":"default","site-sidebar-style":"default","ast-global-header-display":"","ast-banner-title-visibility":"","ast-main-header-display":"","ast-hfb-above-header-display":"","ast-hfb-below-header-display":"","ast-hfb-mobile-header-display":"","site-post-title":"","ast-breadcrumbs-content":"","ast-featured-img":"","footer-sml-layout":"","theme-transparent-header-meta":"default","adv-header-id-meta":"","stick-header-meta":"default","header-above-stick-meta":"","header-main-stick-meta":"","header-below-stick-meta":"","astra-migrate-meta-layouts":"set","ast-page-background-enabled":"default","ast-page-background-meta":{"desktop":{"background-color":"","background-image":"","background-repeat":"repeat","background-position":"center center","background-size":"auto","background-attachment":"scroll","background-type":"","background-media":"","overlay-type":"","overlay-color":"","overlay-opacity":"","overlay-gradient":""},"tablet":{"background-color":"","background-image":"","background-repeat":"repeat","background-position":"center center","background-size":"auto","background-attachment":"scroll","background-type":"","background-media":"","overlay-type":"","overlay-color":"","overlay-opacity":"","overlay-gradient":""},"mobile":{"background-color":"","background-image":"","background-repeat":"repeat","background-position":"center center","background-size":"auto","background-attachment":"scroll","background-type":"","background-media":"","overlay-type":"","overlay-color":"","overlay-opacity":"","overlay-gradient":""}},"ast-content-background-meta":{"desktop":{"background-color":"var(--ast-global-color-5)","background-image":"","background-repeat":"repeat","background-position":"center center","background-size":"auto","background-attachment":"scroll","background-type":"","background-media":"","overlay-type":"","overlay-color":"","overlay-opacity":"","overlay-gradient":""},"tablet":{"background-color":"var(--ast-global-color-5)","background-image":"","background-repeat":"repeat","background-position":"center center","background-size":"auto","background-attachment":"scroll","background-type":"","background-media":"","overlay-type":"","overlay-color":"","overlay-opacity":"","overlay-gradient":""},"mobile":{"background-color":"var(--ast-global-color-5)","background-image":"","background-repeat":"repeat","background-position":"center center","background-size":"auto","background-attachment":"scroll","background-type":"","background-media":"","overlay-type":"","overlay-color":"","overlay-opacity":"","overlay-gradient":""}},"footnotes":""},"categories":[13],"tags":[],"class_list":["post-25547","post","type-post","status-publish","format-standard","has-post-thumbnail","hentry","category-comercio"],"aioseo_notices":[],"_links":{"self":[{"href":"https:\/\/contarotacoes.com\/index.php?rest_route=\/wp\/v2\/posts\/25547","targetHints":{"allow":["GET"]}}],"collection":[{"href":"https:\/\/contarotacoes.com\/index.php?rest_route=\/wp\/v2\/posts"}],"about":[{"href":"https:\/\/contarotacoes.com\/index.php?rest_route=\/wp\/v2\/types\/post"}],"author":[{"embeddable":true,"href":"https:\/\/contarotacoes.com\/index.php?rest_route=\/wp\/v2\/users\/2"}],"replies":[{"embeddable":true,"href":"https:\/\/contarotacoes.com\/index.php?rest_route=%2Fwp%2Fv2%2Fcomments&post=25547"}],"version-history":[{"count":2,"href":"https:\/\/contarotacoes.com\/index.php?rest_route=\/wp\/v2\/posts\/25547\/revisions"}],"predecessor-version":[{"id":25551,"href":"https:\/\/contarotacoes.com\/index.php?rest_route=\/wp\/v2\/posts\/25547\/revisions\/25551"}],"wp:featuredmedia":[{"embeddable":true,"href":"https:\/\/contarotacoes.com\/index.php?rest_route=\/wp\/v2\/media\/25548"}],"wp:attachment":[{"href":"https:\/\/contarotacoes.com\/index.php?rest_route=%2Fwp%2Fv2%2Fmedia&parent=25547"}],"wp:term":[{"taxonomy":"category","embeddable":true,"href":"https:\/\/contarotacoes.com\/index.php?rest_route=%2Fwp%2Fv2%2Fcategories&post=25547"},{"taxonomy":"post_tag","embeddable":true,"href":"https:\/\/contarotacoes.com\/index.php?rest_route=%2Fwp%2Fv2%2Ftags&post=25547"}],"curies":[{"name":"wp","href":"https:\/\/api.w.org\/{rel}","templated":true}]}}