{"id":25514,"date":"2026-03-02T19:27:51","date_gmt":"2026-03-02T19:27:51","guid":{"rendered":"https:\/\/contarotacoes.com\/?p=25514"},"modified":"2026-03-02T19:27:51","modified_gmt":"2026-03-02T19:27:51","slug":"pedro-bianchi-prata-completou-com-sucesso-estreia-da-strix-na-baja-montes-alentejanos","status":"publish","type":"post","link":"https:\/\/contarotacoes.com\/?p=25514","title":{"rendered":"Pedro Bianchi Prata completou com sucesso estreia da STRiX na Baja Montes Alentejanos"},"content":{"rendered":"<ul>\n<li style=\"font-weight: 400; text-align: justify;\"><strong>Piloto desenvolve moto el\u00e9trica tendo como objetivo o Dakar 2027<\/strong><\/li>\n<\/ul>\n<p style=\"font-weight: 400; text-align: justify;\"><strong>Veja o v\u00eddeo\u00a0<\/strong><a href=\"https:\/\/www.youtube.com\/watch?v=2cxXkclZueE\" data-saferedirecturl=\"https:\/\/www.google.com\/url?q=https:\/\/www.youtube.com\/watch?v%3D2cxXkclZueE&amp;source=gmail&amp;ust=1772565229951000&amp;usg=AOvVaw3TJj2d-RqnYBAXd6pSMArs\"><strong>aqui<\/strong><\/a><\/p>\n<p style=\"font-weight: 400; text-align: justify;\"><strong>Veja a entrevista\u00a0<a href=\"https:\/\/youtu.be\/-59de7c-OX0\" data-saferedirecturl=\"https:\/\/www.google.com\/url?q=https:\/\/youtu.be\/-59de7c-OX0&amp;source=gmail&amp;ust=1772565229951000&amp;usg=AOvVaw2GzeUhG_Q0xIBDdd9kAPcg\">aqui<\/a><\/strong><\/p>\n<p style=\"font-weight: 400; text-align: justify;\">Pedro Bianchi Prata completou com sucesso a sua participa\u00e7\u00e3o na Baja Montes Alentejanos, prova de abertura do Campeonato Nacional de Todo-o-Terreno que teve como base a cidade de Beja naquela que foi a sua estreia aos comandos de uma STRiX, moto el\u00e9trica de um fabricante europeu de nova gera\u00e7\u00e3o. Desportivamente esta participa\u00e7\u00e3o representou o in\u00edcio de uma nova fase no percurso desportivo e tecnol\u00f3gico de Pedro Bianchi Prata, renovando o foco na evolu\u00e7\u00e3o da mobilidade el\u00e9trica em competi\u00e7\u00e3o e tendo como principal objetivo alinhar no Dakar 2027, com a ambi\u00e7\u00e3o de lutar pela vit\u00f3ria na categoria Mission 1000 com uma moto 100% el\u00e9trica.<\/p>\n<p style=\"font-weight: 400; text-align: justify;\">\u201cCorreu bem. \u00c9 uma moto muito jovem, ainda nem est\u00e1 \u00e0 venda ao p\u00fablico, tem um ano e meio de vida. Cheg\u00e1mos ao fim de tantos quil\u00f3metros. Tive de fazer a gest\u00e3o das baterias, estamos a testar umas baterias novas para ver se aumentamos a autonomia. O importante era terminar a corrida e fazer quil\u00f3metros e isso correu muito bem. Hoje conseguimos andar mais depressa. A mota \u00e9 espetacular. Dentro das possibilidades da organiza\u00e7\u00e3o foi uma prova bem estruturada e divertida. Vamos continuar a desenvolver a mota. O objetivo pr\u00f3ximo \u00e9 disputar o Rally Raid Portugal, mas vamos ver se temos essa possibilidade\u201d referiu o consagrado piloto ap\u00f3s terminar os 360 quil\u00f3metros de setores seletivos cronometrados da prova alentejana.<\/p>\n<p style=\"font-weight: 400; text-align: justify;\"><strong>Acompanhe Pedro Bianchi Prata em:<\/strong>\u00a0<a href=\"http:\/\/www.facebook.com\/bianchiprata\" data-saferedirecturl=\"https:\/\/www.google.com\/url?q=http:\/\/www.facebook.com\/bianchiprata&amp;source=gmail&amp;ust=1772565229951000&amp;usg=AOvVaw229GA8WLS62z8MK-Jsm8SP\">www.facebook.com\/bianchiprata<\/a>\u00a0e\u00a0<a href=\"http:\/\/www.instagram.com\/bianchiprata\" data-saferedirecturl=\"https:\/\/www.google.com\/url?q=http:\/\/www.instagram.com\/bianchiprata&amp;source=gmail&amp;ust=1772565229952000&amp;usg=AOvVaw19RYhEsyhPqxYUphfWg5yC\">www.instagram.com\/bianchiprata<\/a><\/p>\n<p style=\"font-weight: 400; text-align: justify;\"><strong>V\u00eddeos em:<\/strong>\u00a0<a href=\"http:\/\/www.youtube.com\/@bianchiprata\/videos\" data-saferedirecturl=\"https:\/\/www.google.com\/url?q=http:\/\/www.youtube.com\/@bianchiprata\/videos&amp;source=gmail&amp;ust=1772565229952000&amp;usg=AOvVaw0cBnghByvTE8aaZyIJC185\">www.youtube.com\/@bianchiprata\/videos<\/a><\/p>\n","protected":false},"excerpt":{"rendered":"<p>Piloto desenvolve moto el\u00e9trica tendo como objetivo o Dakar 2027 Veja o v\u00eddeo\u00a0aqui Veja a entrevista\u00a0aqui Pedro Bianchi Prata completou com sucesso a sua participa\u00e7\u00e3o na Baja Montes Alentejanos, prova de abertura do Campeonato Nacional de Todo-o-Terreno que teve como base a cidade de Beja naquela que foi a sua estreia aos comandos de uma [&hellip;]<\/p>\n","protected":false},"author":2,"featured_media":25515,"comment_status":"open","ping_status":"open","sticky":false,"template":"","format":"standard","meta":{"_editorskit_title_hidden":false,"_editorskit_reading_time":0,"_editorskit_is_block_options_detached":false,"_editorskit_block_options_position":"{}","om_disable_all_campaigns":false,"_monsterinsights_skip_tracking":false,"_monsterinsights_sitenote_active":false,"_monsterinsights_sitenote_note":"","_monsterinsights_sitenote_category":0,"_uf_show_specific_survey":0,"_uf_disable_surveys":false,"site-sidebar-layout":"default","site-content-layout":"","ast-site-content-layout":"default","site-content-style":"default","site-sidebar-style":"default","ast-global-header-display":"","ast-banner-title-visibility":"","ast-main-header-display":"","ast-hfb-above-header-display":"","ast-hfb-below-header-display":"","ast-hfb-mobile-header-display":"","site-post-title":"","ast-breadcrumbs-content":"","ast-featured-img":"","footer-sml-layout":"","theme-transparent-header-meta":"default","adv-header-id-meta":"","stick-header-meta":"default","header-above-stick-meta":"","header-main-stick-meta":"","header-below-stick-meta":"","astra-migrate-meta-layouts":"set","ast-page-background-enabled":"default","ast-page-background-meta":{"desktop":{"background-color":"","background-image":"","background-repeat":"repeat","background-position":"center center","background-size":"auto","background-attachment":"scroll","background-type":"","background-media":"","overlay-type":"","overlay-color":"","overlay-opacity":"","overlay-gradient":""},"tablet":{"background-color":"","background-image":"","background-repeat":"repeat","background-position":"center center","background-size":"auto","background-attachment":"scroll","background-type":"","background-media":"","overlay-type":"","overlay-color":"","overlay-opacity":"","overlay-gradient":""},"mobile":{"background-color":"","background-image":"","background-repeat":"repeat","background-position":"center center","background-size":"auto","background-attachment":"scroll","background-type":"","background-media":"","overlay-type":"","overlay-color":"","overlay-opacity":"","overlay-gradient":""}},"ast-content-background-meta":{"desktop":{"background-color":"var(--ast-global-color-5)","background-image":"","background-repeat":"repeat","background-position":"center center","background-size":"auto","background-attachment":"scroll","background-type":"","background-media":"","overlay-type":"","overlay-color":"","overlay-opacity":"","overlay-gradient":""},"tablet":{"background-color":"var(--ast-global-color-5)","background-image":"","background-repeat":"repeat","background-position":"center center","background-size":"auto","background-attachment":"scroll","background-type":"","background-media":"","overlay-type":"","overlay-color":"","overlay-opacity":"","overlay-gradient":""},"mobile":{"background-color":"var(--ast-global-color-5)","background-image":"","background-repeat":"repeat","background-position":"center center","background-size":"auto","background-attachment":"scroll","background-type":"","background-media":"","overlay-type":"","overlay-color":"","overlay-opacity":"","overlay-gradient":""}},"footnotes":""},"categories":[11],"tags":[],"class_list":["post-25514","post","type-post","status-publish","format-standard","has-post-thumbnail","hentry","category-noticias"],"aioseo_notices":[],"_links":{"self":[{"href":"https:\/\/contarotacoes.com\/index.php?rest_route=\/wp\/v2\/posts\/25514","targetHints":{"allow":["GET"]}}],"collection":[{"href":"https:\/\/contarotacoes.com\/index.php?rest_route=\/wp\/v2\/posts"}],"about":[{"href":"https:\/\/contarotacoes.com\/index.php?rest_route=\/wp\/v2\/types\/post"}],"author":[{"embeddable":true,"href":"https:\/\/contarotacoes.com\/index.php?rest_route=\/wp\/v2\/users\/2"}],"replies":[{"embeddable":true,"href":"https:\/\/contarotacoes.com\/index.php?rest_route=%2Fwp%2Fv2%2Fcomments&post=25514"}],"version-history":[{"count":1,"href":"https:\/\/contarotacoes.com\/index.php?rest_route=\/wp\/v2\/posts\/25514\/revisions"}],"predecessor-version":[{"id":25516,"href":"https:\/\/contarotacoes.com\/index.php?rest_route=\/wp\/v2\/posts\/25514\/revisions\/25516"}],"wp:featuredmedia":[{"embeddable":true,"href":"https:\/\/contarotacoes.com\/index.php?rest_route=\/wp\/v2\/media\/25515"}],"wp:attachment":[{"href":"https:\/\/contarotacoes.com\/index.php?rest_route=%2Fwp%2Fv2%2Fmedia&parent=25514"}],"wp:term":[{"taxonomy":"category","embeddable":true,"href":"https:\/\/contarotacoes.com\/index.php?rest_route=%2Fwp%2Fv2%2Fcategories&post=25514"},{"taxonomy":"post_tag","embeddable":true,"href":"https:\/\/contarotacoes.com\/index.php?rest_route=%2Fwp%2Fv2%2Ftags&post=25514"}],"curies":[{"name":"wp","href":"https:\/\/api.w.org\/{rel}","templated":true}]}}