{"id":25505,"date":"2026-03-02T14:26:40","date_gmt":"2026-03-02T14:26:40","guid":{"rendered":"https:\/\/contarotacoes.com\/?p=25505"},"modified":"2026-03-02T14:26:40","modified_gmt":"2026-03-02T14:26:40","slug":"daniel-ferreira-e-jan-rodrigues-sao-os-representantes-portugueses-no-fia-karting-academy-trophy","status":"publish","type":"post","link":"https:\/\/contarotacoes.com\/?p=25505","title":{"rendered":"Daniel Ferreira e Jan Rodrigues s\u00e3o os representantes portugueses no FIA Karting Academy Trophy"},"content":{"rendered":"<div class=\"x14z9mp xat24cr x1lziwak x1vvkbs xtlvy1s x126k92a\">\n<div dir=\"auto\" style=\"text-align: justify;\">Depois de recolhidas as candidaturas ao FIA Karting Academy Trophy na categoria J\u00fanior e S\u00e9nior, as escolhas para representar Portugal reca\u00edram no atual Campe\u00e3o de Portugal Rotax &#8211; J\u00fanior, Daniel Ferreira e em Jan Rodrigues na categoria S\u00e9nior.<\/div>\n<\/div>\n<div class=\"x14z9mp xat24cr x1lziwak x1vvkbs xtlvy1s x126k92a\" style=\"text-align: justify;\">\n<div dir=\"auto\">Os jovens pilotos de 14 e 15 anos respetivamente v\u00e3o ter pela frente tr\u00eas jornadas:<\/div>\n<div dir=\"auto\">J\u00fanior:<\/div>\n<div dir=\"auto\">\u2022 Genk\/BEL &#8211; 21-24 maio<\/div>\n<div dir=\"auto\">\u2022 Sarno\/ITA &#8211; 02-05 julho<\/div>\n<div dir=\"auto\">\u2022 Viterbo\/ITA &#8211; 08-11 outubro<\/div>\n<div dir=\"auto\">S\u00e9nior:<\/div>\n<div dir=\"auto\">\u2022 Chiva-Valencia\/ESP &#8211; 07-10 maio<\/div>\n<div dir=\"auto\">\u2022 M\u00fclsen\/GER &#8211; 11-14 junho<\/div>\n<div dir=\"auto\">\u2022 Kristianstad\/SWE &#8211; julho 30 a 2 de agosto<\/div>\n<\/div>\n<div class=\"x14z9mp xat24cr x1lziwak x1vvkbs xtlvy1s x126k92a\" style=\"text-align: justify;\">\n<div dir=\"auto\">O Trof\u00e9u FIA Karting Academy foi criado em 2010. Este conceito original ainda \u00e9 relevante nos dias de hoje. O objetivo \u00e9 reunir jovens de todo o mundo a cada ano para que os melhores tenham a oportunidade de se destacar e continuar a sua carreira no Karting ou no automobilismo com maiores oportunidades.<\/div>\n<\/div>\n<div class=\"x14z9mp xat24cr x1lziwak x1vvkbs xtlvy1s x126k92a\" style=\"text-align: justify;\">\n<div dir=\"auto\">Desde 2010, v\u00e1rios pilotos que participaram no Trof\u00e9u Academia de Karting da FIA chegaram ao topo do desporto autom\u00f3vel. Os pilotos de F\u00f3rmula 1 Charles Leclerc, George Russell e Esteban Ocon s\u00e3o, na verdade, ex-acad\u00e9micos. De uma forma mais geral, todos os participantes podem enriquecer a sua experi\u00eancia e influenciar positivamente as suas carreiras ao competir neste trof\u00e9u, que se consolidou como uma excelente escola para jovens talentos.<\/div>\n<\/div>\n<div class=\"x14z9mp xat24cr x1lziwak x1vvkbs xtlvy1s x126k92a\">\n<div dir=\"auto\" style=\"text-align: justify;\">Daniel Ferreira tem competido maioritariamente em Portugal, mas Jan Rodrigues j\u00e1 tem alguma experi\u00eancia internacional e pretende consolidar essa experi\u00eancia com mais esta competi\u00e7\u00e3o desportiva. Os dois pilotos est\u00e3o focados em conseguir mostrar todo o seu potencial e levar o nome de Portugal.<\/div>\n<div dir=\"auto\" style=\"text-align: justify;\">Todas as informa\u00e7\u00f5es em <span class=\"html-span xdj266r x14z9mp xat24cr x1lziwak xexx8yu xyri2b x18d9i69 x1c1uobl x1hl2dhg x16tdsg8 x1vvkbs\"><a class=\"x1i10hfl xjbqb8w x1ejq31n x18oe1m7 x1sy0etr xstzfhl x972fbf x10w94by x1qhh985 x14e42zd x9f619 x1ypdohk xt0psk2 x3ct3a4 xdj266r x14z9mp xat24cr x1lziwak xexx8yu xyri2b x18d9i69 x1c1uobl x16tdsg8 x1hl2dhg xggy1nq x1a2a7pz xkrqix3 x1sur9pj x1fey0fg x1s688f\" tabindex=\"0\" role=\"link\" href=\"https:\/\/l.facebook.com\/l.php?u=https%3A%2F%2Fwww.fiakarting.com%2F%3Ffbclid%3DIwZXh0bgNhZW0CMTAAYnJpZBEwQXdvbmt4Rm5pcDBMUmNJaHNydGMGYXBwX2lkEDIyMjAzOTE3ODgyMDA4OTIAAR7ZkSd6Ou083QmIkgog_Tx3TZabWfWpFb5DQOyd6iy_P-eg6vjbKHPRBoShDg_aem_5NaxABFKlTBqaz7k8GCJUQ&amp;h=AT79nYcOj4xhXi2A1vpgwh8h334wULczqxc2ZgNNpLAvE8W38qln9r2Puw6UMr73V0ficuO5icw0dWANJKRSISviOB5sDtoRGiR4_3bR8Er_9pJmOMsp0vBz5sVwYqmvDKq_SmYflQ_lWg&amp;__tn__=-UK-R&amp;c[0]=AT50x_FjY4IoePnBojVtcncTb0QtFX07RUEFgVMyt2f7lydgXA7DRTlP4D72MNQJVJbdq2Ljeq6V8vs8zYuXY_3s1QrDY-wN93zwmKRm01niRtxPH27c7TQWhga-RJpq2VRJLTKOIarq9sN-MPOOcc96DZ_F9pw2ywgiMpjHlQlHmLMzP-q3ft0mP-s9BTYs2hgduISXEA6hd3zqQR2U4cNWKw\" target=\"_blank\" rel=\"nofollow noopener noreferrer\">https:\/\/www.fiakarting.com<\/a><\/span><\/div>\n<\/div>\n","protected":false},"excerpt":{"rendered":"<p>Depois de recolhidas as candidaturas ao FIA Karting Academy Trophy na categoria J\u00fanior e S\u00e9nior, as escolhas para representar Portugal reca\u00edram no atual Campe\u00e3o de Portugal Rotax &#8211; J\u00fanior, Daniel Ferreira e em Jan Rodrigues na categoria S\u00e9nior. Os jovens pilotos de 14 e 15 anos respetivamente v\u00e3o ter pela frente tr\u00eas jornadas: J\u00fanior: \u2022 [&hellip;]<\/p>\n","protected":false},"author":2,"featured_media":25506,"comment_status":"open","ping_status":"open","sticky":false,"template":"","format":"standard","meta":{"_editorskit_title_hidden":false,"_editorskit_reading_time":0,"_editorskit_is_block_options_detached":false,"_editorskit_block_options_position":"{}","om_disable_all_campaigns":false,"_monsterinsights_skip_tracking":false,"_monsterinsights_sitenote_active":false,"_monsterinsights_sitenote_note":"","_monsterinsights_sitenote_category":0,"_uf_show_specific_survey":0,"_uf_disable_surveys":false,"site-sidebar-layout":"default","site-content-layout":"","ast-site-content-layout":"default","site-content-style":"default","site-sidebar-style":"default","ast-global-header-display":"","ast-banner-title-visibility":"","ast-main-header-display":"","ast-hfb-above-header-display":"","ast-hfb-below-header-display":"","ast-hfb-mobile-header-display":"","site-post-title":"","ast-breadcrumbs-content":"","ast-featured-img":"","footer-sml-layout":"","theme-transparent-header-meta":"default","adv-header-id-meta":"","stick-header-meta":"default","header-above-stick-meta":"","header-main-stick-meta":"","header-below-stick-meta":"","astra-migrate-meta-layouts":"set","ast-page-background-enabled":"default","ast-page-background-meta":{"desktop":{"background-color":"","background-image":"","background-repeat":"repeat","background-position":"center center","background-size":"auto","background-attachment":"scroll","background-type":"","background-media":"","overlay-type":"","overlay-color":"","overlay-opacity":"","overlay-gradient":""},"tablet":{"background-color":"","background-image":"","background-repeat":"repeat","background-position":"center center","background-size":"auto","background-attachment":"scroll","background-type":"","background-media":"","overlay-type":"","overlay-color":"","overlay-opacity":"","overlay-gradient":""},"mobile":{"background-color":"","background-image":"","background-repeat":"repeat","background-position":"center center","background-size":"auto","background-attachment":"scroll","background-type":"","background-media":"","overlay-type":"","overlay-color":"","overlay-opacity":"","overlay-gradient":""}},"ast-content-background-meta":{"desktop":{"background-color":"var(--ast-global-color-5)","background-image":"","background-repeat":"repeat","background-position":"center center","background-size":"auto","background-attachment":"scroll","background-type":"","background-media":"","overlay-type":"","overlay-color":"","overlay-opacity":"","overlay-gradient":""},"tablet":{"background-color":"var(--ast-global-color-5)","background-image":"","background-repeat":"repeat","background-position":"center center","background-size":"auto","background-attachment":"scroll","background-type":"","background-media":"","overlay-type":"","overlay-color":"","overlay-opacity":"","overlay-gradient":""},"mobile":{"background-color":"var(--ast-global-color-5)","background-image":"","background-repeat":"repeat","background-position":"center center","background-size":"auto","background-attachment":"scroll","background-type":"","background-media":"","overlay-type":"","overlay-color":"","overlay-opacity":"","overlay-gradient":""}},"footnotes":""},"categories":[11],"tags":[],"class_list":["post-25505","post","type-post","status-publish","format-standard","has-post-thumbnail","hentry","category-noticias"],"aioseo_notices":[],"_links":{"self":[{"href":"https:\/\/contarotacoes.com\/index.php?rest_route=\/wp\/v2\/posts\/25505","targetHints":{"allow":["GET"]}}],"collection":[{"href":"https:\/\/contarotacoes.com\/index.php?rest_route=\/wp\/v2\/posts"}],"about":[{"href":"https:\/\/contarotacoes.com\/index.php?rest_route=\/wp\/v2\/types\/post"}],"author":[{"embeddable":true,"href":"https:\/\/contarotacoes.com\/index.php?rest_route=\/wp\/v2\/users\/2"}],"replies":[{"embeddable":true,"href":"https:\/\/contarotacoes.com\/index.php?rest_route=%2Fwp%2Fv2%2Fcomments&post=25505"}],"version-history":[{"count":1,"href":"https:\/\/contarotacoes.com\/index.php?rest_route=\/wp\/v2\/posts\/25505\/revisions"}],"predecessor-version":[{"id":25507,"href":"https:\/\/contarotacoes.com\/index.php?rest_route=\/wp\/v2\/posts\/25505\/revisions\/25507"}],"wp:featuredmedia":[{"embeddable":true,"href":"https:\/\/contarotacoes.com\/index.php?rest_route=\/wp\/v2\/media\/25506"}],"wp:attachment":[{"href":"https:\/\/contarotacoes.com\/index.php?rest_route=%2Fwp%2Fv2%2Fmedia&parent=25505"}],"wp:term":[{"taxonomy":"category","embeddable":true,"href":"https:\/\/contarotacoes.com\/index.php?rest_route=%2Fwp%2Fv2%2Fcategories&post=25505"},{"taxonomy":"post_tag","embeddable":true,"href":"https:\/\/contarotacoes.com\/index.php?rest_route=%2Fwp%2Fv2%2Ftags&post=25505"}],"curies":[{"name":"wp","href":"https:\/\/api.w.org\/{rel}","templated":true}]}}