{"id":25473,"date":"2026-03-02T13:53:00","date_gmt":"2026-03-02T13:53:00","guid":{"rendered":"https:\/\/contarotacoes.com\/?p=25473"},"modified":"2026-03-02T13:53:00","modified_gmt":"2026-03-02T13:53:00","slug":"suzuki-revela-as-versoes-e-precos-do-suzuki-e-vitara-o-primeiro-eletrico-da-marca","status":"publish","type":"post","link":"https:\/\/contarotacoes.com\/?p=25473","title":{"rendered":"SUZUKI REVELA AS VERS\u00d5ES E PRE\u00c7OS DO SUZUKI E VITARA, O PRIMEIRO EL\u00c9TRICO DA MARCA"},"content":{"rendered":"<ul>\n<li style=\"text-align: justify;\">O primeiro modelo el\u00e9trico da Suzuki est\u00e1 dispon\u00edvel em cinco vers\u00f5es, com duas capacidades de bateria, dois n\u00edveis de acabamento e tra\u00e7\u00e3o 4&#215;2 ou 4&#215;4. Os pre\u00e7os come\u00e7am nos 32.639 \u20ac.<\/li>\n<li style=\"text-align: justify;\">O novo Suzuki e VITARA iniciar\u00e1 a sua comercializa\u00e7\u00e3o na primavera. Os clientes interessados neste modelo j\u00e1 podem solicitar informa\u00e7\u00f5es atrav\u00e9s do site da Suzuki Ib\u00e9rica:\u00a0<a href=\"https:\/\/www.suzukiauto.pt\/modelos\/electric\/evitara\">Suzuki e VITARA<\/a><\/li>\n<\/ul>\n<p style=\"text-align: justify;\">A Suzuki Ib\u00e9rica revelou as vers\u00f5es e os pre\u00e7os do Suzuki e VITARA para o mercado portugu\u00eas. O primeiro modelo el\u00e9trico da Suzuki est\u00e1 dispon\u00edvel em cinco vers\u00f5es, com duas capacidades de bateria, dois n\u00edveis de acabamento e tra\u00e7\u00e3o 4&#215;2 ou 4&#215;4. Os pre\u00e7os come\u00e7am nos 32 639 \u20ac do e VITARA S2 49KW e culminam nos 43 110 \u20ac da vers\u00e3o topo de gama, o e VITARA S3 61KW 4WD.<\/p>\n<table border=\"1\" cellspacing=\"0\" cellpadding=\"0\">\n<tbody>\n<tr>\n<td valign=\"top\"><strong>Vers\u00e3o<\/strong><\/td>\n<td valign=\"top\"><strong>PVP<\/strong><\/td>\n<td valign=\"top\"><strong>Campanha<\/strong><\/td>\n<td valign=\"top\"><strong>Pre\u00e7o Final<\/strong><\/td>\n<\/tr>\n<tr>\n<td valign=\"top\"><strong>e VITARA S2 49KW<\/strong><\/td>\n<td valign=\"top\">36 197 \u20ac<\/td>\n<td valign=\"top\">3.558 \u20ac<\/td>\n<td valign=\"top\"><strong>32\u00a0639 \u20ac<\/strong><\/td>\n<\/tr>\n<tr>\n<td valign=\"top\"><strong>e VITARA S2 61KW<\/strong><\/td>\n<td valign=\"top\">40 771 \u20ac<\/td>\n<td valign=\"top\">3.558 \u20ac<\/td>\n<td valign=\"top\"><strong>37\u00a0214 \u20ac<\/strong><\/td>\n<\/tr>\n<tr>\n<td valign=\"top\"><strong>e VITARA S2 61KW 4WD<\/strong><\/td>\n<td valign=\"top\">43 821 \u20ac<\/td>\n<td valign=\"top\">3.558 \u20ac<\/td>\n<td valign=\"top\"><strong>40\u00a0263 \u20ac<\/strong><\/td>\n<\/tr>\n<tr>\n<td valign=\"top\"><strong>e VITARA S3 61KW<\/strong><\/td>\n<td valign=\"top\">43 618 \u20ac<\/td>\n<td valign=\"top\">3.558 \u20ac<\/td>\n<td valign=\"top\"><strong>40\u00a0060 \u20ac<\/strong><\/td>\n<\/tr>\n<tr>\n<td valign=\"top\"><strong>e VITARA S3 61KW 4WD<\/strong><\/td>\n<td valign=\"top\">46 667 \u20ac<\/td>\n<td valign=\"top\">3.558 \u20ac<\/td>\n<td valign=\"top\"><strong>43\u00a0110 \u20ac<\/strong><\/td>\n<\/tr>\n<\/tbody>\n<\/table>\n<p>Pre\u00e7os com IVA inclu\u00eddo<\/p>\n<p style=\"text-align: justify;\">O Suzuki e VITARA oferece uma ampla e original gama de cores: Verde Terra P\u00e9rola Metalizado, Branco Arctic P\u00e9rola, Prata Splendid P\u00e9rola Metalizado, Cinza Grandeur P\u00e9rola Metalizado, Azul Celestial P\u00e9rola Metalizado e Preto P\u00e9rola. As quatro primeiras tonalidades, al\u00e9m da vers\u00e3o em Vermelho Opulent, est\u00e3o dispon\u00edveis em combina\u00e7\u00f5es bitono, com teto preto, nas vers\u00f5es com acabamento S3.<\/p>\n<p style=\"text-align: justify;\">Al\u00e9m disso, o novo e VITARA oferece combina\u00e7\u00f5es de cores no interior, dependendo da configura\u00e7\u00e3o: todo em preto ou preto com inser\u00e7\u00f5es em castanho.<\/p>\n<p style=\"text-align: justify;\"><strong>Um el\u00e9trico \u201cMade in Suzuki\u201d<\/strong><\/p>\n<p style=\"text-align: justify;\">O Suzuki e VITARA \u00e9 o primeiro modelo el\u00e9trico estrat\u00e9gico global da Suzuki. \u00c9 baseado na plataforma de novo desenvolvimento \u201cHEARTECT-e\u201d espec\u00edfica para ve\u00edculos el\u00e9tricos e no conceito de produto \u201cEmotional Versatile Cruiser\u201d.<\/p>\n<p style=\"text-align: justify;\">A filosofia de design \u201cHigh-Tech &amp; Adventure\u201d do e VITARA combina a modernidade de um autom\u00f3vel el\u00e9trico com a robustez de um SUV, transmitindo um car\u00e1ter aventureiro. As suas dimens\u00f5es (4275 mm de comprimento, 1800 mm de largura, 1635 mm de altura e 2700 mm de dist\u00e2ncia entre eixos) refor\u00e7am o seu car\u00e1ter \u00e1gil e vers\u00e1til. Esta filosofia de design estende-se ao interior, que incorpora um ecr\u00e3 integrado com fun\u00e7\u00f5es avan\u00e7adas e um painel de instrumentos robusto, consola central e pain\u00e9is nas portas.<\/p>\n<p style=\"text-align: justify;\">O sistema de propuls\u00e3o el\u00e9trica eAxle do e VITARA integra o motor e o inversor, juntamente com as baterias de l\u00edtio ferro-fosfato (com capacidade de 49 ou 61 kWh). A vers\u00e3o 4&#215;2 oferece o sistema eAxle na sua vers\u00e3o de 106 kW de pot\u00eancia com a bateria de 49 kWh; e de 128 kW com a bateria de 61 kWh de capacidade; ambas com 193 Nm de bin\u00e1rio m\u00e1ximo.<\/p>\n<p style=\"text-align: justify;\">A vers\u00e3o 4&#215;4 \u00abALLGRIP-e\u00bb re\u00fane toda a experi\u00eancia da Suzuki em tecnologia de tra\u00e7\u00e3o \u00e0s quatro rodas. Integra dois sistemas eAxle, um em cada eixo, com 128 kW de pot\u00eancia no dianteiro e 48 kW de pot\u00eancia no traseiro, com uma pot\u00eancia combinada de 135 kW e um bin\u00e1rio m\u00e1ximo combinado de 307 Nm.<\/p>\n<p style=\"text-align: justify;\">Antes do seu lan\u00e7amento, o Suzuki e VITARA ganhou o Pr\u00e9mio Especial Carro do Ano RJC 2026, promovido pela Associa\u00e7\u00e3o de Investigadores e Jornalistas Autom\u00f3veis do Jap\u00e3o, e foi um dos candidatos ao Women\u2019s Worldwide Car of the Year (WWCOTY).<\/p>\n","protected":false},"excerpt":{"rendered":"<p>O primeiro modelo el\u00e9trico da Suzuki est\u00e1 dispon\u00edvel em cinco vers\u00f5es, com duas capacidades de bateria, dois n\u00edveis de acabamento e tra\u00e7\u00e3o 4&#215;2 ou 4&#215;4. Os pre\u00e7os come\u00e7am nos 32.639 \u20ac. O novo Suzuki e VITARA iniciar\u00e1 a sua comercializa\u00e7\u00e3o na primavera. Os clientes interessados neste modelo j\u00e1 podem solicitar informa\u00e7\u00f5es atrav\u00e9s do site da [&hellip;]<\/p>\n","protected":false},"author":2,"featured_media":25474,"comment_status":"open","ping_status":"open","sticky":false,"template":"","format":"standard","meta":{"_editorskit_title_hidden":false,"_editorskit_reading_time":0,"_editorskit_is_block_options_detached":false,"_editorskit_block_options_position":"{}","om_disable_all_campaigns":false,"_monsterinsights_skip_tracking":false,"_monsterinsights_sitenote_active":false,"_monsterinsights_sitenote_note":"","_monsterinsights_sitenote_category":0,"_uf_show_specific_survey":0,"_uf_disable_surveys":false,"site-sidebar-layout":"default","site-content-layout":"","ast-site-content-layout":"default","site-content-style":"default","site-sidebar-style":"default","ast-global-header-display":"","ast-banner-title-visibility":"","ast-main-header-display":"","ast-hfb-above-header-display":"","ast-hfb-below-header-display":"","ast-hfb-mobile-header-display":"","site-post-title":"","ast-breadcrumbs-content":"","ast-featured-img":"","footer-sml-layout":"","theme-transparent-header-meta":"default","adv-header-id-meta":"","stick-header-meta":"default","header-above-stick-meta":"","header-main-stick-meta":"","header-below-stick-meta":"","astra-migrate-meta-layouts":"set","ast-page-background-enabled":"default","ast-page-background-meta":{"desktop":{"background-color":"","background-image":"","background-repeat":"repeat","background-position":"center center","background-size":"auto","background-attachment":"scroll","background-type":"","background-media":"","overlay-type":"","overlay-color":"","overlay-opacity":"","overlay-gradient":""},"tablet":{"background-color":"","background-image":"","background-repeat":"repeat","background-position":"center center","background-size":"auto","background-attachment":"scroll","background-type":"","background-media":"","overlay-type":"","overlay-color":"","overlay-opacity":"","overlay-gradient":""},"mobile":{"background-color":"","background-image":"","background-repeat":"repeat","background-position":"center center","background-size":"auto","background-attachment":"scroll","background-type":"","background-media":"","overlay-type":"","overlay-color":"","overlay-opacity":"","overlay-gradient":""}},"ast-content-background-meta":{"desktop":{"background-color":"var(--ast-global-color-5)","background-image":"","background-repeat":"repeat","background-position":"center center","background-size":"auto","background-attachment":"scroll","background-type":"","background-media":"","overlay-type":"","overlay-color":"","overlay-opacity":"","overlay-gradient":""},"tablet":{"background-color":"var(--ast-global-color-5)","background-image":"","background-repeat":"repeat","background-position":"center center","background-size":"auto","background-attachment":"scroll","background-type":"","background-media":"","overlay-type":"","overlay-color":"","overlay-opacity":"","overlay-gradient":""},"mobile":{"background-color":"var(--ast-global-color-5)","background-image":"","background-repeat":"repeat","background-position":"center center","background-size":"auto","background-attachment":"scroll","background-type":"","background-media":"","overlay-type":"","overlay-color":"","overlay-opacity":"","overlay-gradient":""}},"footnotes":""},"categories":[13],"tags":[],"class_list":["post-25473","post","type-post","status-publish","format-standard","has-post-thumbnail","hentry","category-comercio"],"aioseo_notices":[],"_links":{"self":[{"href":"https:\/\/contarotacoes.com\/index.php?rest_route=\/wp\/v2\/posts\/25473","targetHints":{"allow":["GET"]}}],"collection":[{"href":"https:\/\/contarotacoes.com\/index.php?rest_route=\/wp\/v2\/posts"}],"about":[{"href":"https:\/\/contarotacoes.com\/index.php?rest_route=\/wp\/v2\/types\/post"}],"author":[{"embeddable":true,"href":"https:\/\/contarotacoes.com\/index.php?rest_route=\/wp\/v2\/users\/2"}],"replies":[{"embeddable":true,"href":"https:\/\/contarotacoes.com\/index.php?rest_route=%2Fwp%2Fv2%2Fcomments&post=25473"}],"version-history":[{"count":1,"href":"https:\/\/contarotacoes.com\/index.php?rest_route=\/wp\/v2\/posts\/25473\/revisions"}],"predecessor-version":[{"id":25475,"href":"https:\/\/contarotacoes.com\/index.php?rest_route=\/wp\/v2\/posts\/25473\/revisions\/25475"}],"wp:featuredmedia":[{"embeddable":true,"href":"https:\/\/contarotacoes.com\/index.php?rest_route=\/wp\/v2\/media\/25474"}],"wp:attachment":[{"href":"https:\/\/contarotacoes.com\/index.php?rest_route=%2Fwp%2Fv2%2Fmedia&parent=25473"}],"wp:term":[{"taxonomy":"category","embeddable":true,"href":"https:\/\/contarotacoes.com\/index.php?rest_route=%2Fwp%2Fv2%2Fcategories&post=25473"},{"taxonomy":"post_tag","embeddable":true,"href":"https:\/\/contarotacoes.com\/index.php?rest_route=%2Fwp%2Fv2%2Ftags&post=25473"}],"curies":[{"name":"wp","href":"https:\/\/api.w.org\/{rel}","templated":true}]}}