{"id":24578,"date":"2026-01-22T10:14:54","date_gmt":"2026-01-22T10:14:54","guid":{"rendered":"https:\/\/contarotacoes.com\/?p=24578"},"modified":"2026-01-22T10:14:54","modified_gmt":"2026-01-22T10:14:54","slug":"ds-automobiles-uma-exposicao-presidencial-para-a-50a-edicao-do-retromobile","status":"publish","type":"post","link":"https:\/\/contarotacoes.com\/?p=24578","title":{"rendered":"DS AUTOMOBILES: UMA EXPOSI\u00c7\u00c3O PRESIDENCIAL PARA A 50\u00aa EDI\u00c7\u00c3O DO RETROMOBILE"},"content":{"rendered":"<ul style=\"font-weight: 400;\">\n<li style=\"text-align: justify;\"><strong>Depois de celebrar o 70.\u00ba anivers\u00e1rio do lend\u00e1rio DS no Retromobile de 2025, a DS Automobiles apresentar\u00e1 quatro ve\u00edculos presidenciais especiais na edi\u00e7\u00e3o deste ano.<\/strong><\/li>\n<li style=\"text-align: justify;\"><strong>Do DS 21 (1965) do General de Gaulle ao DS N\u00b08 Presidencial (2025) e ao SM Presidencial (1972), v\u00e1rios \u00edcones autom\u00f3veis da 5.\u00aa Rep\u00fablica, cuidadosamente selecionados pela L&#8217;Aventure DS, estar\u00e3o reunidos no stand da DS Automobiles.<\/strong><\/li>\n<li style=\"text-align: justify;\"><strong>O DS e o SM, assim como a DS Automobiles, estabeleceram uma rela\u00e7\u00e3o \u00fanica com a Presid\u00eancia da Rep\u00fablica Francesa. In\u00fameros modelos presidenciais ilustram essa colabora\u00e7\u00e3o hist\u00f3rica, registada e destacada atrav\u00e9s de uma exposi\u00e7\u00e3o fotogr\u00e1fica.<\/strong><\/li>\n<li style=\"text-align: justify;\"><strong>O evento ser\u00e1 realizado no stand da marca no pavilh\u00e3o 7.2, com pr\u00e9-estreia na noite de ter\u00e7a-feira, 27 de janeiro.<\/strong><\/li>\n<\/ul>\n<p style=\"font-weight: 400; text-align: justify;\">A 50.\u00aa edi\u00e7\u00e3o do Sal\u00e3o Retromobile ter\u00e1 lugar em Paris, na Porte de Versailles, de 28 de janeiro a 1 de fevereiro de 2026. Depois de celebrar o 70.\u00ba anivers\u00e1rio do lend\u00e1rio DS em 2025 com uma exposi\u00e7\u00e3o not\u00e1vel, a DS Automobiles regressa ao Retromobile em 2026 com um stand totalmente novo, com uma \u00e1rea de 250 m\u00b2.<\/p>\n<p style=\"font-weight: 400; text-align: justify;\">A \u00e1rea de exposi\u00e7\u00e3o contar\u00e1 com quatro viaturas presidenciais especiais, reunidas pela primeira vez num evento desta magnitude, gra\u00e7as ao apoio inestim\u00e1vel da L&#8217;Aventure DS, a organiza\u00e7\u00e3o dedicada \u00e0 preserva\u00e7\u00e3o do patrim\u00f3nio da marca.<\/p>\n<p style=\"font-weight: 400; text-align: justify;\"><em>\u201cA 50.\u00aa edi\u00e7\u00e3o do Retromobile: a oportunidade perfeita para mostrar a nossa colabora\u00e7\u00e3o hist\u00f3rica com a Presid\u00eancia da Rep\u00fablica Francesa. Desde o DS do General de Gaulle at\u00e9 ao DS N\u00b08 PRESIDENCIAL, a DS Automobiles est\u00e1 empenhada em trabalhar ao lado do Pal\u00e1cio do Eliseu atrav\u00e9s de modelos incr\u00edveis, simb\u00f3licos da excel\u00eancia francesa.\u201d<\/em><\/p>\n<p style=\"font-weight: 400; text-align: justify;\"><strong><em>Xavier PEUGEOT, CEO da DS Automobiles<\/em><\/strong><strong>\u00a0<\/strong><\/p>\n<p style=\"font-weight: 400; text-align: justify;\"><strong>QUATRO AUTOM\u00d3VEIS PRESIDENCIAIS EXTRAORDIN\u00c1RIOS<\/strong><\/p>\n<ul style=\"font-weight: 400; text-align: justify;\">\n<li><strong>DS 21 PALLAS utilizado pelo General de Gaulle (1965)<\/strong><\/li>\n<\/ul>\n<p style=\"font-weight: 400; text-align: justify;\">Sa\u00eddo da linha de produ\u00e7\u00e3o da f\u00e1brica de Javel, no 15.\u00ba arrondissement de Paris, em 29 de setembro de 1965, este DS 21 PALLAS foi utilizado pelo General de Gaulle, Presidente da Rep\u00fablica Francesa de 1959 a 1969. Apresentado a 2 de outubro de 1965 com o n\u00famero de matr\u00edcula 1737 RX 75, apresentava acess\u00f3rios especiais para uso oficial, incluindo palas laterais para os bancos traseiros, suportes para bandeiras integrados no para-choques dianteiro, bem como um suporte para ins\u00edgnias e um suporte para documentos no painel de instrumentos.<\/p>\n<p style=\"font-weight: 400; text-align: justify;\">Este DS 21 PALLAS foi utilizado principalmente nas viagens do General de Gaulle entre o Pal\u00e1cio do Eliseu e a sua resid\u00eancia em Colombey-les-Deux-\u00c9glises (Haute-Marne). Em novembro de 1967, o autom\u00f3vel foi vendido ao gerente da cooperativa leiteira de Colombey-les-Deux-\u00c9glises, antes de permanecer na sua fam\u00edlia at\u00e9 2021.<\/p>\n<p style=\"font-weight: 400; text-align: justify;\">Ap\u00f3s uma mudan\u00e7a de propriet\u00e1rio, o DS 21 PALLAS foi leiloado em outubro de 2023, tendo sido vendido por 59.040 \u20ac. Completamente restaurado nos \u00faltimos dois anos, respeitando a sua autenticidade, foi exibido no p\u00e1tio do Pal\u00e1cio do Eliseu durante as Jornadas Europeias do Patrim\u00f3nio, em setembro passado.<\/p>\n<ul style=\"font-weight: 400; text-align: justify;\">\n<li><strong>PRESIDENTIAL DS 21 (1968)<\/strong><\/li>\n<\/ul>\n<p style=\"font-weight: 400; text-align: justify;\">Para suceder \u00e0 limusina constru\u00edda sobre o chassis Traction Avant pelo fabricante de carro\u00e7arias Franay em 1955, a Presid\u00eancia da Rep\u00fablica encomendou um novo autom\u00f3vel cerimonial, entregue no Pal\u00e1cio do Eliseu a 14 de novembro de 1968. \u00danico no seu g\u00e9nero, este DS 21 alongado cumpria especifica\u00e7\u00f5es particularmente exigentes, estipulando, entre outras coisas, que tinha de ser maior do que o autom\u00f3vel ent\u00e3o utilizado pelo Presidente dos Estados Unidos.<\/p>\n<p style=\"font-weight: 400; text-align: justify;\">Concebido pela equipa do Quai de Javel e posteriormente equipado pelo fabricante de carro\u00e7arias Henri Chapron, este DS 21 Presidencial foi objeto de um comunicado de imprensa publicado em 13 de novembro de 1968:<\/p>\n<p style=\"text-align: justify;\"><img decoding=\"async\" src=\"https:\/\/mail.google.com\/mail\/u\/0?ui=2&amp;ik=4ef27f2e91&amp;attid=0.0.9&amp;permmsgid=msg-f:1855011251597158084&amp;th=19be52e7b1cd26c4&amp;view=fimg&amp;fur=ip&amp;permmsgid=msg-f:1855011251597158084&amp;sz=s0-l75-ft&amp;attbid=ANGjdJ-mm-IjDXajbq5iTh5XHohh47w42DqD6aLPqUP4XK4OQ7aiUdU_9DM0Q_DVCQAvE1VPlBLgbKf6LYxl1bA39T8dX5AJjFuvQIE5aiubp4aoIJer2MBwLQZGO2U&amp;disp=emb&amp;zw\" alt=\"Une image contenant texte, re\u00e7u, blanc, Police\n\nLe contenu g\u00e9n\u00e9r\u00e9 par l\u2019IA peut \u00eatre incorrect.\" \/><\/p>\n<p style=\"font-weight: 400; text-align: justify;\">\u201c<em>Concebido para uso oficial (cerim\u00f3nias e prociss\u00f5es), o novo ve\u00edculo, com matr\u00edcula 1 PR 75, \u00e9 um Citro\u00ebn com tra\u00e7\u00e3o dianteira, suspens\u00e3o hidropneum\u00e1tica, carro\u00e7aria e configura\u00e7\u00e3o especiais. Mede 6,53 m de comprimento e 2,13 m de largura. \u00c9 capaz de circular durante v\u00e1rias horas a velocidades muito baixas (desfiles), mesmo com temperaturas muito elevadas<\/em>.\u201d<\/p>\n<p style=\"font-weight: 400; text-align: justify;\">Este modelo especial, com a sua cor Trade Wind Grey e tejadilho cinzento prateado, tamb\u00e9m se destaca pelo equipamento especialmente vanguardista para a \u00e9poca, com ilumina\u00e7\u00e3o inovadora (4 far\u00f3is, incluindo 2 auxiliares com d\u00edodos de longo alcance), luzes deslizantes na traseira para os indicadores, bem como bandeiras laterais iluminadas e um emblema luminoso integrado no cap\u00f4.<\/p>\n<p style=\"font-weight: 400; text-align: justify;\">No interior, o DS 21 Presidencial oferece um n\u00edvel excecional de conforto e requinte: um vidro divis\u00f3rio curvo separa o condutor e o\u00a0<em>aide-de-camp<\/em>\u00a0dos passageiros traseiros, enquanto o interior est\u00e1 equipado com estofos inteiramente em couro castanho, vidros el\u00e9tricos, ar condicionado, ilumina\u00e7\u00e3o direta e indireta, bem como um intercomunicador e um minibar.<\/p>\n<p style=\"font-weight: 400; text-align: justify;\">Com uma dist\u00e2ncia entre eixos de 3,78 metros, oferece um espa\u00e7o traseiro particularmente generoso, permitindo dois ou mesmo tr\u00eas passageiros, complementado por um banco rebat\u00edvel virado para os ocupantes, destinado, entre outras coisas, a um int\u00e9rprete.<\/p>\n<ul style=\"font-weight: 400; text-align: justify;\">\n<li><strong>PRESIDENTIAL SM (1972)<\/strong><\/li>\n<\/ul>\n<p style=\"font-weight: 400; text-align: justify;\">A 12 de maio de 1972, dois novos ve\u00edculos cerimoniais foram oficialmente anunciados no Pal\u00e1cio do Eliseu: dois PRESIDENTIAL SM id\u00eanticos, descapot\u00e1veis, em cinzento met\u00e1lico escuro com 4 portas.<\/p>\n<p style=\"font-weight: 400; text-align: justify;\">No comunicado de imprensa publicado nesse dia pela marca do Chevron, afirma-se:<\/p>\n<p style=\"text-align: justify;\"><img decoding=\"async\" src=\"https:\/\/mail.google.com\/mail\/u\/0?ui=2&amp;ik=4ef27f2e91&amp;attid=0.0.10&amp;permmsgid=msg-f:1855011251597158084&amp;th=19be52e7b1cd26c4&amp;view=fimg&amp;fur=ip&amp;permmsgid=msg-f:1855011251597158084&amp;sz=s0-l75-ft&amp;attbid=ANGjdJ-N34e-dxyo0bPz2SXq65tymh-kLM8IuQaaMFko0jXlH0Edx6heFhPe9pNsmcb1EAYsD3lOuqwo6aTQgAWgl24esN_YEskB1HRuwnT8jomAEthdARTbojbR2eQ&amp;disp=emb&amp;zw\" alt=\"Une image contenant texte, Police, capture d\u2019\u00e9cran\n\nLe contenu g\u00e9n\u00e9r\u00e9 par l\u2019IA peut \u00eatre incorrect.\" \/><\/p>\n<p style=\"font-weight: 400; text-align: justify;\">\u201c<em>A primeira sa\u00edda dos dois autom\u00f3veis concebidos para cerim\u00f3nias oficiais e recentemente adquiridos pelo Servi\u00e7o de Autom\u00f3veis do Eliseu ter\u00e1 lugar a 15 de maio, por ocasi\u00e3o da visita de Sua Majestade a Rainha de Inglaterra a Fran\u00e7a. Estes substituem os dois Simca descapot\u00e1veis de 1959<\/em>.\u201d<\/p>\n<p style=\"font-weight: 400; text-align: justify;\">Especialmente adaptados para o seu uso cerimonial, estes SM presidenciais beneficiam de uma carro\u00e7aria totalmente redesenhada pelo fabricante Chapron. Cada exemplar foi alongado em 71 cent\u00edmetros, elevando o comprimento total do ve\u00edculo para 5,60 metros (de s\u00e9rie com 4,89 metros). Embora a largura permane\u00e7a id\u00eantica \u00e0 do modelo de produ\u00e7\u00e3o, com 1,84 metros, a sec\u00e7\u00e3o traseira adota um design totalmente especial, sendo a dianteira a \u00fanica sec\u00e7\u00e3o estritamente em conformidade com o SM original.<\/p>\n<p style=\"font-weight: 400; text-align: justify;\">Para lidar com o aumento da dist\u00e2ncia entre eixos para 3,47 metros (de s\u00e9rie com 2,95 metros) e com um aumento de peso para 1.780 kg em compara\u00e7\u00e3o com 1.450 kg da vers\u00e3o de produ\u00e7\u00e3o, a suspens\u00e3o, o sistema de travagem &#8211; com quatro trav\u00f5es de disco e distribui\u00e7\u00e3o de travagem &#8211; bem como os pneus foram adaptados. O propulsor permanece inalterado, com um motor V6 que desenvolve 170 cavalos de pot\u00eancia \u00e0s 5.500 rpm. A sua transmiss\u00e3o sincronizada tem 5 velocidades, com rela\u00e7\u00f5es adaptadas que permitem ao autom\u00f3vel ser conduzido a baixa velocidade durante muito tempo.<\/p>\n<p style=\"font-weight: 400; text-align: justify;\">Os SM Presidential descapot\u00e1veis s\u00e3o equipados com uma capota preta de opera\u00e7\u00e3o hidr\u00e1ulica e o seu interior \u00e9 estofado em couro natural. Na zona dianteira, os bancos foram deslocados para as laterais exteriores para permitir a instala\u00e7\u00e3o de um banco rebat\u00edvel para o int\u00e9rprete. Esta configura\u00e7\u00e3o especial resultou no deslocamento do volante em cerca de seis cent\u00edmetros para a esquerda, bem como no reposicionamento do trav\u00e3o de m\u00e3o para a frente.<\/p>\n<p style=\"font-weight: 400; text-align: justify;\">Estes SM Presidential foram utilizados sucessivamente por v\u00e1rios presidentes da Rep\u00fablica Francesa: Georges Pompidou, Val\u00e9ry Giscard d&#8217;Estaing, Fran\u00e7ois Mitterrand e Jacques Chirac.<\/p>\n<ul style=\"font-weight: 400; text-align: justify;\">\n<li><strong>PRESIDENTIAL DS N\u00b08 (2025)<\/strong><\/li>\n<\/ul>\n<p style=\"font-weight: 400; text-align: justify;\">Com um design \u00fanico, o PRESIDENTIAL DS N\u00b08 re\u00fane o mais distinto savoir-faire do fabrico artesanal franc\u00eas. Foi disponibilizado \u00e0 Presid\u00eancia da Rep\u00fablica Francesa antes do lan\u00e7amento do novo topo de gama da DS Automobiles, o DS N\u00b08, que estaria \u00e0 venda em setembro de 2025. O Chefe de Estado franc\u00eas, Emmanuel Macron, participou nas comemora\u00e7\u00f5es do 80.\u00ba anivers\u00e1rio do Armist\u00edcio de 8 de maio de 1945 no PRESIDENTIAL DS N\u00b08. Tornou-se assim o primeiro presidente da Rep\u00fablica do mundo a deslocar-se num autom\u00f3vel oficial 100% el\u00e9trico.<\/p>\n<p style=\"font-weight: 400; text-align: justify;\">O DS N\u00b08 PRESIDENTIAL foi modificado de v\u00e1rias formas pelos engenheiros e equipas criativas da DS Automobiles. Em primeiro lugar, tem uma cor azul-safira (como o DS 7 \u00c9LYS\u00c9E), exclusiva do DS N\u00b08 e perfeita para um modelo que se junta \u00e0 frota de ve\u00edculos presidenciais. O acabamento \u00e9 feito com pain\u00e9is laterais pintados de preto. A sua grelha DS LUMINASCREEEN iluminada apresenta as cores azul, branco e vermelho da Rep\u00fablica Francesa. Outros detalhes exteriores incluem emblemas especiais em azul, branco e vermelho que tamb\u00e9m adornam a parte dianteira e traseira do autom\u00f3vel, bem como a instala\u00e7\u00e3o de suportes para bandeiras nas extremidades do para-choques dianteiro.<\/p>\n<p style=\"font-weight: 400; text-align: justify;\">O DS N\u00b08 PRESIDENTIAL possui acess\u00f3rios espec\u00edficos para desfiles, tais como barras de apoio e pegas para que seja poss\u00edvel manter-se em p\u00e9 e um banco corrido mais curto.<\/p>\n<p style=\"font-weight: 400; text-align: justify;\">Com um design exclusivo baseado em experi\u00eancia e tecnologia para incorporar a Arte de Viajar, o DS N\u00b08 PRESIDENTIAL foi criado com a ajuda de v\u00e1rios artes\u00e3os e parceiros franceses:<\/p>\n<ul style=\"font-weight: 400; text-align: justify;\">\n<li>Marchetaria de palha dos ateliers Lison de Caunes, aplicada no painel de instrumentos e nos pain\u00e9is das portas,<\/li>\n<li>Satin Dream Blue da organiza\u00e7\u00e3o M\u00e9taphores, combinado com um novo plissado feito pelo Atelier Lognon, real\u00e7ado com costura &#8220;p\u00e9rola&#8221;,<\/li>\n<li>Bancos fabricados pelos mestres estofadores da DS Automobiles, combinando couro Nappa e Alcantara\u00ae Dream Blue para um requinte \u00fanico,<\/li>\n<li>Sistema de \u00e1udio especial produzido pela FOCAL, um parceiro de longa data da DS Automobiles,<\/li>\n<li>Motor 100% el\u00e9trico fabricado em Fran\u00e7a. As baterias NMC (n\u00edquel-mangan\u00eas-cobalto) s\u00e3o fornecidas pela ACC (Automotive Cells Company) na Gigafactory localizada em Billy Berclau Douvrin (62), enquanto o motor el\u00e9trico \u00e9 fabricado pela Emotors em Tr\u00e9mery, na Lorena. O novo topo de gama 100% el\u00e9trico da DS Automobiles, o DS N\u00b08, tem uma autonomia recorde de at\u00e9 750 km.<\/li>\n<\/ul>\n<p style=\"font-weight: 400; text-align: justify;\"><strong>DS, SM, DS Automobiles E OS PRESIDENTES EM FOTOGRAFIA<\/strong><\/p>\n<p style=\"font-weight: 400; text-align: justify;\">A Presid\u00eancia da Rep\u00fablica Francesa sempre teve uma rela\u00e7\u00e3o especial com os modelos DS e SM e, atualmente, com a DS Automobiles. Uma colabora\u00e7\u00e3o hist\u00f3rica ilustrada pelo fornecimento de muitos ve\u00edculos ic\u00f3nicos, come\u00e7ando com o DS 19 do General de Gaulle em 1958.<\/p>\n<p style=\"font-weight: 400; text-align: justify;\">Ao longo das d\u00e9cadas, esta rela\u00e7\u00e3o continuou atrav\u00e9s de modelos marcantes, como os que agora est\u00e3o reunidos no stand da DS Automobiles na Retromobile. Tamb\u00e9m continuou nos tempos contempor\u00e2neos com o DS 5 descapot\u00e1vel utilizado na tomada de posse de Fran\u00e7ois Hollande (15 de maio de 2012) &#8211; que mais tarde se tornou o ve\u00edculo oficial da Presid\u00eancia numa vers\u00e3o com carro\u00e7aria completa &#8211; o DS 7 CROSSBACK PRESIDENCIAL apresentado na tomada de posse de Emmanuel Macron (14 de maio de 2017), o DS 7 CROSSBACK \u00c9LYS\u00c9E, ve\u00edculo oficial da Presid\u00eancia entre novembro de 2021 e junho de 2022, antes do DS 7 \u00c9LYS\u00c9E assumir a partir de julho de 2022.<\/p>\n<p style=\"font-weight: 400; text-align: justify;\">\u00c9 neste contexto que os visitantes poder\u00e3o ver uma exposi\u00e7\u00e3o fotogr\u00e1fica dedicada ao DS e ao SM presidenciais, retratando em imagens esta rela\u00e7\u00e3o \u00fanica entre o autom\u00f3vel franc\u00eas especial e a Presid\u00eancia da Rep\u00fablica Francesa.<\/p>\n<p style=\"font-weight: 400; text-align: justify;\">Por fim, estar\u00e1 tamb\u00e9m dispon\u00edvel no stand uma loja que permitir\u00e1 aos entusiastas levarem consigo uma lembran\u00e7a desta visita.<\/p>\n","protected":false},"excerpt":{"rendered":"<p>Depois de celebrar o 70.\u00ba anivers\u00e1rio do lend\u00e1rio DS no Retromobile de 2025, a DS Automobiles apresentar\u00e1 quatro ve\u00edculos presidenciais especiais na edi\u00e7\u00e3o deste ano. Do DS 21 (1965) do General de Gaulle ao DS N\u00b08 Presidencial (2025) e ao SM Presidencial (1972), v\u00e1rios \u00edcones autom\u00f3veis da 5.\u00aa Rep\u00fablica, cuidadosamente selecionados pela L&#8217;Aventure DS, estar\u00e3o [&hellip;]<\/p>\n","protected":false},"author":2,"featured_media":24579,"comment_status":"open","ping_status":"open","sticky":false,"template":"","format":"standard","meta":{"_editorskit_title_hidden":false,"_editorskit_reading_time":0,"_editorskit_is_block_options_detached":false,"_editorskit_block_options_position":"{}","om_disable_all_campaigns":false,"_monsterinsights_skip_tracking":false,"_monsterinsights_sitenote_active":false,"_monsterinsights_sitenote_note":"","_monsterinsights_sitenote_category":0,"_uf_show_specific_survey":0,"_uf_disable_surveys":false,"site-sidebar-layout":"default","site-content-layout":"","ast-site-content-layout":"default","site-content-style":"default","site-sidebar-style":"default","ast-global-header-display":"","ast-banner-title-visibility":"","ast-main-header-display":"","ast-hfb-above-header-display":"","ast-hfb-below-header-display":"","ast-hfb-mobile-header-display":"","site-post-title":"","ast-breadcrumbs-content":"","ast-featured-img":"","footer-sml-layout":"","theme-transparent-header-meta":"default","adv-header-id-meta":"","stick-header-meta":"default","header-above-stick-meta":"","header-main-stick-meta":"","header-below-stick-meta":"","astra-migrate-meta-layouts":"set","ast-page-background-enabled":"default","ast-page-background-meta":{"desktop":{"background-color":"","background-image":"","background-repeat":"repeat","background-position":"center center","background-size":"auto","background-attachment":"scroll","background-type":"","background-media":"","overlay-type":"","overlay-color":"","overlay-opacity":"","overlay-gradient":""},"tablet":{"background-color":"","background-image":"","background-repeat":"repeat","background-position":"center center","background-size":"auto","background-attachment":"scroll","background-type":"","background-media":"","overlay-type":"","overlay-color":"","overlay-opacity":"","overlay-gradient":""},"mobile":{"background-color":"","background-image":"","background-repeat":"repeat","background-position":"center center","background-size":"auto","background-attachment":"scroll","background-type":"","background-media":"","overlay-type":"","overlay-color":"","overlay-opacity":"","overlay-gradient":""}},"ast-content-background-meta":{"desktop":{"background-color":"var(--ast-global-color-5)","background-image":"","background-repeat":"repeat","background-position":"center center","background-size":"auto","background-attachment":"scroll","background-type":"","background-media":"","overlay-type":"","overlay-color":"","overlay-opacity":"","overlay-gradient":""},"tablet":{"background-color":"var(--ast-global-color-5)","background-image":"","background-repeat":"repeat","background-position":"center center","background-size":"auto","background-attachment":"scroll","background-type":"","background-media":"","overlay-type":"","overlay-color":"","overlay-opacity":"","overlay-gradient":""},"mobile":{"background-color":"var(--ast-global-color-5)","background-image":"","background-repeat":"repeat","background-position":"center center","background-size":"auto","background-attachment":"scroll","background-type":"","background-media":"","overlay-type":"","overlay-color":"","overlay-opacity":"","overlay-gradient":""}},"footnotes":""},"categories":[13],"tags":[],"class_list":["post-24578","post","type-post","status-publish","format-standard","has-post-thumbnail","hentry","category-comercio"],"aioseo_notices":[],"_links":{"self":[{"href":"https:\/\/contarotacoes.com\/index.php?rest_route=\/wp\/v2\/posts\/24578","targetHints":{"allow":["GET"]}}],"collection":[{"href":"https:\/\/contarotacoes.com\/index.php?rest_route=\/wp\/v2\/posts"}],"about":[{"href":"https:\/\/contarotacoes.com\/index.php?rest_route=\/wp\/v2\/types\/post"}],"author":[{"embeddable":true,"href":"https:\/\/contarotacoes.com\/index.php?rest_route=\/wp\/v2\/users\/2"}],"replies":[{"embeddable":true,"href":"https:\/\/contarotacoes.com\/index.php?rest_route=%2Fwp%2Fv2%2Fcomments&post=24578"}],"version-history":[{"count":1,"href":"https:\/\/contarotacoes.com\/index.php?rest_route=\/wp\/v2\/posts\/24578\/revisions"}],"predecessor-version":[{"id":24580,"href":"https:\/\/contarotacoes.com\/index.php?rest_route=\/wp\/v2\/posts\/24578\/revisions\/24580"}],"wp:featuredmedia":[{"embeddable":true,"href":"https:\/\/contarotacoes.com\/index.php?rest_route=\/wp\/v2\/media\/24579"}],"wp:attachment":[{"href":"https:\/\/contarotacoes.com\/index.php?rest_route=%2Fwp%2Fv2%2Fmedia&parent=24578"}],"wp:term":[{"taxonomy":"category","embeddable":true,"href":"https:\/\/contarotacoes.com\/index.php?rest_route=%2Fwp%2Fv2%2Fcategories&post=24578"},{"taxonomy":"post_tag","embeddable":true,"href":"https:\/\/contarotacoes.com\/index.php?rest_route=%2Fwp%2Fv2%2Ftags&post=24578"}],"curies":[{"name":"wp","href":"https:\/\/api.w.org\/{rel}","templated":true}]}}