{"id":24363,"date":"2026-01-12T16:55:08","date_gmt":"2026-01-12T16:55:08","guid":{"rendered":"https:\/\/contarotacoes.com\/?p=24363"},"modified":"2026-01-12T16:55:08","modified_gmt":"2026-01-12T16:55:08","slug":"bruno-santos-fecha-top-10-rally-2-na-8a-etapa-e-segura-o-8o-lugar","status":"publish","type":"post","link":"https:\/\/contarotacoes.com\/?p=24363","title":{"rendered":"Bruno Santos fecha Top 10 Rally 2 na 8\u00aa etapa e segura o 8\u00ba lugar"},"content":{"rendered":"<p style=\"text-align: justify;\">Bruno Santos disputou hoje a mais longa especial e uma das mais completas etapas desta 48\u00aa edi\u00e7\u00e3o do Rali Dakar, um exigente percurso de 483 km cronometrados que o piloto inscrito pelas Frutas Patr\u00edcia Pilar disputou de \u201cforma limpa\u201d, fechando o Top 10 da classifica\u00e7\u00e3o Rally 2 e terminando no Top 20 da classifica\u00e7\u00e3o geral de uma jornada, com partida e chegada a Wadi ad-Dawasir. Um resultado que permitiu ao piloto manter e refor\u00e7ar, os 8\u00aa e 18\u00ba lugares que ocupa respetivamente nas referidas classifica\u00e7\u00f5es.<u><\/u><u><\/u><\/p>\n<p style=\"text-align: justify;\">\u201cHoje partimos bastante cedo, foi uma especial longa, variada, bonita, mas com zonas de dunas a alterar com pistas r\u00e1pidas, plan\u00edcies arenosas, passagens por vales empedrados, muitas mudan\u00e7as de dire\u00e7\u00e3o. Foi pena estar tanto vento na parte final da especial, nem se via o caminho \u00e0 frente. Foi um dia positivo para mim, alcancei alguns pilotos no in\u00edcio, pude andar para a frente. A minha\u00a0<i>tablet<\/i>\u00a0teve hoje um problema, mas consegui andar at\u00e9 ao reabastecimento atr\u00e1s de outro piloto at\u00e9 resolver a situa\u00e7\u00e3o. Correu tudo bem. Estou satisfeito. Agora vou preparar tudo para amanh\u00e3 ter mais uma etapa maratona\u201d, explica o piloto apoiado pela Momento TT que disputa o Dakar Rally 2026 aos comandos de uma Husqvarna 450 Rally.<a name=\"m_9048953090771302965__Hlk219038589\"><\/a><u><\/u><u><\/u><\/p>\n<p style=\"text-align: justify;\">Amanh\u00e3 disputa-se a nona etapa do Dakar Rally 2026, que corresponde \u00e0 primeira parte da segunda etapa maratona. A jornada compreender\u00e1 418 km cronometrados aos quais se juntam 123 de liga\u00e7\u00e3o. A segunda maratona do Rali Dakar constituir\u00e1 mais um verdadeiro teste de resist\u00eancia f\u00edsica, mental e mec\u00e2nica. No final do dia, os pilotos n\u00e3o poder\u00e3o contar com qualquer ajuda externa \u00e0 manuten\u00e7\u00e3o das suas m\u00e1quinas. Os percursos ser\u00e3o rochosos e trai\u00e7oeiros, exigindo velocidade, mas tamb\u00e9m prud\u00eancia perante as sucessivas mudan\u00e7as de ritmo. No final da especial, uma espetacular travessia de dunas oferecer\u00e1 uma antevis\u00e3o do que ainda est\u00e1 por vir.<u><\/u><u><\/u><\/p>\n<p style=\"text-align: justify;\"><span lang=\"EN-US\">Mais informa\u00e7\u00f5es sobre o piloto:<\/span><u><\/u><u><\/u><\/p>\n<p style=\"text-align: justify;\"><span lang=\"EN-US\">Facebook:\u00a0<a href=\"http:\/\/www.facebook.com\/brunosantos.pag\" target=\"_blank\" rel=\"noopener\" data-saferedirecturl=\"https:\/\/www.google.com\/url?q=http:\/\/www.facebook.com\/brunosantos.pag&amp;source=gmail&amp;ust=1768322351167000&amp;usg=AOvVaw282pqiuNqIKZUJ9AyT9VgO\">www.facebook.com\/brunosantos.<wbr \/>pag<\/a><br \/>\nInstagram:\u00a0<a href=\"http:\/\/www.instagram.com\/brunosantos.pag\/\" target=\"_blank\" rel=\"noopener\" data-saferedirecturl=\"https:\/\/www.google.com\/url?q=http:\/\/www.instagram.com\/brunosantos.pag\/&amp;source=gmail&amp;ust=1768322351167000&amp;usg=AOvVaw1XTISjIYALHdPCwjakSgB6\">www.instagram.com\/brunosantos.<wbr \/>pag\/<\/a><br \/>\nWebsite:\u00a0<a href=\"https:\/\/brunosantos.pt\/\" target=\"_blank\" rel=\"noopener\" data-saferedirecturl=\"https:\/\/www.google.com\/url?q=https:\/\/brunosantos.pt\/&amp;source=gmail&amp;ust=1768322351167000&amp;usg=AOvVaw2wi4Xyfu_F1zrs8rPJh-Cn\">https:\/\/brunosantos.pt\/<\/a><\/span><\/p>\n","protected":false},"excerpt":{"rendered":"<p>Bruno Santos disputou hoje a mais longa especial e uma das mais completas etapas desta 48\u00aa edi\u00e7\u00e3o do Rali Dakar, um exigente percurso de 483 km cronometrados que o piloto inscrito pelas Frutas Patr\u00edcia Pilar disputou de \u201cforma limpa\u201d, fechando o Top 10 da classifica\u00e7\u00e3o Rally 2 e terminando no Top 20 da classifica\u00e7\u00e3o geral [&hellip;]<\/p>\n","protected":false},"author":2,"featured_media":24364,"comment_status":"open","ping_status":"open","sticky":false,"template":"","format":"standard","meta":{"_editorskit_title_hidden":false,"_editorskit_reading_time":0,"_editorskit_is_block_options_detached":false,"_editorskit_block_options_position":"{}","om_disable_all_campaigns":false,"_monsterinsights_skip_tracking":false,"_monsterinsights_sitenote_active":false,"_monsterinsights_sitenote_note":"","_monsterinsights_sitenote_category":0,"_uf_show_specific_survey":0,"_uf_disable_surveys":false,"site-sidebar-layout":"default","site-content-layout":"","ast-site-content-layout":"default","site-content-style":"default","site-sidebar-style":"default","ast-global-header-display":"","ast-banner-title-visibility":"","ast-main-header-display":"","ast-hfb-above-header-display":"","ast-hfb-below-header-display":"","ast-hfb-mobile-header-display":"","site-post-title":"","ast-breadcrumbs-content":"","ast-featured-img":"","footer-sml-layout":"","theme-transparent-header-meta":"default","adv-header-id-meta":"","stick-header-meta":"default","header-above-stick-meta":"","header-main-stick-meta":"","header-below-stick-meta":"","astra-migrate-meta-layouts":"set","ast-page-background-enabled":"default","ast-page-background-meta":{"desktop":{"background-color":"","background-image":"","background-repeat":"repeat","background-position":"center center","background-size":"auto","background-attachment":"scroll","background-type":"","background-media":"","overlay-type":"","overlay-color":"","overlay-opacity":"","overlay-gradient":""},"tablet":{"background-color":"","background-image":"","background-repeat":"repeat","background-position":"center center","background-size":"auto","background-attachment":"scroll","background-type":"","background-media":"","overlay-type":"","overlay-color":"","overlay-opacity":"","overlay-gradient":""},"mobile":{"background-color":"","background-image":"","background-repeat":"repeat","background-position":"center center","background-size":"auto","background-attachment":"scroll","background-type":"","background-media":"","overlay-type":"","overlay-color":"","overlay-opacity":"","overlay-gradient":""}},"ast-content-background-meta":{"desktop":{"background-color":"var(--ast-global-color-5)","background-image":"","background-repeat":"repeat","background-position":"center center","background-size":"auto","background-attachment":"scroll","background-type":"","background-media":"","overlay-type":"","overlay-color":"","overlay-opacity":"","overlay-gradient":""},"tablet":{"background-color":"var(--ast-global-color-5)","background-image":"","background-repeat":"repeat","background-position":"center center","background-size":"auto","background-attachment":"scroll","background-type":"","background-media":"","overlay-type":"","overlay-color":"","overlay-opacity":"","overlay-gradient":""},"mobile":{"background-color":"var(--ast-global-color-5)","background-image":"","background-repeat":"repeat","background-position":"center center","background-size":"auto","background-attachment":"scroll","background-type":"","background-media":"","overlay-type":"","overlay-color":"","overlay-opacity":"","overlay-gradient":""}},"footnotes":""},"categories":[11],"tags":[],"class_list":["post-24363","post","type-post","status-publish","format-standard","has-post-thumbnail","hentry","category-noticias"],"aioseo_notices":[],"_links":{"self":[{"href":"https:\/\/contarotacoes.com\/index.php?rest_route=\/wp\/v2\/posts\/24363","targetHints":{"allow":["GET"]}}],"collection":[{"href":"https:\/\/contarotacoes.com\/index.php?rest_route=\/wp\/v2\/posts"}],"about":[{"href":"https:\/\/contarotacoes.com\/index.php?rest_route=\/wp\/v2\/types\/post"}],"author":[{"embeddable":true,"href":"https:\/\/contarotacoes.com\/index.php?rest_route=\/wp\/v2\/users\/2"}],"replies":[{"embeddable":true,"href":"https:\/\/contarotacoes.com\/index.php?rest_route=%2Fwp%2Fv2%2Fcomments&post=24363"}],"version-history":[{"count":1,"href":"https:\/\/contarotacoes.com\/index.php?rest_route=\/wp\/v2\/posts\/24363\/revisions"}],"predecessor-version":[{"id":24365,"href":"https:\/\/contarotacoes.com\/index.php?rest_route=\/wp\/v2\/posts\/24363\/revisions\/24365"}],"wp:featuredmedia":[{"embeddable":true,"href":"https:\/\/contarotacoes.com\/index.php?rest_route=\/wp\/v2\/media\/24364"}],"wp:attachment":[{"href":"https:\/\/contarotacoes.com\/index.php?rest_route=%2Fwp%2Fv2%2Fmedia&parent=24363"}],"wp:term":[{"taxonomy":"category","embeddable":true,"href":"https:\/\/contarotacoes.com\/index.php?rest_route=%2Fwp%2Fv2%2Fcategories&post=24363"},{"taxonomy":"post_tag","embeddable":true,"href":"https:\/\/contarotacoes.com\/index.php?rest_route=%2Fwp%2Fv2%2Ftags&post=24363"}],"curies":[{"name":"wp","href":"https:\/\/api.w.org\/{rel}","templated":true}]}}