{"id":24185,"date":"2026-01-09T21:20:18","date_gmt":"2026-01-09T21:20:18","guid":{"rendered":"https:\/\/contarotacoes.com\/?p=24185"},"modified":"2026-01-09T21:21:30","modified_gmt":"2026-01-09T21:21:30","slug":"etapa-6-leva-maria-luis-gameiro-aconsolidar-lugar-no-top-40","status":"publish","type":"post","link":"https:\/\/contarotacoes.com\/?p=24185","title":{"rendered":"Etapa 6 leva Maria Lu\u00eds Gameiro a consolidar lugar no top 40"},"content":{"rendered":"<ul>\n<li style=\"text-align: justify;\"><strong><em>Maria Lu\u00eds Gameiro concluiu a Etapa 6 entre Hail e Riade com o 42.\u00ba tempo do dia na categoria Ultimate, naquele que \u00e9 um dos seus melhores desempenhos nesta edi\u00e7\u00e3o.<\/em><\/strong><strong style=\"font-size: 16px;\"><em>\u00a0<\/em><\/strong><\/li>\n<\/ul>\n<ul style=\"text-align: justify;\">\n<li><strong><em>O resultado permite \u00e0 piloto portuguesa voltar a subir na classifica\u00e7\u00e3o geral, ocupando agora o 36.\u00ba lugar, confirmando uma trajet\u00f3ria de recupera\u00e7\u00e3o e consist\u00eancia ao longo da primeira semana de Dakar.<\/em><\/strong><strong style=\"font-size: 16px;\"><em>\u00a0<\/em><\/strong><\/li>\n<\/ul>\n<ul style=\"text-align: justify;\">\n<li><strong><em>Depois de enfrentar os longos 915 km totais da etapa mais longa da prova at\u00e9 agora, Maria chega orgulhosa a Riade, com a moral em alta para a segunda semana e , com o MINI JCW T1+ pronto para uma revis\u00e3o profunda.<\/em><\/strong><strong style=\"font-size: 16px;\"><em>\u00a0<\/em><\/strong><\/li>\n<\/ul>\n<p style=\"text-align: justify;\">A Etapa 6 do Dakar 2026, entre Hail e Riade, confirmou a tend\u00eancia de crescimento competitivo de Maria Lu\u00eds Gameiro nesta sua segunda participa\u00e7\u00e3o no rali-raid mais duro do mundo. Num dia marcado pela dist\u00e2ncia significativa \u2013 915 quil\u00f3metros totais, com\u00a0 326 km cronometrados \u2013, a piloto portuguesa, acompanhada por Rosa Romero no MINI JCW T1+ da X-Raid, assinou o 42.\u00ba tempo do dia na categoria Ultimate, em mais um registo muito positivo nesta prova.<\/p>\n<p style=\"text-align: justify;\">Gra\u00e7as a este desempenho, Maria conseguiu dar mais um passo em frente na classifica\u00e7\u00e3o acumulada, subindo ao 36.\u00ba lugar da geral, consolidando um Dakar constru\u00eddo com paci\u00eancia, intelig\u00eancia e capacidade de adapta\u00e7\u00e3o, apesar dos muitos desafios enfrentados. Numa etapa em que a areia e as dunas foram o \u201cprato principal\u201d, a leitura do terreno e a solidez mec\u00e2nica do MINI foram determinantes para manter um andamento vivo sem cair em erros que custam caro numa tirada desta dimens\u00e3o.<\/p>\n<p style=\"text-align: justify;\">\u00a0Ao fim de um dia t\u00e3o longo, cruzar a linha de chegada em Riade significou mais do que apenas adicionar quil\u00f3metros ao contador: significou validar a estrat\u00e9gia de encarar o Dakar como uma prova de resist\u00eancia e n\u00e3o apenas de velocidade, respeitando o terreno e o pr\u00f3prio corpo, sem perder de vista o objetivo maior de chegar ao final com um resultado s\u00f3lido entre a elite do todo-o-terreno..<\/p>\n<p style=\"text-align: justify;\"><strong>Declara\u00e7\u00f5es de Maria Lu\u00eds Gameiro<\/strong><\/p>\n<p style=\"text-align: justify;\">A alegria e o entusiasmo tomaram conta de Maria Lu\u00eds no final desta etapa. De tal forma que admitiu que se sentia pronta para, amanh\u00e3, dispensar o descanso e fazer mais uma etapa, sinal claro da excelente gest\u00e3o que tem feito, numa semana que tem visto uma evolu\u00e7\u00e3o not\u00e1vel:<\/p>\n<p style=\"text-align: justify;\"><strong><em>\u201cEstou muito contente. Sinto-me muito bem. Se tivesse de continuar amanh\u00e3, continuava, ainda que reconhe\u00e7a que me vai fazer bem dormir um bocadinho mais de horas neste dia de descanso.<\/em><\/strong><\/p>\n<p style=\"text-align: justify;\"><strong><em>O dia correu bastante bem, sem grandes preocupa\u00e7\u00f5es. Somos muito penalizadas com a posi\u00e7\u00e3o em que estamos na estrada. Conseguimos recuperar lugares, o que \u00e9 muito bom, e ocupar nesta altura o 36.\u00ba lugar da categoria Ultimate \u00e9 excelente. S\u00f3 n\u00e3o \u00e9 melhor por causa do acidente de que fomos v\u00edtimas, porque estou perfeitamente convencida de que podia estar j\u00e1 mais \u00e0 frente. Todos os dias somos penalizadas por ter de ultrapassar, por andar no p\u00f3, por apanhar trilhos completamente cavados.<\/em><\/strong><strong><em>\u00a0<\/em><\/strong><\/p>\n<p style=\"text-align: justify;\"><strong><em>Hoje, n\u00e3o foi tanto o caso, porque a etapa teve cerca de 70% j\u00e1 de areia. Foi a primeira etapa de dunas a s\u00e9rio que tivemos depois do acidente no Dubai e confesso que correu muito bem. Uma vez mais, a equipa estava super contente com a nossa performance. Foi mais um dia muito bom e agora vamos para a etapa de descanso. O balan\u00e7o desta primeira semana \u00e9, apesar do acidente, claramente positivo.\u201d\u201d.<\/em><\/strong><\/p>\n<p style=\"text-align: justify;\"><strong>O (aparente) descanso em Riade<\/strong><\/p>\n<p style=\"text-align: justify;\">Maria chega a Riade orgulhosa por ter conclu\u00eddo com sucesso a primeira semana e feliz pela competitividade demonstrada. O dia 10 de janeiro marca o t\u00e3o aguardado dia de descanso \u2013 o \u00fanico sem competi\u00e7\u00e3o at\u00e9 ao final do rali, no dia 17. A capital saudita oferece finalmente um pouco de conforto, fundamental para recuperar corpo e mente.<\/p>\n<p style=\"text-align: justify;\">Enquanto isso, os mec\u00e2nicos da X-Raid ter\u00e3o pela frente uma grande revis\u00e3o do MINI JCW T1+, desmontando, revendo e substituindo tudo o que for necess\u00e1rio para garantir que o carro entra na segunda semana em condi\u00e7\u00f5es ideais. Mas o descanso \u00e9 apenas relativo: mentalmente, pilotos e navegadores j\u00e1 pensam no que vem a seguir \u2013 AlUla, uma segunda maratona ainda mais dura, e etapas de navega\u00e7\u00e3o extrema. O Dakar continua, e a verdadeira prova de fogo come\u00e7a agora.<\/p>\n","protected":false},"excerpt":{"rendered":"<p>Maria Lu\u00eds Gameiro concluiu a Etapa 6 entre Hail e Riade com o 42.\u00ba tempo do dia na categoria Ultimate, naquele que \u00e9 um dos seus melhores desempenhos nesta edi\u00e7\u00e3o.\u00a0 O resultado permite \u00e0 piloto portuguesa voltar a subir na classifica\u00e7\u00e3o geral, ocupando agora o 36.\u00ba lugar, confirmando uma trajet\u00f3ria de recupera\u00e7\u00e3o e consist\u00eancia ao [&hellip;]<\/p>\n","protected":false},"author":2,"featured_media":24186,"comment_status":"open","ping_status":"open","sticky":false,"template":"","format":"standard","meta":{"_editorskit_title_hidden":false,"_editorskit_reading_time":0,"_editorskit_is_block_options_detached":false,"_editorskit_block_options_position":"{}","om_disable_all_campaigns":false,"_monsterinsights_skip_tracking":false,"_monsterinsights_sitenote_active":false,"_monsterinsights_sitenote_note":"","_monsterinsights_sitenote_category":0,"_uf_show_specific_survey":0,"_uf_disable_surveys":false,"site-sidebar-layout":"default","site-content-layout":"","ast-site-content-layout":"default","site-content-style":"default","site-sidebar-style":"default","ast-global-header-display":"","ast-banner-title-visibility":"","ast-main-header-display":"","ast-hfb-above-header-display":"","ast-hfb-below-header-display":"","ast-hfb-mobile-header-display":"","site-post-title":"","ast-breadcrumbs-content":"","ast-featured-img":"","footer-sml-layout":"","theme-transparent-header-meta":"default","adv-header-id-meta":"","stick-header-meta":"default","header-above-stick-meta":"","header-main-stick-meta":"","header-below-stick-meta":"","astra-migrate-meta-layouts":"set","ast-page-background-enabled":"default","ast-page-background-meta":{"desktop":{"background-color":"","background-image":"","background-repeat":"repeat","background-position":"center center","background-size":"auto","background-attachment":"scroll","background-type":"","background-media":"","overlay-type":"","overlay-color":"","overlay-opacity":"","overlay-gradient":""},"tablet":{"background-color":"","background-image":"","background-repeat":"repeat","background-position":"center center","background-size":"auto","background-attachment":"scroll","background-type":"","background-media":"","overlay-type":"","overlay-color":"","overlay-opacity":"","overlay-gradient":""},"mobile":{"background-color":"","background-image":"","background-repeat":"repeat","background-position":"center center","background-size":"auto","background-attachment":"scroll","background-type":"","background-media":"","overlay-type":"","overlay-color":"","overlay-opacity":"","overlay-gradient":""}},"ast-content-background-meta":{"desktop":{"background-color":"var(--ast-global-color-5)","background-image":"","background-repeat":"repeat","background-position":"center center","background-size":"auto","background-attachment":"scroll","background-type":"","background-media":"","overlay-type":"","overlay-color":"","overlay-opacity":"","overlay-gradient":""},"tablet":{"background-color":"var(--ast-global-color-5)","background-image":"","background-repeat":"repeat","background-position":"center center","background-size":"auto","background-attachment":"scroll","background-type":"","background-media":"","overlay-type":"","overlay-color":"","overlay-opacity":"","overlay-gradient":""},"mobile":{"background-color":"var(--ast-global-color-5)","background-image":"","background-repeat":"repeat","background-position":"center center","background-size":"auto","background-attachment":"scroll","background-type":"","background-media":"","overlay-type":"","overlay-color":"","overlay-opacity":"","overlay-gradient":""}},"footnotes":""},"categories":[11],"tags":[],"class_list":["post-24185","post","type-post","status-publish","format-standard","has-post-thumbnail","hentry","category-noticias"],"aioseo_notices":[],"_links":{"self":[{"href":"https:\/\/contarotacoes.com\/index.php?rest_route=\/wp\/v2\/posts\/24185","targetHints":{"allow":["GET"]}}],"collection":[{"href":"https:\/\/contarotacoes.com\/index.php?rest_route=\/wp\/v2\/posts"}],"about":[{"href":"https:\/\/contarotacoes.com\/index.php?rest_route=\/wp\/v2\/types\/post"}],"author":[{"embeddable":true,"href":"https:\/\/contarotacoes.com\/index.php?rest_route=\/wp\/v2\/users\/2"}],"replies":[{"embeddable":true,"href":"https:\/\/contarotacoes.com\/index.php?rest_route=%2Fwp%2Fv2%2Fcomments&post=24185"}],"version-history":[{"count":2,"href":"https:\/\/contarotacoes.com\/index.php?rest_route=\/wp\/v2\/posts\/24185\/revisions"}],"predecessor-version":[{"id":24188,"href":"https:\/\/contarotacoes.com\/index.php?rest_route=\/wp\/v2\/posts\/24185\/revisions\/24188"}],"wp:featuredmedia":[{"embeddable":true,"href":"https:\/\/contarotacoes.com\/index.php?rest_route=\/wp\/v2\/media\/24186"}],"wp:attachment":[{"href":"https:\/\/contarotacoes.com\/index.php?rest_route=%2Fwp%2Fv2%2Fmedia&parent=24185"}],"wp:term":[{"taxonomy":"category","embeddable":true,"href":"https:\/\/contarotacoes.com\/index.php?rest_route=%2Fwp%2Fv2%2Fcategories&post=24185"},{"taxonomy":"post_tag","embeddable":true,"href":"https:\/\/contarotacoes.com\/index.php?rest_route=%2Fwp%2Fv2%2Ftags&post=24185"}],"curies":[{"name":"wp","href":"https:\/\/api.w.org\/{rel}","templated":true}]}}