{"id":24179,"date":"2026-01-09T21:12:57","date_gmt":"2026-01-09T21:12:57","guid":{"rendered":"https:\/\/contarotacoes.com\/?p=24179"},"modified":"2026-01-09T21:12:57","modified_gmt":"2026-01-09T21:12:57","slug":"guimaraes-inaugura-a-capital-verde-europeia-2026","status":"publish","type":"post","link":"https:\/\/contarotacoes.com\/?p=24179","title":{"rendered":"Guimar\u00e3es inaugura a Capital Verde Europeia 2026"},"content":{"rendered":"<ul>\n<li style=\"text-align: justify;\"><strong><em>Milhares de pessoas na cerim\u00f3nia no Multiusos<\/em><\/strong><\/li>\n<li style=\"text-align: justify;\"><strong>Respons\u00e1veis da Comiss\u00e3o Europeia e ministra do Ambiente no munic\u00edpio para evento inaugural e refor\u00e7o do compromisso ambiental<\/strong><\/li>\n<\/ul>\n<p style=\"text-align: justify;\">Guimar\u00e3es iniciou esta sexta-feira o ano como Capital Verde Europeia 2026 com um programa que cruza compromissos pol\u00edticos, acordos estrat\u00e9gicos e celebra\u00e7\u00e3o cultural, afirmando-se como territ\u00f3rio-laborat\u00f3rio da transi\u00e7\u00e3o verde atrav\u00e9s de iniciativas de sustentabilidade, inova\u00e7\u00e3o urbana e participa\u00e7\u00e3o c\u00edvica.<\/p>\n<p style=\"text-align: justify;\"><strong>Compromisso pol\u00edtico e acordos estrat\u00e9gicos<\/strong><\/p>\n<p style=\"text-align: justify;\">Durante a manh\u00e3 desta sexta-feira, entre as 10h00 e as 12h30, o Teatro Jord\u00e3o recebeu a Cerim\u00f3nia de Compromisso Pol\u00edtico, reunindo autarcas e representantes das institui\u00e7\u00f5es europeias para refletir sobre o papel das cidades na lideran\u00e7a da transi\u00e7\u00e3o verde.<\/p>\n<p style=\"text-align: justify;\">A sess\u00e3o contou com o presidente da C\u00e2mara Municipal de Guimar\u00e3es, Ricardo Ara\u00fajo, o diretor-geral adjunto da dire\u00e7\u00e3o-geral do Ambiente da Comiss\u00e3o Europeia, Patrick Child, e Jo\u00e3o Manuel Esteves, secret\u00e1rio de Estado do Ambiente, bem como um di\u00e1logo entre cidades europeias. O programa incluiu, ainda, a entrega do\u00a0<em>Green Book<\/em>\u00a0e a apresenta\u00e7\u00e3o e assinatura da Declara\u00e7\u00e3o de Guimar\u00e3es \u2013 Um Compromisso Local por uma Europa Mais Verde na presen\u00e7a de Jane Carruthers da Comiss\u00e3o de Honra Guimar\u00e3es 26.<\/p>\n<p style=\"text-align: justify;\">Ainda no Teatro Jord\u00e3o, entre as 12h30 e as 13h00, decorreu a assinatura do protocolo de apoio ao Plano de Mobilidade Urbana Sustent\u00e1vel (SUMP) e ao projeto BRT \u2013 Neutralidade Clim\u00e1tica at\u00e9 2030, envolvendo o munic\u00edpio de Guimar\u00e3es, o Banco Europeu de Investimento (BEI) e a Comiss\u00e3o Europeia. O momento contou com Jo\u00e3o Fonseca Santos, diretor do gabinete do Grupo BEI em Portugal.<\/p>\n<p style=\"text-align: justify;\">\u201cSer Capital Verde Europeia \u00e9 assumir um compromisso exigente com o futuro do munic\u00edpio. A nova declara\u00e7\u00e3o ambiental e os protocolos estrat\u00e9gicos para a mobilidade sustent\u00e1vel e a neutralidade carb\u00f3nica, com a presen\u00e7a das institui\u00e7\u00f5es europeias e do Governo, refletem a ambi\u00e7\u00e3o de fazer deste ano um ponto de inspira\u00e7\u00e3o. A forte ades\u00e3o do p\u00fablico \u00e0 cerim\u00f3nia de abertura confirma que Guimar\u00e3es acredita neste caminho e na ambi\u00e7\u00e3o de ser a melhor Capital Verde Europeia de sempre\u201d, afirmou Ricardo Ara\u00fajo, presidente da C\u00e2mara Municipal de Guimar\u00e3es.<\/p>\n<p style=\"text-align: justify;\">Ao final da tarde, \u00e0s 18h00, decorre uma confer\u00eancia no Multiusos com a interven\u00e7\u00e3o da ministra do Ambiente, Maria da Gra\u00e7a Carvalho, que preside \u00e0 Comiss\u00e3o de Honra Guimar\u00e3es 2026, acompanhada pelo edil, Ricardo Ara\u00fajo.<\/p>\n<p style=\"text-align: justify;\"><strong>Cerim\u00f3nia oficial de abertura com 2.800 espetadores no Multiusos<\/strong><\/p>\n<p style=\"text-align: justify;\">O dia inaugural culmina \u00e0s 21h00, no Multiusos de Guimar\u00e3es, com a cerim\u00f3nia oficial de abertura, perante cerca de 2.800\u00a0espetadores. O espet\u00e1culo \u201cRa\u00edzes do Futuro\u201d marca simbolicamente o in\u00edcio de Guimar\u00e3es como Capital Verde Europeia 2026, atrav\u00e9s de uma narrativa art\u00edstica que cruza mem\u00f3ria, identidade e regenera\u00e7\u00e3o ecol\u00f3gica.<\/p>\n<p style=\"text-align: justify;\">Apresentado por Catarina Furtado e Vasco Palmeirim, o espet\u00e1culo re\u00fane em palco Gisela Jo\u00e3o, Sofia Escobar e v\u00e1rios grupos e institui\u00e7\u00f5es locais, envolvendo mais de 170 participantes entre bailarinos, m\u00fasicos e coletivos da comunidade. A cerim\u00f3nia \u00e9, ainda, transmitida em direto no canal de\u00a0<a href=\"https:\/\/www.youtube.com\/c\/Munic%C3%ADpiodeGuimar%C3%A3es\/featured\" data-saferedirecturl=\"https:\/\/www.google.com\/url?q=https:\/\/www.youtube.com\/c\/Munic%25C3%25ADpiodeGuimar%25C3%25A3es\/featured&amp;source=gmail&amp;ust=1768078683239000&amp;usg=AOvVaw0JB5RJ0LJKDhocXXW2drkW\">YouTube<\/a>\u00a0do munic\u00edpio e contar\u00e1 ainda com um ecr\u00e3 gigante no IDEGUI \u2013 Instituto de Design de Guimar\u00e3es, promovendo o acompanhamento em comunidade.<\/p>\n<p style=\"text-align: justify;\">A cerim\u00f3nia inclui interven\u00e7\u00f5es institucionais de Maria da Gra\u00e7a Carvalho, de Patrick Child, e do autarca Ricardo Ara\u00fajo.<\/p>\n<p style=\"text-align: justify;\"><strong>S\u00e1bado com 26 atividades gratuitas espalhadas pela cidade<\/strong><\/p>\n<p style=\"text-align: justify;\">A celebra\u00e7\u00e3o prossegue este s\u00e1bado, 10 de janeiro, a partir das 10h30, com um programa descentralizado de 26 atividades gratuitas em v\u00e1rios pontos da cidade, que inclui performances no espa\u00e7o p\u00fablico, m\u00fasica, poesia, oficinas de mobilidade suave e\u00a0<em>showcookings<\/em>.<\/p>\n<p style=\"text-align: justify;\">Ao longo do dia, a mascote \u201cCantarinha\u201d dinamiza momentos de intera\u00e7\u00e3o e sensibiliza\u00e7\u00e3o ambiental, num ambiente festivo e familiar. Para facilitar o acesso \u00e0s iniciativas e promover a mobilidade sustent\u00e1vel, o munic\u00edpio de Guimar\u00e3es assegura uma opera\u00e7\u00e3o especial da Guimabus, com linhas gratuitas nos dias 9 e 10 de janeiro.<\/p>\n<p style=\"text-align: justify;\"><strong>Programa oficial de Guimar\u00e3es 26 \u2013 Capital Verde Europeia<\/strong><\/p>\n<p style=\"text-align: justify;\">As iniciativas assinalam o arranque de Guimar\u00e3es 26 \u2013 Capital Verde Europeia, um ano de a\u00e7\u00e3o participada que coloca o munic\u00edpio no centro do debate europeu sobre a transi\u00e7\u00e3o verde, com mais de 200 iniciativas comunit\u00e1rias.<\/p>\n<p style=\"text-align: justify;\">Ao longo de 2026, Guimar\u00e3es acolhe um conjunto alargado de iniciativas nacionais e europeias de refer\u00eancia, que cruzam sustentabilidade, cultura, educa\u00e7\u00e3o e pol\u00edticas urbanas. Incluem-se o Semin\u00e1rio Eco-Escolas, a Green Week, o European Urban Resilience Forum (EURESFO), a Eurocities Annual Conference, bem como a Semana Europeia da Mobilidade e o Congresso da \u00c1gua. O ano encerra com a apresenta\u00e7\u00e3o p\u00fablica do legado de Guimar\u00e3es 26, refor\u00e7ando o compromisso com a neutralidade clim\u00e1tica at\u00e9 2030.<\/p>\n<p style=\"text-align: justify;\">Recorde-se que Guimar\u00e3es integra programas de educa\u00e7\u00e3o ambiental como o Pegadas, de economia circular como o RRRCICLO, de inova\u00e7\u00e3o urbana como o Bairro C, al\u00e9m do Desporto Carbono Zero e do refor\u00e7o do transporte p\u00fablico el\u00e9trico, refor\u00e7ando a sua estrat\u00e9gia de sustentabilidade urbana.<\/p>\n<p style=\"text-align: justify;\"><strong><u>Programa:<\/p>\n<p>Sexta-feira, 9 de janeiro de 2026:<\/u><\/strong><\/p>\n<p style=\"text-align: justify;\"><strong>10h00 \u2013 12h20 | Cerim\u00f3nia de Compromisso Pol\u00edtico\u00a0<\/strong><\/p>\n<p style=\"text-align: justify;\"><strong>Local:<\/strong>\u00a0Teatro Jord\u00e3o | Av. Dom Afonso Henriques 321, 4810-431 Guimar\u00e3es<\/p>\n<p style=\"text-align: justify;\">Uma sess\u00e3o institucional que re\u00fane decisores pol\u00edticos nacionais e europeus para refor\u00e7ar o papel das cidades na lideran\u00e7a da transi\u00e7\u00e3o verde.<strong>\u00a0<\/strong><\/p>\n<p style=\"text-align: justify;\"><strong>Destaques do programa:<\/strong><\/p>\n<ul style=\"text-align: justify;\">\n<li>Interven\u00e7\u00f5es de:<\/li>\n<\/ul>\n<ul style=\"text-align: justify;\">\n<li style=\"list-style-type: none;\">\n<ul>\n<li><strong>Ricardo Ara\u00fajo<\/strong>, presidente da C\u00e2mara Municipal de Guimar\u00e3es<\/li>\n<li><strong>Patrick Child<\/strong>, diretor-geral adjunto da DG Environment da Comiss\u00e3o Europeia<\/li>\n<li>Jo\u00e3o Manuel Esteves, secret\u00e1rio de Estado do Ambiente<\/li>\n<\/ul>\n<\/li>\n<\/ul>\n<ul style=\"text-align: justify;\">\n<li>Painel\u00a0<em>\u201cCities in Dialogue: Mayors Shaping the Green Transition\u201d (Val\u00eancia, Vilnius, Guimar\u00e3es, Heilbronn)<\/em><\/li>\n<\/ul>\n<ul style=\"text-align: justify;\">\n<li style=\"list-style-type: none;\">\n<ul>\n<li><strong>Ricardo Ara\u00fajo<\/strong>, presidente da C\u00e2mara Municipal de Guimar\u00e3es<\/li>\n<li><strong>Andrius Grigonis<\/strong>, vice-presidente da C\u00e2mara Municipal de Vilnius<\/li>\n<li><strong>Ant\u00f3nio Celda<\/strong>, diretor da Capital Verde Europeia de Val\u00eancia<\/li>\n<li><strong>Andreas Ringle<\/strong>, vice-presidente da C\u00e2mara Municipal de Heilbronn<\/li>\n<\/ul>\n<\/li>\n<\/ul>\n<ul style=\"text-align: justify;\">\n<li>Cerim\u00f3nia de entrega do\u00a0<em>Green Book<\/em><\/li>\n<\/ul>\n<ul style=\"text-align: justify;\">\n<li style=\"list-style-type: none;\">\n<ul>\n<li>Andrius Grigonis, vice-presidente da C\u00e2mara Municipal de Vilnius<\/li>\n<li>Ricardo Ara\u00fajo, presidente da C\u00e2mara Municipal de Guimar\u00e3es<\/li>\n<\/ul>\n<\/li>\n<\/ul>\n<ul style=\"text-align: justify;\">\n<li>Apresenta\u00e7\u00e3o e assinatura da\u00a0<strong>Declara\u00e7\u00e3o de Guimar\u00e3es \u2013 Um Compromisso Local por uma Europa Mais Verde\u00a0<\/strong>c\/ Jane Carruthers, da Comiss\u00e3o de Honra Guimar\u00e3es 26<\/li>\n<\/ul>\n<p style=\"text-align: justify;\"><strong>12h30 \u2013 13h00 | Confer\u00eancia de Imprensa<\/strong><\/p>\n<p style=\"text-align: justify;\"><strong>Local:<\/strong>\u00a0Teatro Jord\u00e3o | Av. Dom Afonso Henriques 321, 4810-431 Guimar\u00e3es<\/p>\n<p style=\"text-align: justify;\">Cerim\u00f3nia de assinatura do protocolo para apoio ao\u00a0<strong>Plano de Mobilidade Urbana Sustent\u00e1vel (SUMP)<\/strong>\u00a0e ao projeto\u00a0<strong>BRT \u2013 Neutralidade Clim\u00e1tica at\u00e9 2030<\/strong>.<\/p>\n<p style=\"text-align: justify;\"><strong>Participa\u00e7\u00f5es:<\/strong><\/p>\n<ul style=\"text-align: justify;\">\n<li><strong>Ricardo Ara\u00fajo<\/strong>, presidente da C\u00e2mara Municipal de Guimar\u00e3es<\/li>\n<li><strong>Patrick Child<\/strong>, Comiss\u00e3o Europeia<\/li>\n<li><strong>Jo\u00e3o Fonseca Santos<\/strong>, diretor do gabinete do Grupo BEI em Portugal.<\/li>\n<li><strong>Joaquim da Costa Pedroso,\u00a0<\/strong>Opera\u00e7\u00f5es de Financiamento ao Setor P\u00fablico (BEI)<\/li>\n<li><strong>Fernando Crespo Diu,\u00a0<\/strong>Servi\u00e7os de Consultoria ao Setor P\u00fablico (BEI)<\/li>\n<\/ul>\n<p style=\"text-align: justify;\"><strong>\u00a0<\/strong><strong>18h00 | Confer\u00eancia de Imprensa<\/strong><\/p>\n<p style=\"text-align: justify;\"><strong>Local:<\/strong>\u00a0Multiusos de Guimar\u00e3es | Alameda Cidade de Lisboa 481, Guimar\u00e3es<\/p>\n<ul style=\"text-align: justify;\">\n<li>Interven\u00e7\u00f5es de:<\/li>\n<\/ul>\n<ul style=\"text-align: justify;\">\n<li style=\"list-style-type: none;\">\n<ul>\n<li><strong>Maria da Gra\u00e7a Carvalho<\/strong>, ministra do Ambiente<\/li>\n<li><strong>Ricardo Ara\u00fajo<\/strong>, presidente da C\u00e2mara Municipal de Guimar\u00e3es<\/li>\n<\/ul>\n<\/li>\n<\/ul>\n<p style=\"text-align: justify;\"><strong>21h00 \u2013 23h00 | Cerim\u00f3nia Oficial de Abertura<\/strong><\/p>\n<p style=\"text-align: justify;\"><strong>Local:<\/strong>\u00a0Multiusos de Guimar\u00e3es | Alameda Cidade de Lisboa 481, Guimar\u00e3es<\/p>\n<p style=\"text-align: justify;\"><strong>Momento art\u00edstico \u2013 \u201cRa\u00edzes do Futuro\u201d<\/strong><br \/>\nA narrativa art\u00edstica que inaugura Guimar\u00e3es como Capital Verde Europeia de 2026, com atua\u00e7\u00f5es de\u00a0<strong>Gisela Jo\u00e3o<\/strong>,\u00a0<strong>Sofia Escobar<\/strong>\u00a0e de v\u00e1rios grupos e institui\u00e7\u00f5es vimaranenses. Um espet\u00e1culo de forte dimens\u00e3o comunit\u00e1ria, com a participa\u00e7\u00e3o de mais de\u00a0<strong>170 pessoas<\/strong>, afirmando a sustentabilidade como pr\u00e1tica cultural, social e humana.<\/p>\n<p style=\"text-align: justify;\"><strong>Interven\u00e7\u00f5es formais:<\/strong><\/p>\n<ul style=\"text-align: justify;\">\n<li><strong>Maria da Gra\u00e7a Carvalho<\/strong>, Ministra do Ambiente<\/li>\n<li><strong>Ricardo Ara\u00fajo<\/strong>, Presidente da C\u00e2mara Municipal de Guimar\u00e3es<\/li>\n<li><strong>Patrick Child<\/strong>, Comiss\u00e3o Europeia<strong style=\"font-size: 16px;\"><u>\u00a0<\/u><\/strong><\/li>\n<\/ul>\n<p style=\"text-align: justify;\"><strong><u>S\u00e1bado, 10 de janeiro de 2026:<\/u><\/strong><\/p>\n<p style=\"text-align: justify;\"><strong>10h30<\/strong><\/p>\n<p style=\"text-align: justify;\"><strong>Gin\u00e1stica com L-Fit Club |<\/strong>\u00a0Largo da Oliveira<\/p>\n<p style=\"text-align: justify;\"><strong>Sociedade Musical de Guimar\u00e3es |<\/strong>\u00a0Alameda de S\u00e3o D\u00e2maso<\/p>\n<p style=\"text-align: justify;\"><strong>Recital poesia Alunos AEVST |<\/strong>\u00a0Caf\u00e9 Milen\u00e1rio<\/p>\n<p style=\"text-align: justify;\"><strong>Caf\u00e9 com livros, Biblioteca Municipal Ra\u00fal Brand\u00e3o |<\/strong>\u00a0Supremo Gosto<\/p>\n<p style=\"text-align: justify;\"><strong>Cantarinha, Mascote Guimar\u00e3es 26 |<\/strong>\u00a0Ruas da Cidade<\/p>\n<p style=\"text-align: justify;\"><strong>10h45<\/strong><\/p>\n<p style=\"text-align: justify;\"><strong>Centro Cultural Capoeira Baiana |<\/strong>\u00a0Feira do P\u00e3o (Largo Condessa do Juncal)<\/p>\n<p style=\"text-align: justify;\"><strong>11h00<\/strong><\/p>\n<p style=\"text-align: justify;\"><strong>Lu\u00eds Almeida |<\/strong>\u00a0Largo da Oliveira<\/p>\n<p style=\"text-align: justify;\"><strong>Jogos, Cruz Vermelha Guimar\u00e3es |<\/strong>\u00a0Pra\u00e7a de Santiago<\/p>\n<p style=\"text-align: justify;\"><strong>Academia de Patinagem de Guimar\u00e3es |<\/strong>\u00a0Largo de Don\u00e3es<\/p>\n<p style=\"text-align: justify;\"><strong><em>Showcooking<\/em><\/strong><strong>\u00a0com\u00a0<em>chef<\/em>\u00a0Ant\u00f3nio Loureiro |<\/strong>\u00a0Mercado Municipal<\/p>\n<p style=\"text-align: justify;\"><strong>Educabicla com Get Green |<\/strong>\u00a0Toural<\/p>\n<p style=\"text-align: justify;\"><strong>Caf\u00e9 com livros, Biblioteca Municipal Ra\u00fal Brand\u00e3o |<\/strong>\u00a0Caf\u00e9 Milen\u00e1rio<\/p>\n<p style=\"text-align: justify;\"><strong>Recital poesia Alunos AEVST |<\/strong>\u00a0Doc\u00e9lia<\/p>\n<p style=\"text-align: justify;\"><strong>Cantarinha, Mascote Guimar\u00e3es 26 |<\/strong>\u00a0Ruas da Cidade<strong>\u00a0<\/strong><\/p>\n<p style=\"text-align: justify;\"><strong>11h30<\/strong><\/p>\n<p style=\"text-align: justify;\"><strong>Osmusik\u00e9 apresentam \u201cMaril\u00facia, a inadaptada\u201d |<\/strong>\u00a0Largo da Oliveira<\/p>\n<p style=\"text-align: justify;\"><strong>Grupo Coral De Vez em Quando |<\/strong>\u00a0Alameda de S\u00e3o D\u00e2maso<\/p>\n<p style=\"text-align: justify;\"><strong>Educabicla com Get Green |<\/strong>\u00a0Toural<\/p>\n<p style=\"text-align: justify;\"><strong>Caf\u00e9 com livros, Biblioteca Municipal Ra\u00fal Brand\u00e3o |<\/strong>\u00a0Doc\u00e9lia<strong>\u00a0<\/strong><\/p>\n<p style=\"text-align: justify;\"><strong>12h00<\/strong><\/p>\n<p style=\"text-align: justify;\"><strong>Performance Alcateia e convidados |<\/strong>\u00a0Largo C\u00e2mara Municipal<\/p>\n<p style=\"text-align: justify;\"><strong>Orquestra Taibombar |<\/strong>\u00a0Largo de Don\u00e3es<\/p>\n<p style=\"text-align: justify;\"><strong>Trybo Escola de Dan\u00e7a |<\/strong>\u00a0Toural<\/p>\n<p style=\"text-align: justify;\"><strong>Caf\u00e9 com livros, Biblioteca Municipal Ra\u00fal Brand\u00e3o |<\/strong>\u00a0Da Terra<\/p>\n<p style=\"text-align: justify;\"><strong>Recital poesia Alunos AEVST |<\/strong>\u00a0Supremo Gosto<\/p>\n<p style=\"text-align: justify;\"><strong>12h30<\/strong><\/p>\n<p style=\"text-align: justify;\"><strong>Caf\u00e9 com livros, Biblioteca Municipal Ra\u00fal Brand\u00e3o |\u00a0<\/strong>Cor de Tangerina<\/p>\n<p style=\"text-align: justify;\"><strong>14h00<\/strong><\/p>\n<p style=\"text-align: justify;\"><strong>Trybo Escola de Dan\u00e7a |<\/strong>\u00a0Largo da Oliveira<\/p>\n<p style=\"text-align: justify;\"><strong>15h00<\/strong><\/p>\n<p style=\"text-align: justify;\"><strong>Maria Jo\u00e3o Soares |<\/strong>\u00a0Largo da Oliveira<\/p>\n<p style=\"text-align: justify;\"><strong>Sociedade Musical de Guimar\u00e3es |<\/strong>\u00a0Largo de Don\u00e3es<\/p>\n<p style=\"text-align: justify;\"><strong>Jogos, Cruz Vermelha de Guimar\u00e3es |<\/strong>\u00a0Feira do P\u00e3o (Largo Condessa do Juncal)<\/p>\n<p style=\"text-align: justify;\"><strong>Academia de Patinagem de Guimar\u00e3es |<\/strong>\u00a0Alameda de S\u00e3o D\u00e2maso<\/p>\n<p style=\"text-align: justify;\"><strong>Ruas com magia |<\/strong>\u00a0Ruas da Cidade<\/p>\n<p style=\"text-align: justify;\"><strong>Cantarinha, Mascote Guimar\u00e3es 26 |<\/strong>\u00a0Ruas da Cidade<\/p>\n<p style=\"text-align: justify;\"><strong>15h30<\/strong><\/p>\n<p style=\"text-align: justify;\"><strong>Osmusik\u00e9 cantam os Reis |<\/strong>\u00a0Largo de Don\u00e3es<\/p>\n<p style=\"text-align: justify;\"><strong>Grupo Folcl\u00f3rico da Corredoura, Grupo Folcl\u00f3rico de Santo Estev\u00e3o de Briteiros, Grupo Folcl\u00f3rico de S. Cipriano de Tabuadelo e Grupo Folcl\u00f3rico de Lordelo |<\/strong>\u00a0Alameda de S\u00e3o D\u00e2maso<\/p>\n<p style=\"text-align: justify;\"><strong>Escuteiros: Jogos Tradicionais |<\/strong>\u00a0Alameda de S\u00e3o D\u00e2maso<strong>\u00a0<\/strong><\/p>\n<p style=\"text-align: justify;\"><strong>16h00<\/strong><\/p>\n<p style=\"text-align: justify;\"><strong>Os Concertininhas de S. Torcato |<\/strong>\u00a0Largo de Don\u00e3es<\/p>\n<p style=\"text-align: justify;\"><strong>Lu\u00eds Almeida |<\/strong>\u00a0Rua da Rainha<\/p>\n<p style=\"text-align: justify;\"><strong>16h30<\/strong><\/p>\n<p style=\"text-align: justify;\"><strong>Escola de Dan\u00e7a Fl\u00e1via Portes |<\/strong>\u00a0Toural<\/p>\n","protected":false},"excerpt":{"rendered":"<p>Milhares de pessoas na cerim\u00f3nia no Multiusos Respons\u00e1veis da Comiss\u00e3o Europeia e ministra do Ambiente no munic\u00edpio para evento inaugural e refor\u00e7o do compromisso ambiental Guimar\u00e3es iniciou esta sexta-feira o ano como Capital Verde Europeia 2026 com um programa que cruza compromissos pol\u00edticos, acordos estrat\u00e9gicos e celebra\u00e7\u00e3o cultural, afirmando-se como territ\u00f3rio-laborat\u00f3rio da transi\u00e7\u00e3o verde atrav\u00e9s [&hellip;]<\/p>\n","protected":false},"author":2,"featured_media":24180,"comment_status":"open","ping_status":"open","sticky":false,"template":"","format":"standard","meta":{"_editorskit_title_hidden":false,"_editorskit_reading_time":0,"_editorskit_is_block_options_detached":false,"_editorskit_block_options_position":"{}","om_disable_all_campaigns":false,"_monsterinsights_skip_tracking":false,"_monsterinsights_sitenote_active":false,"_monsterinsights_sitenote_note":"","_monsterinsights_sitenote_category":0,"_uf_show_specific_survey":0,"_uf_disable_surveys":false,"site-sidebar-layout":"default","site-content-layout":"","ast-site-content-layout":"default","site-content-style":"default","site-sidebar-style":"default","ast-global-header-display":"","ast-banner-title-visibility":"","ast-main-header-display":"","ast-hfb-above-header-display":"","ast-hfb-below-header-display":"","ast-hfb-mobile-header-display":"","site-post-title":"","ast-breadcrumbs-content":"","ast-featured-img":"","footer-sml-layout":"","theme-transparent-header-meta":"default","adv-header-id-meta":"","stick-header-meta":"default","header-above-stick-meta":"","header-main-stick-meta":"","header-below-stick-meta":"","astra-migrate-meta-layouts":"set","ast-page-background-enabled":"default","ast-page-background-meta":{"desktop":{"background-color":"","background-image":"","background-repeat":"repeat","background-position":"center center","background-size":"auto","background-attachment":"scroll","background-type":"","background-media":"","overlay-type":"","overlay-color":"","overlay-opacity":"","overlay-gradient":""},"tablet":{"background-color":"","background-image":"","background-repeat":"repeat","background-position":"center center","background-size":"auto","background-attachment":"scroll","background-type":"","background-media":"","overlay-type":"","overlay-color":"","overlay-opacity":"","overlay-gradient":""},"mobile":{"background-color":"","background-image":"","background-repeat":"repeat","background-position":"center center","background-size":"auto","background-attachment":"scroll","background-type":"","background-media":"","overlay-type":"","overlay-color":"","overlay-opacity":"","overlay-gradient":""}},"ast-content-background-meta":{"desktop":{"background-color":"var(--ast-global-color-5)","background-image":"","background-repeat":"repeat","background-position":"center center","background-size":"auto","background-attachment":"scroll","background-type":"","background-media":"","overlay-type":"","overlay-color":"","overlay-opacity":"","overlay-gradient":""},"tablet":{"background-color":"var(--ast-global-color-5)","background-image":"","background-repeat":"repeat","background-position":"center center","background-size":"auto","background-attachment":"scroll","background-type":"","background-media":"","overlay-type":"","overlay-color":"","overlay-opacity":"","overlay-gradient":""},"mobile":{"background-color":"var(--ast-global-color-5)","background-image":"","background-repeat":"repeat","background-position":"center center","background-size":"auto","background-attachment":"scroll","background-type":"","background-media":"","overlay-type":"","overlay-color":"","overlay-opacity":"","overlay-gradient":""}},"footnotes":""},"categories":[13,11],"tags":[],"class_list":["post-24179","post","type-post","status-publish","format-standard","has-post-thumbnail","hentry","category-comercio","category-noticias"],"aioseo_notices":[],"_links":{"self":[{"href":"https:\/\/contarotacoes.com\/index.php?rest_route=\/wp\/v2\/posts\/24179","targetHints":{"allow":["GET"]}}],"collection":[{"href":"https:\/\/contarotacoes.com\/index.php?rest_route=\/wp\/v2\/posts"}],"about":[{"href":"https:\/\/contarotacoes.com\/index.php?rest_route=\/wp\/v2\/types\/post"}],"author":[{"embeddable":true,"href":"https:\/\/contarotacoes.com\/index.php?rest_route=\/wp\/v2\/users\/2"}],"replies":[{"embeddable":true,"href":"https:\/\/contarotacoes.com\/index.php?rest_route=%2Fwp%2Fv2%2Fcomments&post=24179"}],"version-history":[{"count":1,"href":"https:\/\/contarotacoes.com\/index.php?rest_route=\/wp\/v2\/posts\/24179\/revisions"}],"predecessor-version":[{"id":24181,"href":"https:\/\/contarotacoes.com\/index.php?rest_route=\/wp\/v2\/posts\/24179\/revisions\/24181"}],"wp:featuredmedia":[{"embeddable":true,"href":"https:\/\/contarotacoes.com\/index.php?rest_route=\/wp\/v2\/media\/24180"}],"wp:attachment":[{"href":"https:\/\/contarotacoes.com\/index.php?rest_route=%2Fwp%2Fv2%2Fmedia&parent=24179"}],"wp:term":[{"taxonomy":"category","embeddable":true,"href":"https:\/\/contarotacoes.com\/index.php?rest_route=%2Fwp%2Fv2%2Fcategories&post=24179"},{"taxonomy":"post_tag","embeddable":true,"href":"https:\/\/contarotacoes.com\/index.php?rest_route=%2Fwp%2Fv2%2Ftags&post=24179"}],"curies":[{"name":"wp","href":"https:\/\/api.w.org\/{rel}","templated":true}]}}