{"id":24166,"date":"2026-01-09T11:38:13","date_gmt":"2026-01-09T11:38:13","guid":{"rendered":"https:\/\/contarotacoes.com\/?p=24166"},"modified":"2026-01-09T11:38:13","modified_gmt":"2026-01-09T11:38:13","slug":"o-novo-opel-astra-celebra-a-sua-estreia-mundial-no-salao-automovel-de-bruxelas","status":"publish","type":"post","link":"https:\/\/contarotacoes.com\/?p=24166","title":{"rendered":"O novo Opel Astra celebra a sua estreia mundial no Sal\u00e3o Autom\u00f3vel de Bruxelas"},"content":{"rendered":"<ul>\n<li style=\"text-align: justify;\">Estreia impressionante: o CEO da Opel, Florian Huettl, e a Vice-presidente de Marketing da Opel, Rebecca Reinermann, apresentam o novo Astra e o Astra Sports Tourer<\/li>\n<li style=\"text-align: justify;\">Mais elegante, mais moderno, mais avan\u00e7ado: o novo Astra com o Opel Blitz e o Opel Compass iluminados, ilumina\u00e7\u00e3o Intelli-Lux HD e autonomia el\u00e9trica de at\u00e9 454 km (WLTP)<\/li>\n<li style=\"text-align: justify;\">Mais vendido: o Opel Corsa, o autom\u00f3vel pequeno mais popular da Alemanha pelo quinto ano consecutivo<\/li>\n<li style=\"text-align: justify;\">Vasta gama: Opel Mokka GSE, Grandland Electric AWD, Frontera Electric e o prot\u00f3tipo de alta performance Corsa GSE Vision Gran Turismo em exposi\u00e7\u00e3o no Pavilh\u00e3o 5.<\/li>\n<\/ul>\n<p style=\"text-align: justify;\">O CEO da Opel, Florian Huettl, abriu hoje a confer\u00eancia de imprensa da Opel no Sal\u00e3o Autom\u00f3vel de Bruxelas com uma breve retrospetiva, antes de antecipar um novo ano de sucesso para a marca com o Blitz. &#8220;<em>2025 foi um \u00f3timo ano para a Opel, com in\u00fameros destaques, e 2026 ser\u00e1 ainda mais emocionante<\/em>&#8220;, afirmou Huettl. E assim foi: juntamente com a Vice-presidente de Marketing, Rebecca Reinermann, revelou o <strong>novo Opel Astra<\/strong> e o <strong>novo Opel Astra Sports Tourer<\/strong>. A mais recente evolu\u00e7\u00e3o do <em>bestseller<\/em> da classe dos compactos de R\u00fcsselsheim celebra a sua estreia mundial na primeira exposi\u00e7\u00e3o autom\u00f3vel do ano \u2013 mais elegante, mais moderna e mais radiante do que nunca.<\/p>\n<p style=\"text-align: justify;\">Al\u00e9m disso, Huettl tinha mais boas not\u00edcias: o <a href=\"https:\/\/www.media.stellantis.com\/pt-pt\/opel\/corsa-electric-2023\">Opel Corsa<\/a> voltou a liderar as vendas na Alemanha em 2025 e, com o trio renovado <a href=\"https:\/\/www.media.stellantis.com\/pt-pt\/opel\/new-grandland\">Grandland<\/a>, <a href=\"https:\/\/www.media.stellantis.com\/pt-pt\/opel\/frontera-2024\">Frontera<\/a> e <a href=\"https:\/\/www.media.stellantis.com\/pt-pt\/opel\/mokka\">Mokka<\/a>, a Opel est\u00e1 bem posicionada no segmento dos SUV. No entanto, a estrela indiscut\u00edvel no stand da Opel no Pavilh\u00e3o 5 da Brussels Expo desde hoje e at\u00e9 18 de janeiro \u00e9 o novo Opel Astra.<\/p>\n<p style=\"text-align: justify;\"><strong>L\u00edder do segmento: novo Astra com far\u00f3is Intelli-Lux HD e log\u00f3tipo Opel Blitz iluminado<\/strong><\/p>\n<p style=\"text-align: justify;\">\u201c<em>O novo Astra marca o pr\u00f3ximo passo na nossa hist\u00f3ria de 90 anos na classe dos compactos e traz mais uma vez caracter\u00edsticas inovadoras para o segmento<\/em>\u201d, afirmou Florian Huettl na apresenta\u00e7\u00e3o. Uma delas \u00e9 a ilumina\u00e7\u00e3o Intelli-Lux HD l\u00edder na sua classe, que foi desenvolvida pelos engenheiros em R\u00fcsselsheim e agora tamb\u00e9m \u00e9 utilizada no novo Astra e no Astra Sports Tourer. Mais de 50.000 elementos nos far\u00f3is garantem que \u201c<em>a estrada, os sinais de tr\u00e2nsito, os obst\u00e1culos e os pedestres sejam iluminados com precis\u00e3o impressionante, sem ofuscar outros condutores<\/em>\u201d, disse Rebecca Reinermann. A luz \u00e9 tamb\u00e9m um elemento decisivo na defini\u00e7\u00e3o do car\u00e1ter da marca. \u00c9 assim que o Opel Vizor foi aprimorado: o Opel Blitz e a assinatura Opel Compass est\u00e3o permanentemente iluminados pela primeira vez.<\/p>\n<p style=\"text-align: justify;\">\u201c<em>A luz em vez de elementos cromados exteriores \u2013 que o Astra n\u00e3o utiliza de todo \u2013 \u00e9 um passo importante na nossa trajet\u00f3ria de sustentabilidade<\/em>\u201d, continuou Reinermann. Esta abordagem estende-se tamb\u00e9m ao design interior. Todos os bancos s\u00e3o fabricados com materiais 100% reciclados. Os condutores e passageiros podem, assim, desfrutar de uma condu\u00e7\u00e3o confort\u00e1vel e que poupa recursos. Porque mesmo na variante de entrada de gama, os bancos Intelli-Seats patenteados com recesso ergon\u00f3mico central s\u00e3o propostos de s\u00e9rie.<\/p>\n<p style=\"text-align: justify;\">Outra vantagem para o cliente: &#8220;<em>Oferecemos uma ampla gama de alternativas de motoriza\u00e7\u00e3o para o novo Astra, desde o eficiente motor de combust\u00e3o ao h\u00edbrido de 48 Volt e h\u00edbrido plug-in, passando pela vers\u00e3o totalmente el\u00e9trica \u2013 que agora oferece ainda mais autonomia do que anteriormente, com at\u00e9 454 quil\u00f3metros de acordo com o WLTP<\/em>\u201d, afirmou Reinermann.<strong>\u00a0<\/strong><\/p>\n<p style=\"text-align: justify;\"><strong>Sucessos dos clientes: nova gama de SUV, Corsa extremamente popular e &#8220;Electric All In&#8221;1<\/strong><\/p>\n<p style=\"text-align: justify;\">O CEO da Opel, Huettl, confirmou o sucesso dos novos modelos totalmente el\u00e9tricos da Opel junto dos clientes: &#8220;<em>Cerca de uma em cada tr\u00eas encomendas do Grandland e do Frontera s\u00e3o de vers\u00f5es el\u00e9tricas a bateria.\u201d<\/em> Isto tamb\u00e9m contribui para o aumento das encomendas na Opel nos \u00faltimos meses.<\/p>\n<p style=\"text-align: justify;\">Al\u00e9m do novo Astra e do Astra Sports Tourer, v\u00e1rios outros modelos el\u00e9tricos est\u00e3o em exibi\u00e7\u00e3o no stand da Opel no Pavilh\u00e3o 5. Entre eles est\u00e3o o Opel el\u00e9trico a bateria mais r\u00e1pido atualmente em produ\u00e7\u00e3o e vencedor do pr\u00e9mio <a href=\"https:\/\/www.media.stellantis.com\/pt-pt\/opel\/press\/sucesso-gse-novo-opel-mokka-gse-conquista-galardao-volante-de-ouro-2025\">Golden Steering Wheel<\/a><a href=\"#_ftn1\" name=\"_ftnref1\">[1]<\/a> de 2025, o <a href=\"https:\/\/www.media.stellantis.com\/pt-pt\/opel\/press\/press-kit-novo-opel-mokka-gse\">Mokka GSE<\/a>, assim como o primeiro ve\u00edculo Opel totalmente el\u00e9trico com tra\u00e7\u00e3o integral, o <a href=\"https:\/\/www.media.stellantis.com\/pt-pt\/opel\/grandland-electric-awd-2025\">Grandland Electric AWD<\/a> e ainda a variante Extended Range do <a href=\"https:\/\/www.media.stellantis.com\/pt-pt\/opel\/frontera-2024\">Frontera Electric<\/a>.<\/p>\n<p style=\"text-align: justify;\">Mais uma vez, o concept car de alto desempenho <a href=\"https:\/\/www.media.stellantis.com\/pt-pt\/opel\/press\/opel-acelera-eletrificacao-e-estreia-gse-em-portugal-corsa-vision-gran-turismo-e-mokka-rally\">Opel Corsa GSE Vision Gran Turismo<\/a>, que combina o mundo digital com o real e, ao mesmo tempo, refor\u00e7a o compromisso da Opel com o importante segmento dos autom\u00f3veis pequenos, chamar\u00e1 a aten\u00e7\u00e3o. De acordo com as \u00faltimas estat\u00edsticas de matr\u00edculas da Autoridade Federal de Transportes Motorizados, o atual Corsa \u2013 tamb\u00e9m presente em Bruxelas \u2013 \u00e9 o autom\u00f3vel pequeno mais vendido na Alemanha h\u00e1 cinco anos consecutivos. Al\u00e9m disso, foi novamente o autom\u00f3vel pequeno mais popular no Reino Unido em 2025.<strong>\u00a0<\/strong><\/p>\n<p style=\"text-align: justify;\"><strong>Informa\u00e7\u00e3o de Consumos e Emiss\u00f5es <\/strong><\/p>\n<p style=\"text-align: justify;\"><em>Valores combinados de acordo com o WLTP<\/em><em>\u00a0<\/em><\/p>\n<p style=\"text-align: justify;\"><em>Opel Mokka GSE \u2013 Consumo de energia: 18,5 kWh\/100 km; Emiss\u00f5es de CO<sub>2<\/sub>: 0 g\/km; Etiqueta de CO<sub>2<\/sub>: A.<\/em><\/p>\n<p style=\"text-align: justify;\"><em>Opel Grandland Electric AWD \u2013 Consumo de energia: 17,9 kWh\/100 km; Emiss\u00f5es de CO<sub>2<\/sub>: 0 g\/km; Etiqueta de CO<sub>2<\/sub>: A.<\/em><\/p>\n<p style=\"text-align: justify;\"><em>Opel Frontera Extended Range \u2013 Consumo de energia: 16,5 kWh\/100 km; Emiss\u00f5es de CO<sub>2<\/sub>: 0 g\/km; Etiqueta de CO<sub>2<\/sub>: A.<\/em><em>\u00a0<\/em><\/p>\n<p style=\"text-align: justify;\"><em>Valores de autonomia preliminares determinados de acordo com a metodologia do procedimento de ensaio WLTP (R (CE) n.\u00ba 715\/2007, R (UE) n.\u00ba 2017\/1151). A autonomia real pode variar em condi\u00e7\u00f5es quotidianas e depende de v\u00e1rios fatores, em particular do estilo de condu\u00e7\u00e3o pessoal, das carater\u00edsticas do percurso, da temperatura exterior, da utiliza\u00e7\u00e3o de aquecimento e ar condicionado e do pr\u00e9-condicionamento t\u00e9rmico. Ve\u00edculo ainda n\u00e3o dispon\u00edvel; dados adicionais ainda n\u00e3o dispon\u00edveis.<\/em><\/p>\n<p style=\"text-align: justify;\"><em>Os valores de um ve\u00edculo n\u00e3o dependem apenas da utiliza\u00e7\u00e3o eficiente do combust\u00edvel, mas s\u00e3o tamb\u00e9m influenciados pelo comportamento de condu\u00e7\u00e3o e por outros fatores n\u00e3o t\u00e9cnicos.<\/em><\/p>\n<p style=\"text-align: justify;\"><a href=\"#_ftnref1\" name=\"_ftn1\">[1]<\/a> AUTO BILD edi\u00e7\u00e3o 47\/2025 e BILD am SONNTAG edi\u00e7\u00e3o 47\/2025, categoria &#8220;Autom\u00f3veis Pequenos&#8221;.<\/p>\n","protected":false},"excerpt":{"rendered":"<p>Estreia impressionante: o CEO da Opel, Florian Huettl, e a Vice-presidente de Marketing da Opel, Rebecca Reinermann, apresentam o novo Astra e o Astra Sports Tourer Mais elegante, mais moderno, mais avan\u00e7ado: o novo Astra com o Opel Blitz e o Opel Compass iluminados, ilumina\u00e7\u00e3o Intelli-Lux HD e autonomia el\u00e9trica de at\u00e9 454 km (WLTP) [&hellip;]<\/p>\n","protected":false},"author":2,"featured_media":24167,"comment_status":"open","ping_status":"open","sticky":false,"template":"","format":"standard","meta":{"_editorskit_title_hidden":false,"_editorskit_reading_time":0,"_editorskit_is_block_options_detached":false,"_editorskit_block_options_position":"{}","om_disable_all_campaigns":false,"_monsterinsights_skip_tracking":false,"_monsterinsights_sitenote_active":false,"_monsterinsights_sitenote_note":"","_monsterinsights_sitenote_category":0,"_uf_show_specific_survey":0,"_uf_disable_surveys":false,"site-sidebar-layout":"default","site-content-layout":"","ast-site-content-layout":"default","site-content-style":"default","site-sidebar-style":"default","ast-global-header-display":"","ast-banner-title-visibility":"","ast-main-header-display":"","ast-hfb-above-header-display":"","ast-hfb-below-header-display":"","ast-hfb-mobile-header-display":"","site-post-title":"","ast-breadcrumbs-content":"","ast-featured-img":"","footer-sml-layout":"","theme-transparent-header-meta":"default","adv-header-id-meta":"","stick-header-meta":"default","header-above-stick-meta":"","header-main-stick-meta":"","header-below-stick-meta":"","astra-migrate-meta-layouts":"set","ast-page-background-enabled":"default","ast-page-background-meta":{"desktop":{"background-color":"","background-image":"","background-repeat":"repeat","background-position":"center center","background-size":"auto","background-attachment":"scroll","background-type":"","background-media":"","overlay-type":"","overlay-color":"","overlay-opacity":"","overlay-gradient":""},"tablet":{"background-color":"","background-image":"","background-repeat":"repeat","background-position":"center center","background-size":"auto","background-attachment":"scroll","background-type":"","background-media":"","overlay-type":"","overlay-color":"","overlay-opacity":"","overlay-gradient":""},"mobile":{"background-color":"","background-image":"","background-repeat":"repeat","background-position":"center center","background-size":"auto","background-attachment":"scroll","background-type":"","background-media":"","overlay-type":"","overlay-color":"","overlay-opacity":"","overlay-gradient":""}},"ast-content-background-meta":{"desktop":{"background-color":"var(--ast-global-color-5)","background-image":"","background-repeat":"repeat","background-position":"center center","background-size":"auto","background-attachment":"scroll","background-type":"","background-media":"","overlay-type":"","overlay-color":"","overlay-opacity":"","overlay-gradient":""},"tablet":{"background-color":"var(--ast-global-color-5)","background-image":"","background-repeat":"repeat","background-position":"center center","background-size":"auto","background-attachment":"scroll","background-type":"","background-media":"","overlay-type":"","overlay-color":"","overlay-opacity":"","overlay-gradient":""},"mobile":{"background-color":"var(--ast-global-color-5)","background-image":"","background-repeat":"repeat","background-position":"center center","background-size":"auto","background-attachment":"scroll","background-type":"","background-media":"","overlay-type":"","overlay-color":"","overlay-opacity":"","overlay-gradient":""}},"footnotes":""},"categories":[13],"tags":[],"class_list":["post-24166","post","type-post","status-publish","format-standard","has-post-thumbnail","hentry","category-comercio"],"aioseo_notices":[],"_links":{"self":[{"href":"https:\/\/contarotacoes.com\/index.php?rest_route=\/wp\/v2\/posts\/24166","targetHints":{"allow":["GET"]}}],"collection":[{"href":"https:\/\/contarotacoes.com\/index.php?rest_route=\/wp\/v2\/posts"}],"about":[{"href":"https:\/\/contarotacoes.com\/index.php?rest_route=\/wp\/v2\/types\/post"}],"author":[{"embeddable":true,"href":"https:\/\/contarotacoes.com\/index.php?rest_route=\/wp\/v2\/users\/2"}],"replies":[{"embeddable":true,"href":"https:\/\/contarotacoes.com\/index.php?rest_route=%2Fwp%2Fv2%2Fcomments&post=24166"}],"version-history":[{"count":1,"href":"https:\/\/contarotacoes.com\/index.php?rest_route=\/wp\/v2\/posts\/24166\/revisions"}],"predecessor-version":[{"id":24168,"href":"https:\/\/contarotacoes.com\/index.php?rest_route=\/wp\/v2\/posts\/24166\/revisions\/24168"}],"wp:featuredmedia":[{"embeddable":true,"href":"https:\/\/contarotacoes.com\/index.php?rest_route=\/wp\/v2\/media\/24167"}],"wp:attachment":[{"href":"https:\/\/contarotacoes.com\/index.php?rest_route=%2Fwp%2Fv2%2Fmedia&parent=24166"}],"wp:term":[{"taxonomy":"category","embeddable":true,"href":"https:\/\/contarotacoes.com\/index.php?rest_route=%2Fwp%2Fv2%2Fcategories&post=24166"},{"taxonomy":"post_tag","embeddable":true,"href":"https:\/\/contarotacoes.com\/index.php?rest_route=%2Fwp%2Fv2%2Ftags&post=24166"}],"curies":[{"name":"wp","href":"https:\/\/api.w.org\/{rel}","templated":true}]}}