{"id":23536,"date":"2025-12-01T16:06:24","date_gmt":"2025-12-01T16:06:24","guid":{"rendered":"https:\/\/contarotacoes.com\/?p=23536"},"modified":"2025-12-01T16:06:24","modified_gmt":"2025-12-01T16:06:24","slug":"diogo-correia-e-3o-em-jarama","status":"publish","type":"post","link":"https:\/\/contarotacoes.com\/?p=23536","title":{"rendered":"Diogo Correia \u00e9 3\u00ba em Jarama"},"content":{"rendered":"<p style=\"text-align: justify;\"><strong>Desafio dos Campe\u00f5es de Drift leva emo\u00e7\u00e3o m\u00e1xima ao Circuito de Jarama \u2014 Portugal brilha com p\u00f3dio e Melhor Qualifica\u00e7\u00e3o<\/strong><\/p>\n<p style=\"text-align: justify;\">O Circuito de Jarama, em Madrid, foi palco nos dias\u00a0<strong>29 e 30 de novembro<\/strong>\u00a0de uma das provas mais aguardadas da temporada: o\u00a0<strong>Desafio dos Campe\u00f5es de Drift<\/strong>, evento organizado pela\u00a0<strong>DriftSpain<\/strong>\u00a0sob a \u00e9gide da\u00a0<strong>RFEDA \u2014 Real Federaci\u00f3n Espa\u00f1ola de Automovilismo<\/strong>. A competi\u00e7\u00e3o reuniu mais de\u00a0<strong>50 pilotos de 15 nacionalidades<\/strong>, num fim de semana marcado por batalhas intensas, grande aflu\u00eancia de p\u00fablico e performances de alto n\u00edvel.<\/p>\n<p style=\"text-align: justify;\">Portugal apresentou uma das delega\u00e7\u00f5es mais numerosas, composta por\u00a0<strong>Paulo Rocha, Jos\u00e9 Magalh\u00e3es, Marco Cordeiro, Filipe Vieira, Tiago Conde, Renato Valente, Stephane Ribeiro, Jo\u00e3o Vieira, Diogo Correia e Raman Kandratsenka<\/strong>. Apesar do forte desempenho coletivo, alguns contratempos impediram tr\u00eas dos pilotos lusos de alcan\u00e7ar a fase eliminat\u00f3ria do\u00a0<strong>Top32<\/strong>:\u00a0<strong>Marco Cordeiro<\/strong>, devido a problemas mec\u00e2nicos;\u00a0<strong>Filipe Vieira<\/strong>, ap\u00f3s um acidente; e\u00a0<strong>Jos\u00e9 Magalh\u00e3es<\/strong>, que n\u00e3o conseguiu uma pontua\u00e7\u00e3o suficiente na qualifica\u00e7\u00e3o.<\/p>\n<p style=\"text-align: justify;\">A fase das batalhas trouxe emo\u00e7\u00f5es fortes e v\u00e1rios duelos entre pilotos portugueses.\u00a0<strong>Jo\u00e3o Vieira<\/strong>\u00a0foi o primeiro a abandonar o Top32, for\u00e7ado a desistir por avaria mec\u00e2nica quando enfrentava o argentino\u00a0<strong>Rodrigo Gallo<\/strong>, que mais tarde tamb\u00e9m eliminaria\u00a0<strong>Tiago Conde<\/strong>, igualmente v\u00edtima de problemas mec\u00e2nicos.<\/p>\n<p style=\"text-align: justify;\">No\u00a0<strong>Top16<\/strong>, o embate luso entre\u00a0<strong>Stephane Ribeiro<\/strong>\u00a0e\u00a0<strong>Renato Valente<\/strong>\u00a0terminou com a vit\u00f3ria deste \u00faltimo, que avan\u00e7ou at\u00e9 ao\u00a0<strong>Top8<\/strong>, onde seria derrotado pelo ucraniano\u00a0<strong>Alex Holovnia<\/strong>, um dos grandes destaques da competi\u00e7\u00e3o.<\/p>\n<p style=\"text-align: justify;\">O maior protagonismo portugu\u00eas coube a\u00a0<strong>Diogo Correia<\/strong>, que no Top8 superou a\u00a0<strong>Raman Kandratsenka<\/strong>\u00a0antes de avan\u00e7ar ao Top4, onde seria travado pelo franc\u00eas\u00a0<strong>Anthony Rocci<\/strong>. Correia seguiu ent\u00e3o para a batalha da Semi-Final frente ao italiano\u00a0<strong>Manuel Vacca<\/strong>, garantindo uma vit\u00f3ria s\u00f3lida e assegurando\u00a0<strong>o terceiro lugar do p\u00f3dio<\/strong>, levantando a bandeira nacional diante do p\u00fablico madrileno. O p\u00f3dio final ficou completo com\u00a0<strong>Holovnia<\/strong>\u00a0na segunda posi\u00e7\u00e3o e\u00a0<strong>Rocci<\/strong>\u00a0como grande vencedor do evento.<\/p>\n<p style=\"text-align: justify;\">Portugal voltou a destacar-se na cerim\u00f3nia de pr\u00e9mios gra\u00e7as a\u00a0<strong>Raman Kandratsenka<\/strong>, que conquistou o trof\u00e9u de\u00a0<strong>Melhor Qualifica\u00e7\u00e3o<\/strong>, obtendo uma impressionante marca de\u00a0<strong>93 pontos.<\/strong><\/p>\n<p style=\"text-align: justify;\">O Desafio dos Campe\u00f5es de Drift encerrou assim com saldo muito positivo para a armada portuguesa, que mostrou competitividade, consist\u00eancia e um n\u00edvel t\u00e9cnico em crescendo, refor\u00e7ando a presen\u00e7a de Portugal no panorama internacional do drift.<\/p>\n","protected":false},"excerpt":{"rendered":"<p>Desafio dos Campe\u00f5es de Drift leva emo\u00e7\u00e3o m\u00e1xima ao Circuito de Jarama \u2014 Portugal brilha com p\u00f3dio e Melhor Qualifica\u00e7\u00e3o O Circuito de Jarama, em Madrid, foi palco nos dias\u00a029 e 30 de novembro\u00a0de uma das provas mais aguardadas da temporada: o\u00a0Desafio dos Campe\u00f5es de Drift, evento organizado pela\u00a0DriftSpain\u00a0sob a \u00e9gide da\u00a0RFEDA \u2014 Real Federaci\u00f3n [&hellip;]<\/p>\n","protected":false},"author":2,"featured_media":23537,"comment_status":"open","ping_status":"open","sticky":false,"template":"","format":"standard","meta":{"_editorskit_title_hidden":false,"_editorskit_reading_time":0,"_editorskit_is_block_options_detached":false,"_editorskit_block_options_position":"{}","om_disable_all_campaigns":false,"_monsterinsights_skip_tracking":false,"_monsterinsights_sitenote_active":false,"_monsterinsights_sitenote_note":"","_monsterinsights_sitenote_category":0,"_uf_show_specific_survey":0,"_uf_disable_surveys":false,"site-sidebar-layout":"default","site-content-layout":"","ast-site-content-layout":"default","site-content-style":"default","site-sidebar-style":"default","ast-global-header-display":"","ast-banner-title-visibility":"","ast-main-header-display":"","ast-hfb-above-header-display":"","ast-hfb-below-header-display":"","ast-hfb-mobile-header-display":"","site-post-title":"","ast-breadcrumbs-content":"","ast-featured-img":"","footer-sml-layout":"","theme-transparent-header-meta":"default","adv-header-id-meta":"","stick-header-meta":"default","header-above-stick-meta":"","header-main-stick-meta":"","header-below-stick-meta":"","astra-migrate-meta-layouts":"set","ast-page-background-enabled":"default","ast-page-background-meta":{"desktop":{"background-color":"","background-image":"","background-repeat":"repeat","background-position":"center center","background-size":"auto","background-attachment":"scroll","background-type":"","background-media":"","overlay-type":"","overlay-color":"","overlay-opacity":"","overlay-gradient":""},"tablet":{"background-color":"","background-image":"","background-repeat":"repeat","background-position":"center center","background-size":"auto","background-attachment":"scroll","background-type":"","background-media":"","overlay-type":"","overlay-color":"","overlay-opacity":"","overlay-gradient":""},"mobile":{"background-color":"","background-image":"","background-repeat":"repeat","background-position":"center center","background-size":"auto","background-attachment":"scroll","background-type":"","background-media":"","overlay-type":"","overlay-color":"","overlay-opacity":"","overlay-gradient":""}},"ast-content-background-meta":{"desktop":{"background-color":"var(--ast-global-color-5)","background-image":"","background-repeat":"repeat","background-position":"center center","background-size":"auto","background-attachment":"scroll","background-type":"","background-media":"","overlay-type":"","overlay-color":"","overlay-opacity":"","overlay-gradient":""},"tablet":{"background-color":"var(--ast-global-color-5)","background-image":"","background-repeat":"repeat","background-position":"center center","background-size":"auto","background-attachment":"scroll","background-type":"","background-media":"","overlay-type":"","overlay-color":"","overlay-opacity":"","overlay-gradient":""},"mobile":{"background-color":"var(--ast-global-color-5)","background-image":"","background-repeat":"repeat","background-position":"center center","background-size":"auto","background-attachment":"scroll","background-type":"","background-media":"","overlay-type":"","overlay-color":"","overlay-opacity":"","overlay-gradient":""}},"footnotes":""},"categories":[11],"tags":[],"class_list":["post-23536","post","type-post","status-publish","format-standard","has-post-thumbnail","hentry","category-noticias"],"aioseo_notices":[],"_links":{"self":[{"href":"https:\/\/contarotacoes.com\/index.php?rest_route=\/wp\/v2\/posts\/23536","targetHints":{"allow":["GET"]}}],"collection":[{"href":"https:\/\/contarotacoes.com\/index.php?rest_route=\/wp\/v2\/posts"}],"about":[{"href":"https:\/\/contarotacoes.com\/index.php?rest_route=\/wp\/v2\/types\/post"}],"author":[{"embeddable":true,"href":"https:\/\/contarotacoes.com\/index.php?rest_route=\/wp\/v2\/users\/2"}],"replies":[{"embeddable":true,"href":"https:\/\/contarotacoes.com\/index.php?rest_route=%2Fwp%2Fv2%2Fcomments&post=23536"}],"version-history":[{"count":1,"href":"https:\/\/contarotacoes.com\/index.php?rest_route=\/wp\/v2\/posts\/23536\/revisions"}],"predecessor-version":[{"id":23538,"href":"https:\/\/contarotacoes.com\/index.php?rest_route=\/wp\/v2\/posts\/23536\/revisions\/23538"}],"wp:featuredmedia":[{"embeddable":true,"href":"https:\/\/contarotacoes.com\/index.php?rest_route=\/wp\/v2\/media\/23537"}],"wp:attachment":[{"href":"https:\/\/contarotacoes.com\/index.php?rest_route=%2Fwp%2Fv2%2Fmedia&parent=23536"}],"wp:term":[{"taxonomy":"category","embeddable":true,"href":"https:\/\/contarotacoes.com\/index.php?rest_route=%2Fwp%2Fv2%2Fcategories&post=23536"},{"taxonomy":"post_tag","embeddable":true,"href":"https:\/\/contarotacoes.com\/index.php?rest_route=%2Fwp%2Fv2%2Ftags&post=23536"}],"curies":[{"name":"wp","href":"https:\/\/api.w.org\/{rel}","templated":true}]}}