{"id":23468,"date":"2025-11-29T21:30:00","date_gmt":"2025-11-29T21:30:00","guid":{"rendered":"https:\/\/contarotacoes.com\/?p=23468"},"modified":"2025-11-29T21:30:00","modified_gmt":"2025-11-29T21:30:00","slug":"circuito-internacional-de-lousada-consagrado-como-palco-da-grande-final-do-campeonato-da-europa-de-ralicross-2026","status":"publish","type":"post","link":"https:\/\/contarotacoes.com\/?p=23468","title":{"rendered":"Circuito Internacional de Lousada consagrado como palco da grande final do Campeonato da Europa de Ralicross 2026"},"content":{"rendered":"<p style=\"font-weight: 400; text-align: justify;\"><strong>O Circuito Internacional de Lousada foi oficialmente confirmado pela Federa\u00e7\u00e3o Internacional do Autom\u00f3vel (FIA) como palco da derradeira prova do Campeonato da Europa de Ralicross (EuroRX) de 2026, consolidando Portugal e a vila de Lousada como refer\u00eancias incontorn\u00e1veis da modalidade. A decis\u00e3o foi anunciada na sequ\u00eancia da aprova\u00e7\u00e3o do novo calend\u00e1rio pelo World Motor Sport Council, que fixa o Euro RX de Portugal (12 e 13 de setembro) como o grande palco onde v\u00e3o ser decididos e consagrados os campe\u00f5es europeus da temporada.<\/strong><\/p>\n<p style=\"font-weight: 400; text-align: justify;\">Para Lu\u00eds Marinho, presidente do Clube Autom\u00f3vel de Lousada (CAL), a escolha da FIA representa a valida\u00e7\u00e3o do trabalho desenvolvido e o in\u00edcio de um novo cap\u00edtulo:<\/p>\n<p style=\"font-weight: 400; text-align: justify;\"><strong>\u201c\u00c9 um orgulho muito grande para Lousada, para a regi\u00e3o e para Portugal. Depois do sucesso do regresso de Lousada \u00e0s grandes competi\u00e7\u00f5es internacionais, em 2025, o espet\u00e1culo est\u00e1 de volta em 2026. Um ano que representa uma nova era do Ralicross, com um campeonato ainda mais atrativo, duas novas categorias e combust\u00edveis 100% sustent\u00e1veis. O CAL j\u00e1 est\u00e1 a trabalhar num programa bastante aliciante e est\u00e1 convicto de que a \u00e9poca de 2026 ser\u00e1 uma das mais emocionantes e espetaculares da hist\u00f3ria da modalidade.&#8221;<\/strong><\/p>\n<p style=\"font-weight: 400; text-align: justify;\">O presidente do CAL garante um final \u00e9pico:\u00a0<strong>&#8220;Lousada vai honrar a sua hist\u00f3ria e est\u00e1 a preparar um final de \u00e9poca em apoteose, para decidir e consagrar os campe\u00f5es, com muitos milhares de espectadores.\u201d<\/strong><\/p>\n<p style=\"font-weight: 400; text-align: justify;\">O presidente da C\u00e2mara Municipal de Lousada, Nelson Oliveira, sublinha o retorno estrat\u00e9gico e econ\u00f3mico para o concelho:<\/p>\n<p style=\"font-weight: 400; text-align: justify;\"><strong>\u201cO Euro RX \u00e9 um evento estrutural e marcante para Lousada e tamb\u00e9m para o pa\u00eds. O automobilismo \u00e9 uma imagem de marca para Lousada e que est\u00e1 a ser alvo de particular aten\u00e7\u00e3o por parte do Munic\u00edpio, com o investimento na requalifica\u00e7\u00e3o do Circuito Internacional de Lousada. Para al\u00e9m do impacto desportivo relevante no pa\u00eds\u00a0<\/strong><strong>e na Europa, h\u00e1 obviamente um fator com maior relev\u00e2ncia para o nosso concelho que \u00e9 o retorno econ\u00f3mico e social desta iniciativa. Lousada \u00e9 reconhecido pelo desporto autom\u00f3vel e quer solidificar esta imagem a n\u00edvel mundial. Por isso, \u00e9 com apostas nestes eventos de elevado m\u00e9rito e reconhecimento que conseguimos catapultar o nome de Lousada pelo mundo. Parab\u00e9ns ao CAL por todo o trabalho que tem feito ao longo dos anos, porque uma boa parte do m\u00e9rito tamb\u00e9m \u00e9 deles.\u201d<\/strong><\/p>\n<p style=\"font-weight: 400; text-align: justify;\"><strong>Um calend\u00e1rio de luxo para 2026<\/strong><\/p>\n<p style=\"font-weight: 400; text-align: justify;\">A temporada culminar\u00e1 em Lousada, mas passar\u00e1 por outros circuitos lend\u00e1rios: o campeonato arranca na Let\u00f3nia e prossegue pelo &#8220;Red Cauldron&#8221; de Nyir\u00e1d (Hungria) e o aclamado \u2018Magic Weekend\u2019 de H\u00f6ljes (Su\u00e9cia). A \u00e9poca assinala ainda o aguardado regresso \u00e0 Irlanda (ausente desde os anos 90) e a passagem por Loh\u00e9ac (Fran\u00e7a).<\/p>\n","protected":false},"excerpt":{"rendered":"<p>O Circuito Internacional de Lousada foi oficialmente confirmado pela Federa\u00e7\u00e3o Internacional do Autom\u00f3vel (FIA) como palco da derradeira prova do Campeonato da Europa de Ralicross (EuroRX) de 2026, consolidando Portugal e a vila de Lousada como refer\u00eancias incontorn\u00e1veis da modalidade. A decis\u00e3o foi anunciada na sequ\u00eancia da aprova\u00e7\u00e3o do novo calend\u00e1rio pelo World Motor Sport [&hellip;]<\/p>\n","protected":false},"author":2,"featured_media":23469,"comment_status":"open","ping_status":"open","sticky":false,"template":"","format":"standard","meta":{"_editorskit_title_hidden":false,"_editorskit_reading_time":0,"_editorskit_is_block_options_detached":false,"_editorskit_block_options_position":"{}","om_disable_all_campaigns":false,"_monsterinsights_skip_tracking":false,"_monsterinsights_sitenote_active":false,"_monsterinsights_sitenote_note":"","_monsterinsights_sitenote_category":0,"_uf_show_specific_survey":0,"_uf_disable_surveys":false,"site-sidebar-layout":"default","site-content-layout":"","ast-site-content-layout":"default","site-content-style":"default","site-sidebar-style":"default","ast-global-header-display":"","ast-banner-title-visibility":"","ast-main-header-display":"","ast-hfb-above-header-display":"","ast-hfb-below-header-display":"","ast-hfb-mobile-header-display":"","site-post-title":"","ast-breadcrumbs-content":"","ast-featured-img":"","footer-sml-layout":"","theme-transparent-header-meta":"default","adv-header-id-meta":"","stick-header-meta":"default","header-above-stick-meta":"","header-main-stick-meta":"","header-below-stick-meta":"","astra-migrate-meta-layouts":"set","ast-page-background-enabled":"default","ast-page-background-meta":{"desktop":{"background-color":"","background-image":"","background-repeat":"repeat","background-position":"center center","background-size":"auto","background-attachment":"scroll","background-type":"","background-media":"","overlay-type":"","overlay-color":"","overlay-opacity":"","overlay-gradient":""},"tablet":{"background-color":"","background-image":"","background-repeat":"repeat","background-position":"center center","background-size":"auto","background-attachment":"scroll","background-type":"","background-media":"","overlay-type":"","overlay-color":"","overlay-opacity":"","overlay-gradient":""},"mobile":{"background-color":"","background-image":"","background-repeat":"repeat","background-position":"center center","background-size":"auto","background-attachment":"scroll","background-type":"","background-media":"","overlay-type":"","overlay-color":"","overlay-opacity":"","overlay-gradient":""}},"ast-content-background-meta":{"desktop":{"background-color":"var(--ast-global-color-5)","background-image":"","background-repeat":"repeat","background-position":"center center","background-size":"auto","background-attachment":"scroll","background-type":"","background-media":"","overlay-type":"","overlay-color":"","overlay-opacity":"","overlay-gradient":""},"tablet":{"background-color":"var(--ast-global-color-5)","background-image":"","background-repeat":"repeat","background-position":"center center","background-size":"auto","background-attachment":"scroll","background-type":"","background-media":"","overlay-type":"","overlay-color":"","overlay-opacity":"","overlay-gradient":""},"mobile":{"background-color":"var(--ast-global-color-5)","background-image":"","background-repeat":"repeat","background-position":"center center","background-size":"auto","background-attachment":"scroll","background-type":"","background-media":"","overlay-type":"","overlay-color":"","overlay-opacity":"","overlay-gradient":""}},"footnotes":""},"categories":[11],"tags":[],"class_list":["post-23468","post","type-post","status-publish","format-standard","has-post-thumbnail","hentry","category-noticias"],"aioseo_notices":[],"_links":{"self":[{"href":"https:\/\/contarotacoes.com\/index.php?rest_route=\/wp\/v2\/posts\/23468","targetHints":{"allow":["GET"]}}],"collection":[{"href":"https:\/\/contarotacoes.com\/index.php?rest_route=\/wp\/v2\/posts"}],"about":[{"href":"https:\/\/contarotacoes.com\/index.php?rest_route=\/wp\/v2\/types\/post"}],"author":[{"embeddable":true,"href":"https:\/\/contarotacoes.com\/index.php?rest_route=\/wp\/v2\/users\/2"}],"replies":[{"embeddable":true,"href":"https:\/\/contarotacoes.com\/index.php?rest_route=%2Fwp%2Fv2%2Fcomments&post=23468"}],"version-history":[{"count":1,"href":"https:\/\/contarotacoes.com\/index.php?rest_route=\/wp\/v2\/posts\/23468\/revisions"}],"predecessor-version":[{"id":23470,"href":"https:\/\/contarotacoes.com\/index.php?rest_route=\/wp\/v2\/posts\/23468\/revisions\/23470"}],"wp:featuredmedia":[{"embeddable":true,"href":"https:\/\/contarotacoes.com\/index.php?rest_route=\/wp\/v2\/media\/23469"}],"wp:attachment":[{"href":"https:\/\/contarotacoes.com\/index.php?rest_route=%2Fwp%2Fv2%2Fmedia&parent=23468"}],"wp:term":[{"taxonomy":"category","embeddable":true,"href":"https:\/\/contarotacoes.com\/index.php?rest_route=%2Fwp%2Fv2%2Fcategories&post=23468"},{"taxonomy":"post_tag","embeddable":true,"href":"https:\/\/contarotacoes.com\/index.php?rest_route=%2Fwp%2Fv2%2Ftags&post=23468"}],"curies":[{"name":"wp","href":"https:\/\/api.w.org\/{rel}","templated":true}]}}