{"id":23438,"date":"2025-11-27T22:49:41","date_gmt":"2025-11-27T22:49:41","guid":{"rendered":"https:\/\/contarotacoes.com\/?p=23438"},"modified":"2025-11-27T22:49:41","modified_gmt":"2025-11-27T22:49:41","slug":"titulos-mundiais-podem-ser-decididos-na-monte-gordo-sand-race","status":"publish","type":"post","link":"https:\/\/contarotacoes.com\/?p=23438","title":{"rendered":"T\u00edtulos mundiais podem ser decididos na Monte Gordo Sand Race"},"content":{"rendered":"<p style=\"font-weight: 400; text-align: justify;\">A Monte Gordo Sand Race, que ser\u00e1 a pen\u00faltima etapa do Campeonato do Mundo de Corridas em Areia, apresenta uma lista de inscritos com perto de centena e meia de participantes entre os quais os mais destacados pilotos mundiais desta disciplina. Antes da prova lusa, que se ir\u00e1 disputar num dos principais destinos tur\u00edsticos do Algarve, foram disputadas para a FIM Sand Races World Championship duas competi\u00e7\u00f5es em Fran\u00e7a, uma na Argentina e outra em It\u00e1lia.<\/p>\n<p style=\"font-weight: 400; text-align: justify;\">Entre os nomes mais sonantes que vir\u00e3o animar a Monte Gordo Sand Race est\u00e1 o ingl\u00eas\u00a0Todd Kellet, piloto que venceu na competi\u00e7\u00e3o moto as quatro provas j\u00e1 disputadas. O brit\u00e2nico que venceu nas duas primeiras edi\u00e7\u00f5es da prova portuguesa, apresenta-se com 100 pontos j\u00e1 conquistados, fruto das vit\u00f3rias no Le Touquet, Mar del Plata, Bibione e Hossegor. As duas posi\u00e7\u00f5es seguintes na competi\u00e7\u00e3o moto da FIM Sand Races World Champioship s\u00e3o ocupadas por pilotos franceses: Milko Potisek e Jeremy Hauquier, tal como Todd Kellet, todos em Yamaha.<\/p>\n<p style=\"font-weight: 400; text-align: justify;\">Se Todd Kellet \u00e9 l\u00edder destacado na competi\u00e7\u00e3o moto, entre os Quad a competi\u00e7\u00e3o envolve um maior n\u00famero de candidatos. Destaque para os franceses Pablo Violet,\u00a0<a href=\"https:\/\/en.wikipedia.org\/w\/index.php?title=Fabien_Michel&amp;action=edit&amp;redlink=1\" data-saferedirecturl=\"https:\/\/www.google.com\/url?q=https:\/\/en.wikipedia.org\/w\/index.php?title%3DFabien_Michel%26action%3Dedit%26redlink%3D1&amp;source=gmail&amp;ust=1764369234932000&amp;usg=AOvVaw3Ll3KgDz8iuiXnyADKkIv8\">Fabien Michel<\/a>,\u00a0<a href=\"https:\/\/en.wikipedia.org\/w\/index.php?title=Beno%C3%AEt_Sebert&amp;action=edit&amp;redlink=1\" data-saferedirecturl=\"https:\/\/www.google.com\/url?q=https:\/\/en.wikipedia.org\/w\/index.php?title%3DBeno%25C3%25AEt_Sebert%26action%3Dedit%26redlink%3D1&amp;source=gmail&amp;ust=1764369234932000&amp;usg=AOvVaw3d7HOvHGhiJs7-iAsOYUNT\">Beno\u00eet Sebert<\/a>, Axel Dutrie, para o belga \u00a0<a href=\"https:\/\/en.wikipedia.org\/w\/index.php?title=Dirk_Schelfhout&amp;action=edit&amp;redlink=1\" data-saferedirecturl=\"https:\/\/www.google.com\/url?q=https:\/\/en.wikipedia.org\/w\/index.php?title%3DDirk_Schelfhout%26action%3Dedit%26redlink%3D1&amp;source=gmail&amp;ust=1764369234932000&amp;usg=AOvVaw0KtCrvzWBVWapi2Fb6NcDk\">Dirk Schelfhout<\/a>, o luso franc\u00eas Maxime Lopes da Fonseca\u00a0 e o portugu\u00eas radicado em Fran\u00e7a, Nuno Gon\u00e7alves.<\/p>\n<p style=\"font-weight: 400; text-align: justify;\">Pablo Violet lidera com 80 pontos, fruto do 2\u00ba lugar no Le Touquet, da vit\u00f3ria em Mar del Plata, resultados aos quais junta a vit\u00f3ria no passado fim de semana em Hossegor. Segue-se Fabien Michel, com 46 pontos, piloto que subiu ao p\u00f3dio no Le Touquet e em Biblione, onde conquistou respetivamente a 3\u00aa e a 2\u00aa posi\u00e7\u00e3o. Benoit Sebert 3\u00ba do FIM Sand Races World Champioship Quad, foi 2\u00ba na prova argentina. Seguem-se Dirk Schelfhout, vencedor em Biblione e Nuno Gon\u00e7alves. De referir que Beno\u00eet, Nuno Gon\u00e7alves, Dirk e Axel, ocupam os quatro primeiros lugares entre os veteranos.<\/p>\n<p style=\"font-weight: 400; text-align: justify;\">Na competi\u00e7\u00e3o moto j\u00fanior o destaque vai para os franceses Evan Deemester, Matheo Gerat e Maxime Miet, enquanto nos veteranos sobressaem o uruguaio Fernando Rubio e os franceses Nicolas Lavenant, Alexis, Van de Woestine, Rodrigue Lescaillet e Paul Barbara. Entre as senhoras lidera a francesa Mathilde Denis, vencedora em Hossegor, \u00e0 frente da Belga\u00a0<a href=\"https:\/\/en.wikipedia.org\/w\/index.php?title=Amandine_Verstappen&amp;action=edit&amp;redlink=1\" data-saferedirecturl=\"https:\/\/www.google.com\/url?q=https:\/\/en.wikipedia.org\/w\/index.php?title%3DAmandine_Verstappen%26action%3Dedit%26redlink%3D1&amp;source=gmail&amp;ust=1764369234932000&amp;usg=AOvVaw0KVOXQCbPL6upzhs9FB8Gi\">Amandine Verstappen<\/a>\u00a0e das francesas Sara Jugla e Camille Viaud. Na categoria vintage lidera o tamb\u00e9m franc\u00eas Freddy Seguin.<\/p>\n<p style=\"font-weight: 400; text-align: justify;\">Entre os portugueses inscritos, destaque na competi\u00e7\u00e3o moto para a participa\u00e7\u00e3o de Lu\u00eds Outeiro, Bi-Campe\u00e3o Nacional de Motocross, o melhor representante luso nas duas \u00faltimas edi\u00e7\u00f5es, Paulo Alberto, Bicampe\u00e3o Brasileiro de Motocross e Hexacampe\u00e3o Portugu\u00eas de Motocross e de Supercross a que junta seis t\u00edtulos no Arena Cross Brasil e Ant\u00f3nio Maio H<a href=\"https:\/\/www.ammagazine.pt\/noticias-motociclismo\/noticias-motociclismo-tt\/66516-antonio-maio-e-heptacampeao-nacional\" data-saferedirecturl=\"https:\/\/www.google.com\/url?q=https:\/\/www.ammagazine.pt\/noticias-motociclismo\/noticias-motociclismo-tt\/66516-antonio-maio-e-heptacampeao-nacional&amp;source=gmail&amp;ust=1764369234932000&amp;usg=AOvVaw0C4i2gB8-9QcXG70Elrd6E\">eptacampe\u00e3o Nacional<\/a>\u00a0de Todo-o-Terreno. Na competi\u00e7\u00e3o Quad, Lu\u00eds Fernandes, foi o melhor luso na edi\u00e7\u00e3o de 2024 da Monte Gordo Sand Race, no mesmo ano em que se sagrou campe\u00e3o nacional de todo-o-terreno.<\/p>\n<p style=\"font-weight: 400; text-align: justify;\">Destaque para a estreia do Trof\u00e9u Yamaha\/Mini Monte Gordo Sand Race onde ir\u00e3o participar pilotos com idades compreendidas entre os 8 e os 16 anos.<\/p>\n<p style=\"font-weight: 400; text-align: justify;\">A Monte Gordo Sand Race \u00e9 uma organiza\u00e7\u00e3o conjunta da C\u00e2mara Municipal de Vila Real de Santo Ant\u00f3nio e do Autom\u00f3vel Club de Portugal, que se disputa sob a \u00e9gide da Federa\u00e7\u00e3o de Motociclismo de Portugal (FMP) e da Federa\u00e7\u00e3o Internacional de Motociclismo (FIM).<\/p>\n<p style=\"font-weight: 400; text-align: justify;\">Toda a documenta\u00e7\u00e3o referente a esta prova est\u00e1 dispon\u00edvel na aplica\u00e7\u00e3o Sportity.<\/p>\n<p style=\"font-weight: 400; text-align: justify;\">Descarregue a app e aceda ao evento atrav\u00e9s da pass direta: MGSR25<\/p>\n<p style=\"font-weight: 400; text-align: justify;\">Mais informa\u00e7\u00f5es em\u00a0<a href=\"https:\/\/montegordosandrace.pt\/\" data-saferedirecturl=\"https:\/\/www.google.com\/url?q=https:\/\/montegordosandrace.pt&amp;source=gmail&amp;ust=1764369234933000&amp;usg=AOvVaw0Fk9xRcfbd_HwhbGcwoHx6\">https:\/\/montegordosandrace.pt<\/a><\/p>\n","protected":false},"excerpt":{"rendered":"<p>A Monte Gordo Sand Race, que ser\u00e1 a pen\u00faltima etapa do Campeonato do Mundo de Corridas em Areia, apresenta uma lista de inscritos com perto de centena e meia de participantes entre os quais os mais destacados pilotos mundiais desta disciplina. Antes da prova lusa, que se ir\u00e1 disputar num dos principais destinos tur\u00edsticos do [&hellip;]<\/p>\n","protected":false},"author":2,"featured_media":23439,"comment_status":"open","ping_status":"open","sticky":false,"template":"","format":"standard","meta":{"_editorskit_title_hidden":false,"_editorskit_reading_time":0,"_editorskit_is_block_options_detached":false,"_editorskit_block_options_position":"{}","om_disable_all_campaigns":false,"_monsterinsights_skip_tracking":false,"_monsterinsights_sitenote_active":false,"_monsterinsights_sitenote_note":"","_monsterinsights_sitenote_category":0,"_uf_show_specific_survey":0,"_uf_disable_surveys":false,"site-sidebar-layout":"default","site-content-layout":"","ast-site-content-layout":"default","site-content-style":"default","site-sidebar-style":"default","ast-global-header-display":"","ast-banner-title-visibility":"","ast-main-header-display":"","ast-hfb-above-header-display":"","ast-hfb-below-header-display":"","ast-hfb-mobile-header-display":"","site-post-title":"","ast-breadcrumbs-content":"","ast-featured-img":"","footer-sml-layout":"","theme-transparent-header-meta":"default","adv-header-id-meta":"","stick-header-meta":"default","header-above-stick-meta":"","header-main-stick-meta":"","header-below-stick-meta":"","astra-migrate-meta-layouts":"set","ast-page-background-enabled":"default","ast-page-background-meta":{"desktop":{"background-color":"","background-image":"","background-repeat":"repeat","background-position":"center center","background-size":"auto","background-attachment":"scroll","background-type":"","background-media":"","overlay-type":"","overlay-color":"","overlay-opacity":"","overlay-gradient":""},"tablet":{"background-color":"","background-image":"","background-repeat":"repeat","background-position":"center center","background-size":"auto","background-attachment":"scroll","background-type":"","background-media":"","overlay-type":"","overlay-color":"","overlay-opacity":"","overlay-gradient":""},"mobile":{"background-color":"","background-image":"","background-repeat":"repeat","background-position":"center center","background-size":"auto","background-attachment":"scroll","background-type":"","background-media":"","overlay-type":"","overlay-color":"","overlay-opacity":"","overlay-gradient":""}},"ast-content-background-meta":{"desktop":{"background-color":"var(--ast-global-color-5)","background-image":"","background-repeat":"repeat","background-position":"center center","background-size":"auto","background-attachment":"scroll","background-type":"","background-media":"","overlay-type":"","overlay-color":"","overlay-opacity":"","overlay-gradient":""},"tablet":{"background-color":"var(--ast-global-color-5)","background-image":"","background-repeat":"repeat","background-position":"center center","background-size":"auto","background-attachment":"scroll","background-type":"","background-media":"","overlay-type":"","overlay-color":"","overlay-opacity":"","overlay-gradient":""},"mobile":{"background-color":"var(--ast-global-color-5)","background-image":"","background-repeat":"repeat","background-position":"center center","background-size":"auto","background-attachment":"scroll","background-type":"","background-media":"","overlay-type":"","overlay-color":"","overlay-opacity":"","overlay-gradient":""}},"footnotes":""},"categories":[11],"tags":[],"class_list":["post-23438","post","type-post","status-publish","format-standard","has-post-thumbnail","hentry","category-noticias"],"aioseo_notices":[],"_links":{"self":[{"href":"https:\/\/contarotacoes.com\/index.php?rest_route=\/wp\/v2\/posts\/23438","targetHints":{"allow":["GET"]}}],"collection":[{"href":"https:\/\/contarotacoes.com\/index.php?rest_route=\/wp\/v2\/posts"}],"about":[{"href":"https:\/\/contarotacoes.com\/index.php?rest_route=\/wp\/v2\/types\/post"}],"author":[{"embeddable":true,"href":"https:\/\/contarotacoes.com\/index.php?rest_route=\/wp\/v2\/users\/2"}],"replies":[{"embeddable":true,"href":"https:\/\/contarotacoes.com\/index.php?rest_route=%2Fwp%2Fv2%2Fcomments&post=23438"}],"version-history":[{"count":1,"href":"https:\/\/contarotacoes.com\/index.php?rest_route=\/wp\/v2\/posts\/23438\/revisions"}],"predecessor-version":[{"id":23440,"href":"https:\/\/contarotacoes.com\/index.php?rest_route=\/wp\/v2\/posts\/23438\/revisions\/23440"}],"wp:featuredmedia":[{"embeddable":true,"href":"https:\/\/contarotacoes.com\/index.php?rest_route=\/wp\/v2\/media\/23439"}],"wp:attachment":[{"href":"https:\/\/contarotacoes.com\/index.php?rest_route=%2Fwp%2Fv2%2Fmedia&parent=23438"}],"wp:term":[{"taxonomy":"category","embeddable":true,"href":"https:\/\/contarotacoes.com\/index.php?rest_route=%2Fwp%2Fv2%2Fcategories&post=23438"},{"taxonomy":"post_tag","embeddable":true,"href":"https:\/\/contarotacoes.com\/index.php?rest_route=%2Fwp%2Fv2%2Ftags&post=23438"}],"curies":[{"name":"wp","href":"https:\/\/api.w.org\/{rel}","templated":true}]}}