{"id":23309,"date":"2025-11-25T11:28:39","date_gmt":"2025-11-25T11:28:39","guid":{"rendered":"https:\/\/contarotacoes.com\/?p=23309"},"modified":"2025-11-25T11:28:39","modified_gmt":"2025-11-25T11:28:39","slug":"manuel-alves-e-bicampeao-da-porsche-sprint-challenge-iberica","status":"publish","type":"post","link":"https:\/\/contarotacoes.com\/?p=23309","title":{"rendered":"Manuel Alves \u00e9 bicampe\u00e3o da Porsche Sprint Challenge Ib\u00e9rica"},"content":{"rendered":"<p style=\"text-align: justify;\"><strong>\u00bb Piloto da LOB Motorsport conquistou o bicampeonato ap\u00f3s um fim de semana de enorme intensidade no Estoril, terminando a temporada no topo da classifica\u00e7\u00e3o.<\/strong><\/p>\n<p style=\"text-align: justify;\"><strong>\u00a0\u00bb Vit\u00f3ria na Sprint 1, p\u00f3dio na Sprint 2 e gest\u00e3o brilhante da decisiva corrida Endurance coroam ano de excel\u00eancia competitiva.<\/strong><\/p>\n<p style=\"text-align: justify;\"><strong>\u00a0\u00bb LOB Motorsport revalida tamb\u00e9m o t\u00edtulo por Equipas, encerrando \u00e9poca marcada por consist\u00eancia, evolu\u00e7\u00e3o e dom\u00ednio estrat\u00e9gico.<\/strong><\/p>\n<p style=\"text-align: justify;\">A temporada 2025 da Porsche Sprint Challenge Ib\u00e9rica chegou ao fim com Manuel Alves a sagrar-se Campe\u00e3o, depois de uma jornada final eletrizante no Circuito do Estoril. Num fim de semana que exigiu frieza, velocidade e capacidade de gest\u00e3o emocional, o piloto portugu\u00eas confirmou o objetivo tra\u00e7ado desde o in\u00edcio do ano e voltou a conquistar o cetro da competi\u00e7\u00e3o ib\u00e9rica com o selo da Porsche Motorsport e trouxe tamb\u00e9m o t\u00edtulo para a LOB Motorsport.<\/p>\n<p style=\"text-align: justify;\">A prova come\u00e7ou com uma exibi\u00e7\u00e3o dominadora na qualifica\u00e7\u00e3o, onde Manuel Alves assinou a melhor volta de todo o fim de semana \u2014 1:34.1 \u2014 performance que lhe garantia vantagens para as corridas Sprint e para a Endurance. Ap\u00f3s uma penaliza\u00e7\u00e3o regulamentar que o obrigou a partir de terceiro em todas as corridas, o piloto n\u00e3o vacilou: transformou a adversidade em motiva\u00e7\u00e3o e assinou algumas das melhores atua\u00e7\u00f5es da temporada.<\/p>\n<p style=\"text-align: justify;\">Na Sprint 1, um arranque irrepreens\u00edvel colocou-o na lideran\u00e7a logo \u00e0 primeira curva, posi\u00e7\u00e3o que nunca mais largou at\u00e9 \u00e0 bandeira de xadrez. Na Sprint 2, um duelo equilibrado com os principais advers\u00e1rios demonstrou a solidez do seu ritmo de corrida; Manuel Alves terminou no segundo lugar ap\u00f3s penaliza\u00e7\u00e3o aplicada a um rival, num trio onde todos registaram tempos praticamente id\u00eanticos.<\/p>\n<p style=\"text-align: justify;\">Tudo ficou guardado para a corrida Endurance, a mais tensa e emocionante da \u00e9poca. Partindo de terceiro, o piloto da LOB Motorsport assumiu o ataque com intelig\u00eancia, avan\u00e7ando posi\u00e7\u00f5es logo nas primeiras curvas, sem correr riscos desnecess\u00e1rios. O arranque permitiu subir ao segundo posto chegando mesmo a liderar a corrida temporariamente. Depois da paragem obrigat\u00f3ria, teve de se defender do seu advers\u00e1rio direto, mantendo-o atr\u00e1s de si. Foi capaz de resistir a enorme press\u00e3o, gerir momentos cr\u00edticos de safety car, cumprir a paragem obrigat\u00f3ria e defender com firmeza at\u00e9 \u00e0 interrup\u00e7\u00e3o final da prova. A gest\u00e3o perfeita desse momento-chave permitiu-lhe garantir os pontos necess\u00e1rios para selar o t\u00edtulo.<\/p>\n<p style=\"text-align: justify;\">No final, com a celebra\u00e7\u00e3o do bicampeonato, Manuel Alves destacou os pontos fortes da sua presta\u00e7\u00e3o:<\/p>\n<p style=\"text-align: justify;\"><strong>\u201cConseguimos aquilo que quer\u00edamos: somos bicampe\u00f5es. O fim de semana come\u00e7ou muito bem, com uma qualifica\u00e7\u00e3o dominadora em que fizemos a melhor volta de todo o fim de semana, 1:34.1. Apesar de iniciarmos todas as corridas em terceiro devido a uma penaliza\u00e7\u00e3o, mantivemos a cabe\u00e7a fria.<\/strong><\/p>\n<p style=\"text-align: justify;\"><strong>Na primeira corrida fiz um grande arranque, fiquei na frente logo na primeira curva e venci. Na segunda, volt\u00e1mos a mostrar grande ritmo e termin\u00e1mos em segundo ap\u00f3s uma luta muito equilibrada. Mas o melhor ficou para a Endurance \u2014 foi ca\u00f3tica, dura emocionalmente e extremamente intensa. Tivemos de atacar, de defender e de ser inteligentes. Depois da paragem obrigat\u00f3ria sa\u00edmos os tr\u00eas colados, eu, o Dylan [Pereira] e o Borja [Garc\u00eda , e foi uma verdadeira \u2018dogfight\u2019 at\u00e9 ao final. Mantive o Dylan atr\u00e1s de mim at\u00e9 \u00e0 bandeira vermelha que ditou o fim da prova e isso acabou por ser decisivo para este resultado.<\/strong><\/p>\n<p style=\"text-align: justify;\"><strong>Estou muito orgulhoso deste t\u00edtulo. Orgulhoso da minha equipa, da LOB Motorsport, que tamb\u00e9m conquista o campeonato por equipas. A Kika fez uma \u00e9poca incr\u00edvel e venceu a Ladies Cup, mostrando uma evolu\u00e7\u00e3o extraordin\u00e1ria. Agrade\u00e7o aos nossos patrocinadores, porque nada disto seria poss\u00edvel sem eles, e \u00e0 minha fam\u00edlia, que esteve sempre ao meu lado. E, como sempre, este t\u00edtulo \u00e9 tamb\u00e9m para o meu tio Paulo \u2014 por ele e para ele.<\/strong><\/p>\n<p style=\"text-align: justify;\"><strong>Quero deixar tamb\u00e9m uma palavra de enorme apre\u00e7o a todos os advers\u00e1rios que defrontei durante esta temporada, em especial o Dylan e o Borja com quem tive grande lutas, duras mas sempre limpas. O seu talento s\u00f3 \u00e9 superado pela sua classe e desportivismo que demonstraram dentro e fora de pista. \u00c9 com pilotos deste n\u00edvel que pretendo lutar sempre.<\/strong><\/p>\n<p style=\"text-align: justify;\"><strong>Foi uma \u00e9poca muito dura, muito competitiva, talvez a mais forte de sempre da Porsche Sprint Challenge Ib\u00e9rica. Por isso, vencer tem um sabor ainda mais especial.\u201d<\/strong><\/p>\n<p style=\"text-align: justify;\">Com esta conquista, Manuel Alves encerra a melhor temporada da sua carreira na Porsche Sprint Challenge Ib\u00e9rica, revalidando o t\u00edtulo e refor\u00e7ando a posi\u00e7\u00e3o da LOB Motorsport como uma das equipas de refer\u00eancia no panorama ib\u00e9rico de GT.<\/p>\n","protected":false},"excerpt":{"rendered":"<p>\u00bb Piloto da LOB Motorsport conquistou o bicampeonato ap\u00f3s um fim de semana de enorme intensidade no Estoril, terminando a temporada no topo da classifica\u00e7\u00e3o. \u00a0\u00bb Vit\u00f3ria na Sprint 1, p\u00f3dio na Sprint 2 e gest\u00e3o brilhante da decisiva corrida Endurance coroam ano de excel\u00eancia competitiva. \u00a0\u00bb LOB Motorsport revalida tamb\u00e9m o t\u00edtulo por Equipas, [&hellip;]<\/p>\n","protected":false},"author":2,"featured_media":23310,"comment_status":"open","ping_status":"open","sticky":false,"template":"","format":"standard","meta":{"_editorskit_title_hidden":false,"_editorskit_reading_time":0,"_editorskit_is_block_options_detached":false,"_editorskit_block_options_position":"{}","om_disable_all_campaigns":false,"_monsterinsights_skip_tracking":false,"_monsterinsights_sitenote_active":false,"_monsterinsights_sitenote_note":"","_monsterinsights_sitenote_category":0,"_uf_show_specific_survey":0,"_uf_disable_surveys":false,"site-sidebar-layout":"default","site-content-layout":"","ast-site-content-layout":"default","site-content-style":"default","site-sidebar-style":"default","ast-global-header-display":"","ast-banner-title-visibility":"","ast-main-header-display":"","ast-hfb-above-header-display":"","ast-hfb-below-header-display":"","ast-hfb-mobile-header-display":"","site-post-title":"","ast-breadcrumbs-content":"","ast-featured-img":"","footer-sml-layout":"","theme-transparent-header-meta":"default","adv-header-id-meta":"","stick-header-meta":"default","header-above-stick-meta":"","header-main-stick-meta":"","header-below-stick-meta":"","astra-migrate-meta-layouts":"set","ast-page-background-enabled":"default","ast-page-background-meta":{"desktop":{"background-color":"","background-image":"","background-repeat":"repeat","background-position":"center center","background-size":"auto","background-attachment":"scroll","background-type":"","background-media":"","overlay-type":"","overlay-color":"","overlay-opacity":"","overlay-gradient":""},"tablet":{"background-color":"","background-image":"","background-repeat":"repeat","background-position":"center center","background-size":"auto","background-attachment":"scroll","background-type":"","background-media":"","overlay-type":"","overlay-color":"","overlay-opacity":"","overlay-gradient":""},"mobile":{"background-color":"","background-image":"","background-repeat":"repeat","background-position":"center center","background-size":"auto","background-attachment":"scroll","background-type":"","background-media":"","overlay-type":"","overlay-color":"","overlay-opacity":"","overlay-gradient":""}},"ast-content-background-meta":{"desktop":{"background-color":"var(--ast-global-color-5)","background-image":"","background-repeat":"repeat","background-position":"center center","background-size":"auto","background-attachment":"scroll","background-type":"","background-media":"","overlay-type":"","overlay-color":"","overlay-opacity":"","overlay-gradient":""},"tablet":{"background-color":"var(--ast-global-color-5)","background-image":"","background-repeat":"repeat","background-position":"center center","background-size":"auto","background-attachment":"scroll","background-type":"","background-media":"","overlay-type":"","overlay-color":"","overlay-opacity":"","overlay-gradient":""},"mobile":{"background-color":"var(--ast-global-color-5)","background-image":"","background-repeat":"repeat","background-position":"center center","background-size":"auto","background-attachment":"scroll","background-type":"","background-media":"","overlay-type":"","overlay-color":"","overlay-opacity":"","overlay-gradient":""}},"footnotes":""},"categories":[11],"tags":[],"class_list":["post-23309","post","type-post","status-publish","format-standard","has-post-thumbnail","hentry","category-noticias"],"aioseo_notices":[],"_links":{"self":[{"href":"https:\/\/contarotacoes.com\/index.php?rest_route=\/wp\/v2\/posts\/23309","targetHints":{"allow":["GET"]}}],"collection":[{"href":"https:\/\/contarotacoes.com\/index.php?rest_route=\/wp\/v2\/posts"}],"about":[{"href":"https:\/\/contarotacoes.com\/index.php?rest_route=\/wp\/v2\/types\/post"}],"author":[{"embeddable":true,"href":"https:\/\/contarotacoes.com\/index.php?rest_route=\/wp\/v2\/users\/2"}],"replies":[{"embeddable":true,"href":"https:\/\/contarotacoes.com\/index.php?rest_route=%2Fwp%2Fv2%2Fcomments&post=23309"}],"version-history":[{"count":1,"href":"https:\/\/contarotacoes.com\/index.php?rest_route=\/wp\/v2\/posts\/23309\/revisions"}],"predecessor-version":[{"id":23311,"href":"https:\/\/contarotacoes.com\/index.php?rest_route=\/wp\/v2\/posts\/23309\/revisions\/23311"}],"wp:featuredmedia":[{"embeddable":true,"href":"https:\/\/contarotacoes.com\/index.php?rest_route=\/wp\/v2\/media\/23310"}],"wp:attachment":[{"href":"https:\/\/contarotacoes.com\/index.php?rest_route=%2Fwp%2Fv2%2Fmedia&parent=23309"}],"wp:term":[{"taxonomy":"category","embeddable":true,"href":"https:\/\/contarotacoes.com\/index.php?rest_route=%2Fwp%2Fv2%2Fcategories&post=23309"},{"taxonomy":"post_tag","embeddable":true,"href":"https:\/\/contarotacoes.com\/index.php?rest_route=%2Fwp%2Fv2%2Ftags&post=23309"}],"curies":[{"name":"wp","href":"https:\/\/api.w.org\/{rel}","templated":true}]}}