{"id":23303,"date":"2025-11-24T21:33:05","date_gmt":"2025-11-24T21:33:05","guid":{"rendered":"https:\/\/contarotacoes.com\/?p=23303"},"modified":"2025-11-24T21:33:05","modified_gmt":"2025-11-24T21:33:05","slug":"monte-gordo-sand-race-mantem-compromisso-de-valorizacao-ambiental-e-recebe-selo-de-ecoevento","status":"publish","type":"post","link":"https:\/\/contarotacoes.com\/?p=23303","title":{"rendered":"Monte Gordo Sand Race mant\u00e9m compromisso de valoriza\u00e7\u00e3o ambiental e recebe selo de EcoEvento"},"content":{"rendered":"<ul>\n<li style=\"font-weight: 400; text-align: justify;\"><strong>Munic\u00edpio de Vila Real de Santo Ant\u00f3nio e a Algar, S.A. assinaram acordo<\/strong><\/li>\n<\/ul>\n<p style=\"font-weight: 400; text-align: justify;\">A Monte Gordo Sand Race, quinta jornada do Campeonato do Mundo de Corridas em Areia,\u00a0 que disputar\u00e1 a sua terceira edi\u00e7\u00e3o dentro de poucos dias no areal da Praia de Monte Gordo, recebeu o selo de Ecoevento, na sequ\u00eancia de um acordo celebrado entre o Munic\u00edpio de Vila Real de Santo Ant\u00f3nio e a Algar, S.A, empresa de refer\u00eancia no setor ambiental na regi\u00e3o do Algarve, que estabelece um compromisso de coopera\u00e7\u00e3o entre ambas as entidades, tendo como objetivo a promo\u00e7\u00e3o da preven\u00e7\u00e3o e redu\u00e7\u00e3o de quantidades de res\u00edduos produzidos, a separa\u00e7\u00e3o de embalagens e a recolha seletiva.<\/p>\n<p style=\"font-weight: 400; text-align: justify;\">A valoriza\u00e7\u00e3o ambiental \u00e9 uma das preocupa\u00e7\u00f5es do evento organizado pelo Munic\u00edpio de Vila Real de Santo Ant\u00f3nio em parceria com o Autom\u00f3vel Club de Portugal. Como EcoEvento a organiza\u00e7\u00e3o da Monte Gordo Sand Race ter\u00e1 como miss\u00e3o prevenir e reduzir as quantidades de res\u00edduos urbanos e promover a valoriza\u00e7\u00e3o\/reciclagem das embalagens, mas tamb\u00e9m de assegurar que os res\u00edduos associados \u00e0 manuten\u00e7\u00e3o dos motociclos s\u00e3o corretamente encaminhados. Para o efeito ser\u00e3o disponibilizados diversos contentores e sacos de lixo destinados \u00e0 recolha seletiva de res\u00edduos.<\/p>\n<p style=\"font-weight: 400; text-align: justify;\">A preocupa\u00e7\u00e3o ao n\u00edvel do ambiente por parte da organiza\u00e7\u00e3o da Monte Gordo Sand Race, estende-se ainda a um conjunto de a\u00e7\u00f5es relevantes no controlo dos eventuais impactos que esta atividade possa gerar, promovendo a preserva\u00e7\u00e3o do sistema dunar em v\u00e1rias praias do concelho, e a redu\u00e7\u00e3o da pegada de carbono associada \u00e0 realiza\u00e7\u00e3o do evento. A este respeito foi, tal como ocorreu nas edi\u00e7\u00f5es anteriores, delineado um Plano de Valoriza\u00e7\u00e3o e Compensa\u00e7\u00e3o Ambiental capaz de integrar um conjunto de medidas das quais, a n\u00edvel permanente, destacamos as seguintes:<\/p>\n<p style=\"font-weight: 400; text-align: justify;\">&#8211; Ao n\u00edvel dos recursos h\u00eddricos, ser\u00e3o instaladas infraestruturas e realizadas a\u00e7\u00f5es que promovam a recupera\u00e7\u00e3o e prote\u00e7\u00e3o dunar em diversos tro\u00e7os do litoral concelhio.<\/p>\n<p style=\"font-weight: 400; text-align: justify;\">&#8211; Ser\u00e3o refor\u00e7adas as veda\u00e7\u00f5es na zona sul do passadi\u00e7o longitudinal da praia de Monte Gordo, com a finalidade de impedir o acesso ao sistema dunar.<\/p>\n<p style=\"font-weight: 400; text-align: justify;\">&#8211; Ser\u00e3o colocados pain\u00e9is com informa\u00e7\u00e3o sobre a proibi\u00e7\u00e3o do pisoteio das dunas e obrigatoriedade de circula\u00e7\u00e3o pelos passadi\u00e7os\/passadeiras.<\/p>\n<p style=\"font-weight: 400; text-align: justify;\">&#8211; Monitoriza\u00e7\u00e3o regular da presen\u00e7a de esp\u00e9cies invasoras. Durante o ano ser\u00e3o promovidas a\u00e7\u00f5es de remo\u00e7\u00e3o do Carpobrotus edulis (habitualmente conhecido por chor\u00e3o-das-praias) nas dunas da praia de Monte Gordo, no acesso \u00e0 praia de Santo Ant\u00f3nio e Mata Nacional das Dunas Litorais de Vila Real de Santo Ant\u00f3nio, em parceria com a comunidade escolar, Associa\u00e7\u00f5es, Juntas de Freguesia e popula\u00e7\u00e3o local.<\/p>\n<p style=\"font-weight: 400; text-align: justify;\">&#8211; Ser\u00e3o promovidas a\u00e7\u00f5es de planta\u00e7\u00e3o de vegeta\u00e7\u00e3o arb\u00f3rea e arbustiva, nas tr\u00eas freguesias do concelho de modo a minimizar e compensar as emiss\u00f5es de carbono geradas durante o evento.<\/p>\n<p style=\"font-weight: 400; text-align: justify;\">Durante o evento ser\u00e3o implementadas outras medidas de prote\u00e7\u00e3o ambiental por forma a prevenir eventuais impactos associados a esta iniciativa:<\/p>\n<p style=\"font-weight: 400; text-align: justify;\">&#8211; Ser\u00e1 efetuada a monitoriza\u00e7\u00e3o, atrav\u00e9s da an\u00e1lise dos par\u00e2metros microbiol\u00f3gicos e hidrocarbonetos arom\u00e1ticos polic\u00edclicos, em tr\u00eas momentos distintos: antes da movimenta\u00e7\u00e3o do areal para a cria\u00e7\u00e3o dos circuitos, ap\u00f3s a realiza\u00e7\u00e3o das provas e depois da regulariza\u00e7\u00e3o da areia, isto no que refere ao controlo da qualidade do areal e da \u00e1gua.<\/p>\n<p style=\"font-weight: 400; text-align: justify;\">&#8211; Ser\u00e3o colocadas veda\u00e7\u00f5es junto aos passadi\u00e7os, e redes zincadas ao longo da marginal de Monte Gordo de forma a evitar que os espetadores acedam \u00e0s dunas.<\/p>\n<p style=\"font-weight: 400; text-align: justify;\">&#8211; No fim de cada dia de prova ser\u00e1 efetuada a limpeza manual e mec\u00e2nica da areia, removendo-se todos os res\u00edduos deixados na zona de perman\u00eancia dos espetadores e na \u00e1rea das provas de motociclismo. As areias que se constate que ficam com res\u00edduos de hidrocarbonetos ser\u00e3o retiradas e depositadas em contentor.<\/p>\n<p style=\"font-weight: 400; text-align: justify;\">&#8211; A lavagem dos motociclos ser\u00e1 realizada sempre na Zona de Assist\u00eancia, localizada no parque de estacionamento da praia, sendo as \u00e1guas encaminhadas para um separador de hidrocarbonetos antes de serem descarregadas no coletor p\u00fablico.<\/p>\n<p style=\"font-weight: 400; text-align: justify;\">Estas s\u00e3o apenas algumas medidas a levar a cabo, a n\u00edvel ambiental, por parte da organiza\u00e7\u00e3o deste evento que de 28 a 30 de novembro e durante dois dias de competi\u00e7\u00e3o vai receber no areal da Praia de Monte Gordo alguns dos melhores pilotos mundiais e nacionais que ser\u00e3o desafiados em corridas repletas de emo\u00e7\u00f5es fortes.<\/p>\n<p style=\"font-weight: 400; text-align: justify;\">O Plano de Valoriza\u00e7\u00e3o e Compensa\u00e7\u00e3o Ambiental est\u00e1 dispon\u00edvel no site da C\u00e2mara Municipal de Vila Real de Santo Ant\u00f3nio em\u00a0<a href=\"https:\/\/cm-vrsa.pt\/\" data-saferedirecturl=\"https:\/\/www.google.com\/url?q=https:\/\/cm-vrsa.pt\/&amp;source=gmail&amp;ust=1764105269019000&amp;usg=AOvVaw3ISI1KKefu2EA3YySrg12w\">https:\/\/cm-vrsa.pt\/<\/a>\u00a0e no site da Monte Gordo Sand Race\u00a0<a href=\"https:\/\/montegordosandrace.pt\/\" data-saferedirecturl=\"https:\/\/www.google.com\/url?q=https:\/\/montegordosandrace.pt\/&amp;source=gmail&amp;ust=1764105269019000&amp;usg=AOvVaw3LrtYCnogL21a7n6J334Bl\">https:\/\/montegordosandrace.pt\/<\/a><\/p>\n<p style=\"font-weight: 400; text-align: justify;\">Toda a documenta\u00e7\u00e3o referente a esta prova est\u00e1 dispon\u00edvel na aplica\u00e7\u00e3o Sportity.<\/p>\n<p style=\"font-weight: 400; text-align: justify;\">Descarregue a app e aceda ao evento atrav\u00e9s da pass direta: MGSR25<\/p>\n<p style=\"font-weight: 400; text-align: justify;\">Mais informa\u00e7\u00f5es em\u00a0<a href=\"https:\/\/montegordosandrace.pt\/\" data-saferedirecturl=\"https:\/\/www.google.com\/url?q=https:\/\/montegordosandrace.pt&amp;source=gmail&amp;ust=1764105269019000&amp;usg=AOvVaw2SJZUt4GTx5HQO1zMcwPFj\">https:\/\/montegordosandrace.pt<\/a><\/p>\n","protected":false},"excerpt":{"rendered":"<p>Munic\u00edpio de Vila Real de Santo Ant\u00f3nio e a Algar, S.A. assinaram acordo A Monte Gordo Sand Race, quinta jornada do Campeonato do Mundo de Corridas em Areia,\u00a0 que disputar\u00e1 a sua terceira edi\u00e7\u00e3o dentro de poucos dias no areal da Praia de Monte Gordo, recebeu o selo de Ecoevento, na sequ\u00eancia de um acordo [&hellip;]<\/p>\n","protected":false},"author":2,"featured_media":23304,"comment_status":"open","ping_status":"open","sticky":false,"template":"","format":"standard","meta":{"_editorskit_title_hidden":false,"_editorskit_reading_time":0,"_editorskit_is_block_options_detached":false,"_editorskit_block_options_position":"{}","om_disable_all_campaigns":false,"_monsterinsights_skip_tracking":false,"_monsterinsights_sitenote_active":false,"_monsterinsights_sitenote_note":"","_monsterinsights_sitenote_category":0,"_uf_show_specific_survey":0,"_uf_disable_surveys":false,"site-sidebar-layout":"default","site-content-layout":"","ast-site-content-layout":"default","site-content-style":"default","site-sidebar-style":"default","ast-global-header-display":"","ast-banner-title-visibility":"","ast-main-header-display":"","ast-hfb-above-header-display":"","ast-hfb-below-header-display":"","ast-hfb-mobile-header-display":"","site-post-title":"","ast-breadcrumbs-content":"","ast-featured-img":"","footer-sml-layout":"","theme-transparent-header-meta":"default","adv-header-id-meta":"","stick-header-meta":"default","header-above-stick-meta":"","header-main-stick-meta":"","header-below-stick-meta":"","astra-migrate-meta-layouts":"set","ast-page-background-enabled":"default","ast-page-background-meta":{"desktop":{"background-color":"","background-image":"","background-repeat":"repeat","background-position":"center center","background-size":"auto","background-attachment":"scroll","background-type":"","background-media":"","overlay-type":"","overlay-color":"","overlay-opacity":"","overlay-gradient":""},"tablet":{"background-color":"","background-image":"","background-repeat":"repeat","background-position":"center center","background-size":"auto","background-attachment":"scroll","background-type":"","background-media":"","overlay-type":"","overlay-color":"","overlay-opacity":"","overlay-gradient":""},"mobile":{"background-color":"","background-image":"","background-repeat":"repeat","background-position":"center center","background-size":"auto","background-attachment":"scroll","background-type":"","background-media":"","overlay-type":"","overlay-color":"","overlay-opacity":"","overlay-gradient":""}},"ast-content-background-meta":{"desktop":{"background-color":"var(--ast-global-color-5)","background-image":"","background-repeat":"repeat","background-position":"center center","background-size":"auto","background-attachment":"scroll","background-type":"","background-media":"","overlay-type":"","overlay-color":"","overlay-opacity":"","overlay-gradient":""},"tablet":{"background-color":"var(--ast-global-color-5)","background-image":"","background-repeat":"repeat","background-position":"center center","background-size":"auto","background-attachment":"scroll","background-type":"","background-media":"","overlay-type":"","overlay-color":"","overlay-opacity":"","overlay-gradient":""},"mobile":{"background-color":"var(--ast-global-color-5)","background-image":"","background-repeat":"repeat","background-position":"center center","background-size":"auto","background-attachment":"scroll","background-type":"","background-media":"","overlay-type":"","overlay-color":"","overlay-opacity":"","overlay-gradient":""}},"footnotes":""},"categories":[11],"tags":[],"class_list":["post-23303","post","type-post","status-publish","format-standard","has-post-thumbnail","hentry","category-noticias"],"aioseo_notices":[],"_links":{"self":[{"href":"https:\/\/contarotacoes.com\/index.php?rest_route=\/wp\/v2\/posts\/23303","targetHints":{"allow":["GET"]}}],"collection":[{"href":"https:\/\/contarotacoes.com\/index.php?rest_route=\/wp\/v2\/posts"}],"about":[{"href":"https:\/\/contarotacoes.com\/index.php?rest_route=\/wp\/v2\/types\/post"}],"author":[{"embeddable":true,"href":"https:\/\/contarotacoes.com\/index.php?rest_route=\/wp\/v2\/users\/2"}],"replies":[{"embeddable":true,"href":"https:\/\/contarotacoes.com\/index.php?rest_route=%2Fwp%2Fv2%2Fcomments&post=23303"}],"version-history":[{"count":1,"href":"https:\/\/contarotacoes.com\/index.php?rest_route=\/wp\/v2\/posts\/23303\/revisions"}],"predecessor-version":[{"id":23305,"href":"https:\/\/contarotacoes.com\/index.php?rest_route=\/wp\/v2\/posts\/23303\/revisions\/23305"}],"wp:featuredmedia":[{"embeddable":true,"href":"https:\/\/contarotacoes.com\/index.php?rest_route=\/wp\/v2\/media\/23304"}],"wp:attachment":[{"href":"https:\/\/contarotacoes.com\/index.php?rest_route=%2Fwp%2Fv2%2Fmedia&parent=23303"}],"wp:term":[{"taxonomy":"category","embeddable":true,"href":"https:\/\/contarotacoes.com\/index.php?rest_route=%2Fwp%2Fv2%2Fcategories&post=23303"},{"taxonomy":"post_tag","embeddable":true,"href":"https:\/\/contarotacoes.com\/index.php?rest_route=%2Fwp%2Fv2%2Ftags&post=23303"}],"curies":[{"name":"wp","href":"https:\/\/api.w.org\/{rel}","templated":true}]}}