{"id":23290,"date":"2025-11-24T12:13:09","date_gmt":"2025-11-24T12:13:09","guid":{"rendered":"https:\/\/contarotacoes.com\/?p=23290"},"modified":"2025-11-24T12:13:09","modified_gmt":"2025-11-24T12:13:09","slug":"endurance-race-final-de-sonho-no-estoril-consagra-manuel-alves","status":"publish","type":"post","link":"https:\/\/contarotacoes.com\/?p=23290","title":{"rendered":"Endurance Race: final de sonho no Estoril consagra Manuel Alves"},"content":{"rendered":"<p style=\"text-align: justify;\"><strong>Seria dif\u00edcil imaginar um final mais emocionante para a edi\u00e7\u00e3o 2025 da Porsche Sprint Challenge Ib\u00e9rica, terceira temporada da competi\u00e7\u00e3o realizada sob chancela oficial da Porsche Motorsport e organizada pela P21 Motorsport. <\/strong><\/p>\n<p style=\"text-align: justify;\">A decis\u00e3o do t\u00edtulo da categoria rainha &#8211; a Categoria 2, dedicada aos Porsche 992 GT3 Cup &#8211; ficou reservada para a \u00faltima corrida do ano, uma Endurance Race de 50 minutos no Aut\u00f3dromo do Estoril, onde Manuel Alves e Dylan Pereira chegaram completamente empatados em pontos ap\u00f3s a aplica\u00e7\u00e3o da regra de descartes, num cen\u00e1rio direto e implac\u00e1vel: quem terminasse \u00e0 frente seria campe\u00e3o.<\/p>\n<p style=\"text-align: justify;\">Depois de cinco rondas em Portim\u00e3o, Monteblanco, Val\u00eancia, Navarra e Jerez, e j\u00e1 ap\u00f3s as duas corridas Sprint da \u201cCascais Porsche Sprint Challenge Ib\u00e9rica Grand Finale\u201d, o regulamento colocava os dois grandes protagonistas da temporada em igualdade absoluta para a corrida decisiva. O ambiente nas bancadas e paddock era de total expectativa, com milhares de propriet\u00e1rios Porsche reunidos naquele que foi um dos maiores encontros da marca em Portugal.<\/p>\n<p style=\"text-align: justify;\"><strong>Uma grelha explosiva para uma decis\u00e3o hist\u00f3rica<\/strong><\/p>\n<p style=\"text-align: justify;\">A grelha de partida refor\u00e7ava a promessa de uma corrida intensa. A GT Corse, atrav\u00e9s da dupla Alejandro Barambio Perea \/ Borja Garc\u00eda Men\u00e9ndez, colocou o Porsche n\u00ba 22 na pole-position, com a LMR Motorsport de Leandro Martins \/ Dieter Svepes ao seu lado na primeira linha.<\/p>\n<p style=\"text-align: justify;\">Na segunda fila surgia o primeiro dos candidatos ao t\u00edtulo, Manuel Alves, a correr a solo no Porsche n\u00ba 1 da LOB Motorsport. Muito mais atr\u00e1s, arrancavam Andr\u00e9 Fernandes \/ Dylan Pereira, no Porsche n\u00ba 17 da AF &amp; V Motorsport, com Fernandes encarregue do turno inicial.<\/p>\n<p style=\"text-align: justify;\">O objetivo da AF &amp; V Motorsport era evidente: Fernandes teria de recuperar o m\u00e1ximo poss\u00edvel antes da paragem obrigat\u00f3ria, deixando depois a Dylan Pereira a miss\u00e3o de tentar mais uma das suas recupera\u00e7\u00f5es caracter\u00edsticas em corridas longas.<\/p>\n<p style=\"text-align: justify;\"><strong>Arranque forte, primeiro Safety Car e corrida baralhada<\/strong><\/p>\n<p style=\"text-align: justify;\">A partida lan\u00e7ada permitiu a Alejandro Barambio Perea manter o comando durante os primeiros minutos, mas Manuel Alves mostrava j\u00e1 ritmo superior e acabaria por ultrapassar o espanhol, assumindo a lideran\u00e7a. Pouco depois, Leandro Martins tamb\u00e9m se intrometia na luta pela dianteira. Enquanto isso, Andr\u00e9 Fernandes avan\u00e7ava de forma cont\u00ednua atrav\u00e9s do pelot\u00e3o, aproximando-se dos lugares pontu\u00e1veis.<\/p>\n<p style=\"text-align: justify;\">A corrida sofreria ent\u00e3o o primeiro momento cr\u00edtico: um acidente violento com o Porsche da dupla Vasco Barros \/ Lu\u00eds Barros deixou detritos espalhados \u00e0 sa\u00edda da parab\u00f3lica interior, obrigando \u00e0 entrada do Safety Car. At\u00e9 esse momento, Alves liderava, seguido de perto por Leandro Martins, enquanto Barambio recuava algumas posi\u00e7\u00f5es. A neutraliza\u00e7\u00e3o anulou a vantagem de Manuel Alves e trouxe nova incerteza com o aparecimento de chuva ligeira em algumas zonas do circuito, com todos os pilotos ainda em pneus slick.<\/p>\n<p style=\"text-align: justify;\"><strong>Duelo Manuel\u2013Dylan atinge intensidade m\u00e1xima e segundo incidente marca a corrida<\/strong><\/p>\n<p style=\"text-align: justify;\">No recome\u00e7o, com a pista parcialmente h\u00famida, Leandro Martins destacou-se de forma not\u00e1vel ao assumir a frente da corrida. A abertura da janela de paragens obrigat\u00f3rias iniciou a fase estrat\u00e9gica, com trocas de piloto e gest\u00e3o cuidadosa do tempo de handicap.<\/p>\n<p style=\"text-align: justify;\">Ap\u00f3s as paragens, Dylan Pereira passou a tripular o Porsche n\u00ba 17 da AF &amp; V Motorsport, enquanto Borja Garc\u00eda assumiu o volante do n\u00ba 22 da GT Corse e Dieter Svepes herdou de Leandro Martins o LMR n\u00ba 4.<\/p>\n<p style=\"text-align: justify;\">Manuel Alves regressou rapidamente \u00e0 pista, focado exclusivamente na diferen\u00e7a para Dylan Pereira. O duelo entre ambos tomou ent\u00e3o propor\u00e7\u00f5es \u00e9picas, com Borja Garc\u00eda a junt\u00e1-los na luta direta. Pereira atacou com insist\u00eancia, tentando ultrapassagens por dentro e por fora, mas Alves respondeu sempre com defesa exemplar, curva ap\u00f3s curva, sustentando a posi\u00e7\u00e3o. Aproveitando esta batalha, Borja Garc\u00eda isolou-se na frente, chegando a quatro segundos de vantagem e ficando lan\u00e7ado para garantir mais uma vit\u00f3ria, pois Alves e Pereira estavam focados no seu duelo pelo t\u00edtulo.<\/p>\n<p style=\"text-align: justify;\">Por\u00e9m, um novo acidente, envolvendo desta vez o Porsche da dupla Lu\u00eds Rocha \/ Diogo Rocha, e curiosamente na mesma zona do incidente de Vasco Barros, obrigou a novo Safety Car. Embora aparatoso, o acidente n\u00e3o teve consequ\u00eancias f\u00edsicas para Diogo Rocha que estava em pista.<\/p>\n<p style=\"text-align: justify;\"><strong>GT Corse vence, Manuel Alves \u00e9 bicampe\u00e3o <\/strong><\/p>\n<p style=\"text-align: justify;\">Com grande parte da corrida j\u00e1 cumprida, foi dada bandeira vermelha, interrompendo a corrida e o pelot\u00e3o foi conduzido \u00e0 linha de boxes (Pit Lane) pelo Safety Car. Pouco depois, a dire\u00e7\u00e3o de prova decidiu dar a corrida por conclu\u00edda.<\/p>\n<p style=\"text-align: justify;\">A vit\u00f3ria ficou assim para a GT Corse atrav\u00e9s da dupla Alejandro Barambio Perea \/ Borja Garc\u00eda Men\u00e9ndez, que conquistou o segundo triunfo do fim de semana ap\u00f3s a vit\u00f3ria individual de Garc\u00eda na Sprint Race 2. Em segundo terminou Manuel Alves, imediatamente \u00e0 frente da dupla Andr\u00e9 Fernandes \/ Dylan Pereira, que completou o p\u00f3dio.<\/p>\n<p style=\"text-align: justify;\">Ao terminar diretamente \u00e0 frente do seu rival, Manuel Alves tornou-se bicampe\u00e3o da PSCI, renovando o t\u00edtulo conquistado na \u00e9poca anterior. Andr\u00e9 Fernandes, por sua vez, celebrou o t\u00edtulo da Classe AM gra\u00e7as ao terceiro lugar absoluto, premiando uma \u00e9poca de grande consist\u00eancia.<\/p>\n<p style=\"text-align: justify;\"><strong>Categoria 1 totalmente dominada pela Monteiros Competi\u00e7\u00f5es<\/strong><\/p>\n<p style=\"text-align: justify;\">Na Categoria 1, dedicada aos Porsche 991 GT3 Cup, a Monteiros Competi\u00e7\u00f5es monopolizou o p\u00f3dio. A vit\u00f3ria da corrida coube a Nuno Inoc\u00eancio, que realizou uma exibi\u00e7\u00e3o s\u00f3lida e sem falhas.<\/p>\n<p style=\"text-align: justify;\">A dupla Chloe Grant \/ Alexia Danielsson assegurou um excelente segundo lugar ap\u00f3s um desempenho consistente ao longo de todo o fim de semana. O terceiro posto foi conquistado pela dupla Rui Miritta \/ Francisco Moura, com Moura a regressar ao p\u00f3dio na s\u00e9rie onde j\u00e1 tinha sido campe\u00e3o na sua primeira edi\u00e7\u00e3o, selando um p\u00f3dio totalmente dominado pela estrutura portuguesa.<\/p>\n<p style=\"text-align: justify;\">Na Ladies Cup, a vit\u00f3ria na Endurance foi conquistada por Francisca Queiroz, que terminou dentro do top 6 absoluto e voltou a demonstrar um ritmo competitivo de grande qualidade com o Porsche n\u00ba 35 da LOB Motorsport. Chloe Grant e Alexia Danielsson completaram o top 3, enquanto a dupla Mar\u00eda S\u00e1nchez Iglesias \/ Laura Camps garantiu o \u00faltimo lugar do p\u00f3dio feminino.<\/p>\n<p style=\"text-align: justify;\">Nas Classes, a l\u00f3gica imperou: Alejandro Barambio Perea \/ Borja Garc\u00eda venceram naturalmente a Classe PRO-AM, Andr\u00e9 Fernandes confirmou tamb\u00e9m a vit\u00f3ria na Classe AM com o resultado obtido, e Nuno Inoc\u00eancio voltou a vencer na Classe GD, reafirmando o seu dom\u00ednio neste grupo ao longo da temporada.<\/p>\n<p style=\"text-align: justify;\">A temporada 2025 fecha com um balan\u00e7o extremamente positivo: doze nacionalidades representadas em pista, pilotos oriundos de quatro continentes e um n\u00edvel competitivo em crescimento claro. Em apenas tr\u00eas anos, a Porsche Sprint Challenge Ib\u00e9rica consolidou-se como uma das s\u00e9ries de GT de refer\u00eancia na Pen\u00ednsula Ib\u00e9rica e na Europa. Com a P21 Motorsport ao lado da Porsche, esta edi\u00e7\u00e3o de 2025 confirmou a evolu\u00e7\u00e3o cont\u00ednua do campeonato, entregando uma Grand Finale intensa, emotiva e com um desfecho digno do melhor gui\u00e3o poss\u00edvel.<\/p>\n","protected":false},"excerpt":{"rendered":"<p>Seria dif\u00edcil imaginar um final mais emocionante para a edi\u00e7\u00e3o 2025 da Porsche Sprint Challenge Ib\u00e9rica, terceira temporada da competi\u00e7\u00e3o realizada sob chancela oficial da Porsche Motorsport e organizada pela P21 Motorsport. A decis\u00e3o do t\u00edtulo da categoria rainha &#8211; a Categoria 2, dedicada aos Porsche 992 GT3 Cup &#8211; ficou reservada para a \u00faltima [&hellip;]<\/p>\n","protected":false},"author":2,"featured_media":23291,"comment_status":"open","ping_status":"open","sticky":false,"template":"","format":"standard","meta":{"_editorskit_title_hidden":false,"_editorskit_reading_time":0,"_editorskit_is_block_options_detached":false,"_editorskit_block_options_position":"{}","om_disable_all_campaigns":false,"_monsterinsights_skip_tracking":false,"_monsterinsights_sitenote_active":false,"_monsterinsights_sitenote_note":"","_monsterinsights_sitenote_category":0,"_uf_show_specific_survey":0,"_uf_disable_surveys":false,"site-sidebar-layout":"default","site-content-layout":"","ast-site-content-layout":"default","site-content-style":"default","site-sidebar-style":"default","ast-global-header-display":"","ast-banner-title-visibility":"","ast-main-header-display":"","ast-hfb-above-header-display":"","ast-hfb-below-header-display":"","ast-hfb-mobile-header-display":"","site-post-title":"","ast-breadcrumbs-content":"","ast-featured-img":"","footer-sml-layout":"","theme-transparent-header-meta":"default","adv-header-id-meta":"","stick-header-meta":"default","header-above-stick-meta":"","header-main-stick-meta":"","header-below-stick-meta":"","astra-migrate-meta-layouts":"set","ast-page-background-enabled":"default","ast-page-background-meta":{"desktop":{"background-color":"","background-image":"","background-repeat":"repeat","background-position":"center center","background-size":"auto","background-attachment":"scroll","background-type":"","background-media":"","overlay-type":"","overlay-color":"","overlay-opacity":"","overlay-gradient":""},"tablet":{"background-color":"","background-image":"","background-repeat":"repeat","background-position":"center center","background-size":"auto","background-attachment":"scroll","background-type":"","background-media":"","overlay-type":"","overlay-color":"","overlay-opacity":"","overlay-gradient":""},"mobile":{"background-color":"","background-image":"","background-repeat":"repeat","background-position":"center center","background-size":"auto","background-attachment":"scroll","background-type":"","background-media":"","overlay-type":"","overlay-color":"","overlay-opacity":"","overlay-gradient":""}},"ast-content-background-meta":{"desktop":{"background-color":"var(--ast-global-color-5)","background-image":"","background-repeat":"repeat","background-position":"center center","background-size":"auto","background-attachment":"scroll","background-type":"","background-media":"","overlay-type":"","overlay-color":"","overlay-opacity":"","overlay-gradient":""},"tablet":{"background-color":"var(--ast-global-color-5)","background-image":"","background-repeat":"repeat","background-position":"center center","background-size":"auto","background-attachment":"scroll","background-type":"","background-media":"","overlay-type":"","overlay-color":"","overlay-opacity":"","overlay-gradient":""},"mobile":{"background-color":"var(--ast-global-color-5)","background-image":"","background-repeat":"repeat","background-position":"center center","background-size":"auto","background-attachment":"scroll","background-type":"","background-media":"","overlay-type":"","overlay-color":"","overlay-opacity":"","overlay-gradient":""}},"footnotes":""},"categories":[11],"tags":[],"class_list":["post-23290","post","type-post","status-publish","format-standard","has-post-thumbnail","hentry","category-noticias"],"aioseo_notices":[],"_links":{"self":[{"href":"https:\/\/contarotacoes.com\/index.php?rest_route=\/wp\/v2\/posts\/23290","targetHints":{"allow":["GET"]}}],"collection":[{"href":"https:\/\/contarotacoes.com\/index.php?rest_route=\/wp\/v2\/posts"}],"about":[{"href":"https:\/\/contarotacoes.com\/index.php?rest_route=\/wp\/v2\/types\/post"}],"author":[{"embeddable":true,"href":"https:\/\/contarotacoes.com\/index.php?rest_route=\/wp\/v2\/users\/2"}],"replies":[{"embeddable":true,"href":"https:\/\/contarotacoes.com\/index.php?rest_route=%2Fwp%2Fv2%2Fcomments&post=23290"}],"version-history":[{"count":1,"href":"https:\/\/contarotacoes.com\/index.php?rest_route=\/wp\/v2\/posts\/23290\/revisions"}],"predecessor-version":[{"id":23292,"href":"https:\/\/contarotacoes.com\/index.php?rest_route=\/wp\/v2\/posts\/23290\/revisions\/23292"}],"wp:featuredmedia":[{"embeddable":true,"href":"https:\/\/contarotacoes.com\/index.php?rest_route=\/wp\/v2\/media\/23291"}],"wp:attachment":[{"href":"https:\/\/contarotacoes.com\/index.php?rest_route=%2Fwp%2Fv2%2Fmedia&parent=23290"}],"wp:term":[{"taxonomy":"category","embeddable":true,"href":"https:\/\/contarotacoes.com\/index.php?rest_route=%2Fwp%2Fv2%2Fcategories&post=23290"},{"taxonomy":"post_tag","embeddable":true,"href":"https:\/\/contarotacoes.com\/index.php?rest_route=%2Fwp%2Fv2%2Ftags&post=23290"}],"curies":[{"name":"wp","href":"https:\/\/api.w.org\/{rel}","templated":true}]}}