{"id":22723,"date":"2025-11-06T13:50:09","date_gmt":"2025-11-06T13:50:09","guid":{"rendered":"https:\/\/contarotacoes.com\/?p=22723"},"modified":"2025-11-06T13:50:09","modified_gmt":"2025-11-06T13:50:09","slug":"filipe-nogueira-fecha-temporada-no-top-10-da-peugeot-rallye-cup-portugal","status":"publish","type":"post","link":"https:\/\/contarotacoes.com\/?p=22723","title":{"rendered":"Filipe Nogueira fecha temporada no Top 10 da Peugeot Rallye Cup Portugal"},"content":{"rendered":"<p style=\"text-align: justify;\"><strong>Piloto de Bai\u00e3o conclui \u00e9poca de 2025 com balan\u00e7o \u201cextremamente positivo\u201d ap\u00f3s participar pela primeira vez em todas as provas da competitiva competi\u00e7\u00e3o monomarca.<\/strong><\/p>\n<p style=\"text-align: justify;\">\n<p style=\"text-align: justify;\">O Rali de Lisboa marcou o encerramento da \u00e9poca 2025 para Filipe Nogueira, piloto de Bai\u00e3o que este ano assumiu o desafio de disputar pela primeira vez todas as provas da Peugeot Rallye Cup Portugal, competi\u00e7\u00e3o monomarca organizada pela Peugeot Portugal e Espanha com os competitivos 208 Rally4.<\/p>\n<p style=\"text-align: justify;\">O balan\u00e7o final n\u00e3o podia ser mais positivo: 10.\u00ba lugar na classifica\u00e7\u00e3o geral, num pelot\u00e3o com 24 pilotos pontuantes, e a sensa\u00e7\u00e3o de dever cumprido num projeto que aliou competi\u00e7\u00e3o, aprendizagem e responsabilidade social.<\/p>\n<p style=\"text-align: justify;\"><strong>\u201cSabia que esta temporada seria um enorme desafio\u201d<\/strong>, reconhece Filipe Nogueira. <strong>\u201cEra a minha primeira \u00e9poca completa com o 208 Rally4, um carro exigente e com muitos pilotos experientes ao volante. Entrei sem criar grandes expectativas em termos de resultados. No final, o sentimento \u00e9 de orgulho: fizemos o que prometemos e estivemos sempre \u00e0 altura.\u201d<\/strong><\/p>\n<p style=\"text-align: justify;\">O piloto sublinha que esta temporada foi \u201cum projeto montado de raiz\u201d, com limita\u00e7\u00f5es or\u00e7amentais e uma prepara\u00e7\u00e3o concentrada em poucos dias antes da primeira prova. <strong>\u201cComecei a \u00e9poca praticamente com uma folha em branco, mas com uma equipa motivada e parceiros que acreditaram em n\u00f3s. Cumprimos tudo o que nos propusemos fazer e particip\u00e1mos nos melhores eventos do calend\u00e1rio nacional.\u201d<\/strong><\/p>\n<p style=\"text-align: justify;\"><strong>Cinco provas, cinco hist\u00f3rias<\/strong><\/p>\n<p style=\"text-align: justify;\">A aventura come\u00e7ou no Rali do Algarve, onde o projeto foi confirmado apenas na v\u00e9spera da prova. <strong>\u201cFizemos um pequeno teste em terra no fim de semana anterior e, mesmo com t\u00e3o pouco tempo de prepara\u00e7\u00e3o, conseguimos um resultado positivo\u201d<\/strong>, recorda Nogueira.<\/p>\n<p style=\"text-align: justify;\">Seguiu-se o Rali Terras D\u2019Aboboreira, \u201ca prova de casa\u201d, onde as condi\u00e7\u00f5es meteorol\u00f3gicas voltaram a ser um fator determinante. <strong>\u201cH\u00e1 tr\u00eas ou quatro anos que n\u00e3o fazemos um Aboboreira sem chuva. Foi um rali com lama, muito dif\u00edcil, onde pass\u00e1mos praticamente at\u00e9 s\u00e1bado \u00e0 hora de almo\u00e7o a tentar encontrar um \u2018set-up\u2019 adequado para o carro. Mas, estar a correr em casa tem sempre um sabor especial.\u201d<\/strong><\/p>\n<p style=\"text-align: justify;\">Com o fim das provas em terra (as preferidas do piloto) come\u00e7ou a fase de asfalto, com o Rali Vinho da Madeira, uma das grandes cl\u00e1ssicas do calend\u00e1rio. <strong>\u201cFoi uma experi\u00eancia fant\u00e1stica. T\u00ednhamos preparado bem a prova e fizemos um teste importante, mas um suporte solto logo na primeira especial de s\u00e1bado obrigou-nos a parar e fez-nos perder cerca de 10 minutos. Depois a organiza\u00e7\u00e3o cancelou tr\u00eas especiais, o que foi lament\u00e1vel, pois impediu-nos de completar a totalidade dos quil\u00f3metros planeados. Mesmo assim, a adapta\u00e7\u00e3o ao asfalto evoluiu muito.\u201d<\/strong><\/p>\n<p style=\"text-align: justify;\">Em Chaves\/Ver\u00edn, essa evolu\u00e7\u00e3o ficou evidente: <strong>\u201cFoi um rali onde conseguimos mostrar o nosso ritmo e regist\u00e1mos tempos muito interessantes, terminando com uma sensa\u00e7\u00e3o muito positiva.\u201d<\/strong><\/p>\n<p style=\"text-align: justify;\">A \u00e9poca terminou no Rali de Lisboa, disputado em condi\u00e7\u00f5es particularmente dif\u00edceis. <strong>\u201cOs pisos estavam extremamente trai\u00e7oeiros e a meteorologia n\u00e3o ajudou, mas mantivemos a regularidade e conseguimos fechar a temporada com um 5.\u00ba lugar, que acabou por compensar as dificuldades enfrentadas.\u201d<\/strong><\/p>\n<p style=\"text-align: justify;\"><strong>Aprendizagem, resili\u00eancia e reconhecimento<\/strong><\/p>\n<p style=\"text-align: justify;\">O balan\u00e7o final \u00e9 claramente positivo. <strong>\u201cEste foi um ano de enorme aprendizagem. Estar entre os dez primeiros da Peugeot Rallye Cup Portugal, com um carro novo, contra advers\u00e1rios de grande experi\u00eancia e equipas bem estruturadas, \u00e9 algo que nos deixa orgulhosos. Mais do que o resultado, importa a evolu\u00e7\u00e3o e a capacidade de cumprir o projeto do in\u00edcio ao fim.\u201d<\/strong><\/p>\n<p style=\"text-align: justify;\">O piloto destaca tamb\u00e9m a import\u00e2ncia do apoio t\u00e9cnico e humano: <strong>\u201cTivemos sempre um carro irrepreens\u00edvel preparado pela Fernando Costa Motorsport, com o empenho do Bruno Cunha e do Carlos Carneiro. E n\u00e3o posso deixar de agradecer ao Pedro Figueira, que aceitou o desafio de sair da Madeira para disputar pela primeira vez provas no Continente e logo no Campeonato de Portugal de Ralis. Foi um parceiro incans\u00e1vel.\u201d<\/strong><\/p>\n<p style=\"text-align: justify;\"><strong>Um projeto com dimens\u00e3o social<\/strong><\/p>\n<p style=\"text-align: justify;\">Para al\u00e9m da vertente desportiva, Filipe Nogueira continua a associar a sua presen\u00e7a nos ralis ao projeto de Preven\u00e7\u00e3o Rodovi\u00e1ria desenvolvido no Munic\u00edpio de Bai\u00e3o, que este ano foi tamb\u00e9m levado a Amarante.<\/p>\n<p style=\"text-align: justify;\"><strong>\u201cMais uma vez conseguimos acrescentar valor e inova\u00e7\u00e3o, usando o desporto motorizado como ve\u00edculo para transmitir mensagens de seguran\u00e7a rodovi\u00e1ria e responsabilidade ao volante. \u00c9 algo que nos orgulha muito e que queremos continuar a fazer crescer.\u201d<\/strong><\/p>\n<p style=\"text-align: justify;\">Filipe Nogueira faz quest\u00e3o de agradecer a todos os parceiros que tornaram a \u00e9poca poss\u00edvel: Go Shop, Visit Bai\u00e3o, Kamoka, PHC Serralharia, WTL, Fielnorte, Glassdrive, Yellow MotorLobos, Proteu, Solg\u00e1s, Marantauto, Freguesia de Teixeira e Teixeir\u00f3, CEIB Inform\u00e1tica, Petrofregim, Tasca do Jo\u00e3o, Pestana Autom\u00f3veis, CSP, RN Design, Protoitures, Mondim Conta e Fernando Costa Motorsport.<\/p>\n<p style=\"text-align: justify;\"><strong>\u201cA todos os que acreditaram, colaboraram e ajudaram a concretizar este projeto, o meu profundo obrigado. Com pouco fizemos muito, e isso \u00e9 motivo de grande orgulho.\u201d<\/strong><\/p>\n<p style=\"text-align: justify;\">Num registo mais pessoal, o piloto dedicou ainda a temporada ao pai, falecido em agosto: <strong>\u201cFoi ele quem me transmitiu, desde crian\u00e7a, a paix\u00e3o pelos carros de rali, nas encostas da Serra da Aboboreira. Esta \u00e9poca \u00e9, acima de tudo, uma homenagem \u00e0 sua mem\u00f3ria.\u201d<\/strong><\/p>\n<p style=\"text-align: justify;\">Filipe Nogueira admite que gostaria de dar continuidade ao trabalho realizado: <strong>\u201cSeria extremamente positivo poder fazer uma segunda \u00e9poca com o 208 Rally4, agora com a experi\u00eancia acumulada. Sinto que temos margem para evoluir e para continuar a representar com dignidade Bai\u00e3o, os nossos parceiros e todos os que nos acompanham.\u201d<\/strong><\/p>\n","protected":false},"excerpt":{"rendered":"<p>Piloto de Bai\u00e3o conclui \u00e9poca de 2025 com balan\u00e7o \u201cextremamente positivo\u201d ap\u00f3s participar pela primeira vez em todas as provas da competitiva competi\u00e7\u00e3o monomarca. O Rali de Lisboa marcou o encerramento da \u00e9poca 2025 para Filipe Nogueira, piloto de Bai\u00e3o que este ano assumiu o desafio de disputar pela primeira vez todas as provas da [&hellip;]<\/p>\n","protected":false},"author":2,"featured_media":22724,"comment_status":"open","ping_status":"open","sticky":false,"template":"","format":"standard","meta":{"_editorskit_title_hidden":false,"_editorskit_reading_time":0,"_editorskit_is_block_options_detached":false,"_editorskit_block_options_position":"{}","om_disable_all_campaigns":false,"_monsterinsights_skip_tracking":false,"_monsterinsights_sitenote_active":false,"_monsterinsights_sitenote_note":"","_monsterinsights_sitenote_category":0,"_uf_show_specific_survey":0,"_uf_disable_surveys":false,"site-sidebar-layout":"default","site-content-layout":"","ast-site-content-layout":"default","site-content-style":"default","site-sidebar-style":"default","ast-global-header-display":"","ast-banner-title-visibility":"","ast-main-header-display":"","ast-hfb-above-header-display":"","ast-hfb-below-header-display":"","ast-hfb-mobile-header-display":"","site-post-title":"","ast-breadcrumbs-content":"","ast-featured-img":"","footer-sml-layout":"","theme-transparent-header-meta":"default","adv-header-id-meta":"","stick-header-meta":"default","header-above-stick-meta":"","header-main-stick-meta":"","header-below-stick-meta":"","astra-migrate-meta-layouts":"set","ast-page-background-enabled":"default","ast-page-background-meta":{"desktop":{"background-color":"","background-image":"","background-repeat":"repeat","background-position":"center center","background-size":"auto","background-attachment":"scroll","background-type":"","background-media":"","overlay-type":"","overlay-color":"","overlay-opacity":"","overlay-gradient":""},"tablet":{"background-color":"","background-image":"","background-repeat":"repeat","background-position":"center center","background-size":"auto","background-attachment":"scroll","background-type":"","background-media":"","overlay-type":"","overlay-color":"","overlay-opacity":"","overlay-gradient":""},"mobile":{"background-color":"","background-image":"","background-repeat":"repeat","background-position":"center center","background-size":"auto","background-attachment":"scroll","background-type":"","background-media":"","overlay-type":"","overlay-color":"","overlay-opacity":"","overlay-gradient":""}},"ast-content-background-meta":{"desktop":{"background-color":"var(--ast-global-color-5)","background-image":"","background-repeat":"repeat","background-position":"center center","background-size":"auto","background-attachment":"scroll","background-type":"","background-media":"","overlay-type":"","overlay-color":"","overlay-opacity":"","overlay-gradient":""},"tablet":{"background-color":"var(--ast-global-color-5)","background-image":"","background-repeat":"repeat","background-position":"center center","background-size":"auto","background-attachment":"scroll","background-type":"","background-media":"","overlay-type":"","overlay-color":"","overlay-opacity":"","overlay-gradient":""},"mobile":{"background-color":"var(--ast-global-color-5)","background-image":"","background-repeat":"repeat","background-position":"center center","background-size":"auto","background-attachment":"scroll","background-type":"","background-media":"","overlay-type":"","overlay-color":"","overlay-opacity":"","overlay-gradient":""}},"footnotes":""},"categories":[11],"tags":[],"class_list":["post-22723","post","type-post","status-publish","format-standard","has-post-thumbnail","hentry","category-noticias"],"aioseo_notices":[],"_links":{"self":[{"href":"https:\/\/contarotacoes.com\/index.php?rest_route=\/wp\/v2\/posts\/22723","targetHints":{"allow":["GET"]}}],"collection":[{"href":"https:\/\/contarotacoes.com\/index.php?rest_route=\/wp\/v2\/posts"}],"about":[{"href":"https:\/\/contarotacoes.com\/index.php?rest_route=\/wp\/v2\/types\/post"}],"author":[{"embeddable":true,"href":"https:\/\/contarotacoes.com\/index.php?rest_route=\/wp\/v2\/users\/2"}],"replies":[{"embeddable":true,"href":"https:\/\/contarotacoes.com\/index.php?rest_route=%2Fwp%2Fv2%2Fcomments&post=22723"}],"version-history":[{"count":1,"href":"https:\/\/contarotacoes.com\/index.php?rest_route=\/wp\/v2\/posts\/22723\/revisions"}],"predecessor-version":[{"id":22725,"href":"https:\/\/contarotacoes.com\/index.php?rest_route=\/wp\/v2\/posts\/22723\/revisions\/22725"}],"wp:featuredmedia":[{"embeddable":true,"href":"https:\/\/contarotacoes.com\/index.php?rest_route=\/wp\/v2\/media\/22724"}],"wp:attachment":[{"href":"https:\/\/contarotacoes.com\/index.php?rest_route=%2Fwp%2Fv2%2Fmedia&parent=22723"}],"wp:term":[{"taxonomy":"category","embeddable":true,"href":"https:\/\/contarotacoes.com\/index.php?rest_route=%2Fwp%2Fv2%2Fcategories&post=22723"},{"taxonomy":"post_tag","embeddable":true,"href":"https:\/\/contarotacoes.com\/index.php?rest_route=%2Fwp%2Fv2%2Ftags&post=22723"}],"curies":[{"name":"wp","href":"https:\/\/api.w.org\/{rel}","templated":true}]}}