{"id":21317,"date":"2025-10-03T04:59:59","date_gmt":"2025-10-03T04:59:59","guid":{"rendered":"https:\/\/contarotacoes.com\/?p=21317"},"modified":"2025-10-03T04:59:59","modified_gmt":"2025-10-03T04:59:59","slug":"as-lendas-da-f1-reunem-se-no-autoclassico-porto","status":"publish","type":"post","link":"https:\/\/contarotacoes.com\/?p=21317","title":{"rendered":"As lendas da F1 re\u00fanem-se no autoCl\u00e1ssico Porto"},"content":{"rendered":"<p style=\"text-align: justify;\"><strong>\u2013 Riccardo Patrese e Emerson Fittipaldi v\u00e3o reunir-se este s\u00e1bado na Exponor.<\/strong><\/p>\n<p style=\"text-align: justify;\"><strong>\u2013 O sal\u00e3o de cl\u00e1ssicos por excel\u00eancia acrescenta \u00e0 sua extensa oferta a celebra\u00e7\u00e3o do Exclusive Top Cars e do MotorXperience, dois espa\u00e7os tem\u00e1ticos integrados no autoCl\u00e1ssico.<\/strong><\/p>\n<p style=\"text-align: justify;\">O autoCl\u00e1ssico Porto 2025, o maior sal\u00e3o de ve\u00edculos cl\u00e1ssicos da Pen\u00ednsula Ib\u00e9rica, regressa \u00e0 EXPONOR (Matosinhos) de 3 a 5 de outubro para celebrar a sua XXII edi\u00e7\u00e3o.<\/p>\n<p style=\"text-align: justify;\">Com mais de 70.000 m\u00b2 de exposi\u00e7\u00e3o e a participa\u00e7\u00e3o de milhares de entusiastas e expositores de toda a Europa, o evento j\u00e1 se encontra em fase de montagem e a organiza\u00e7\u00e3o prev\u00ea uma das edi\u00e7\u00f5es com maior aflu\u00eancia da sua hist\u00f3ria.<\/p>\n<p style=\"text-align: justify;\"><strong>Emerson Fittipaldi junta-se a Riccardo Patrese, o convidado especial desta edi\u00e7\u00e3o<\/strong><\/p>\n<p style=\"text-align: justify;\">Um dos destaques desta edi\u00e7\u00e3o de 2025 ser\u00e1 a comemora\u00e7\u00e3o do 75.\u00ba anivers\u00e1rio da F\u00f3rmula 1.<\/p>\n<p style=\"text-align: justify;\">Riccardo Patrese ser\u00e1 o convidado de honra deste ano e, durante todo o fim de semana, ir\u00e1 deliciar com a sua presen\u00e7a no evento os milhares de f\u00e3s do mundo do automobilismo que se reunir\u00e3o l\u00e1. Gra\u00e7as \u00e0 colabora\u00e7\u00e3o da Br\u00e1s &amp; Filho , o piloto italiano estar\u00e1 na EXPONOR nos dias 4 e 5 de outubro para participar em entrevistas ao vivo, sess\u00f5es de aut\u00f3grafos, encontros com f\u00e3s e assistir \u00e0 cerim\u00f3nia do Concurso de Eleg\u00e2ncia.<\/p>\n<p style=\"text-align: justify;\">Mas um dos momentos mais especiais da sua visita ser\u00e1, sem d\u00favida, durante o s\u00e1bado, pois o ic\u00f3nico piloto Emerson Fittipaldi se juntar\u00e1 ao italiano no dia 4 para participar em sess\u00f5es de aut\u00f3grafos e encontros com f\u00e3s, numa experi\u00eancia inesquec\u00edvel para todos os participantes do autoCl\u00e1ssico Porto.<\/p>\n<p style=\"text-align: justify;\"><strong>Homenagem aos cl\u00e1ssicos de sempre<\/strong><\/p>\n<p style=\"text-align: justify;\">Fiel \u00e0 sua ess\u00eancia, o autoCl\u00e1ssico exibir\u00e1 centenas de carros cl\u00e1ssicos agrupados em diferentes exposi\u00e7\u00f5es tem\u00e1ticas, destacando-se entre elas a comemora\u00e7\u00e3o de diferentes anivers\u00e1rios, como os 70 anos do Citro\u00ebn DS, os 75 anos do Volkswagen T2 e da marca SEAT, ou o 70\u00ba anivers\u00e1rio do FIAT 600, do Volkswagen Karmann-Ghia e o meio s\u00e9culo do Volkswagen Polo.<\/p>\n<p style=\"text-align: justify;\">Como de costume, os participantes tamb\u00e9m poder\u00e3o adquirir todo tipo de produtos e servi\u00e7os relacionados com o setor: desde acess\u00f3rios e pe\u00e7as de reposi\u00e7\u00e3o at\u00e9 todo tipo de artigos de cole\u00e7\u00e3o, antiguidades, etc.<\/p>\n<p style=\"text-align: justify;\"><strong>Exclusive Top Cars: um espa\u00e7o de luxo para sonhar<\/strong><\/p>\n<p style=\"text-align: justify;\">Ap\u00f3s o sucesso da \u00faltima edi\u00e7\u00e3o, o espa\u00e7o premium dedicado \u00e0 Exclusive Top Cars voltar\u00e1 a reunir as marcas mais prestigiadas do setor: Ferrari, Aston Martin, Porsche, Bentley, Mercedes-AMG, Maserati, entre outras, convidar\u00e3o os participantes a sonhar com as suas propostas mais exclusivas.<\/p>\n<p style=\"text-align: justify;\">A presen\u00e7a da Cirrus Aircraft, Indian Motorcycle, Harley-Davidson e, pela primeira vez, do fabricante de lanchas de alta gama Supra Boats, abre este espa\u00e7o a outro tipo de propostas, todas orientadas para os clientes mais exigentes.<\/p>\n<p style=\"text-align: justify;\"><strong>MotorXperience: adrenalina real e virtual<\/strong><\/p>\n<p style=\"text-align: justify;\">Mas as atra\u00e7\u00f5es do autoCl\u00e1ssico Porto n\u00e3o param por a\u00ed. A grande novidade desta edi\u00e7\u00e3o ser\u00e1 o MotorXperience, um espa\u00e7o de 12.000 m\u00b2 que renova o hist\u00f3rico MotorShow com um formato revolucion\u00e1rio que combina o virtual e o real e um ambiente de paddock.<\/p>\n<p style=\"text-align: justify;\">Campeonato de habilidades, exibi\u00e7\u00f5es ao vivo, experi\u00eancias de condu\u00e7\u00e3o, simuladores de \u00faltima gera\u00e7\u00e3o e Sim Racing de alto n\u00edvel.<\/p>\n<p style=\"text-align: justify;\">O MotorXperience recriar\u00e1 um aut\u00eantico paddock de competi\u00e7\u00e3o indoor, com carros, motos, cami\u00f5es de assist\u00eancia, demonstra\u00e7\u00f5es din\u00e2micas e a presen\u00e7a das principais equipas e pilotos do automobilismo nacional.<\/p>\n<p style=\"text-align: justify;\">Al\u00e9m disso, os visitantes deste grande espa\u00e7o poder\u00e3o apreciar uma exposi\u00e7\u00e3o com mais de 100 motos de competi\u00e7\u00e3o, com pe\u00e7as ic\u00f3nicas de Laia Sanz, Joaquim Rodrigues, Rita Vieira, Diogo Vieira e homenagens especiais a Alex Laranjeira e, a t\u00edtulo p\u00f3stumo, a Paulo Gon\u00e7alves.<\/p>\n<p style=\"text-align: justify;\"><strong>Exposi\u00e7\u00e3o de cl\u00e1ssicos dos visitantes<\/strong><\/p>\n<p style=\"text-align: justify;\">Para os f\u00e3s que participam do evento, uma das experi\u00eancias mais especiais do autoCl\u00e1ssico \u00e9 a possibilidade de comparecer ao evento em seu pr\u00f3prio ve\u00edculo cl\u00e1ssico e exibi-lo aos demais entusiastas em uma \u00e1rea exclusiva para carros e motos com mais de 30 anos de idade.<\/p>\n<p style=\"text-align: justify;\">A procura por esta \u00e1rea \u00e9 t\u00e3o alta que a organiza\u00e7\u00e3o ampliou os espa\u00e7os dispon\u00edveis para ela nesta edi\u00e7\u00e3o, de modo que praticamente nenhum f\u00e3 fique sem lugar para exibir o seu ve\u00edculo.<\/p>\n<p style=\"text-align: justify;\">Em suma, os f\u00e3s do mundo motorizado t\u00eam um compromisso imperd\u00edvel de 3 a 5 de outubro na Exponor (Matosinhos). Na sexta-feira, o evento abre as portas das 15h \u00e0s 20h, enquanto no s\u00e1bado e domingo o hor\u00e1rio ser\u00e1 das 10h \u00e0s 20h.<\/p>\n<p style=\"text-align: justify;\">O bilhetes para o evento, que variam entre 10 e 15 euros, dependendo da op\u00e7\u00e3o escolhida, j\u00e1 podem ser adquiridos\u00a0<a href=\"https:\/\/entradas.eventosmotor.com\/pt\/events\/autoclassico-porto-2025\">aqui,<\/a>\u00a0permitindo o acesso a todos os tr\u00eas espa\u00e7os: autoCl\u00e1ssico, Exclusive Top Cars e MotorXperience.<\/p>\n","protected":false},"excerpt":{"rendered":"<p>\u2013 Riccardo Patrese e Emerson Fittipaldi v\u00e3o reunir-se este s\u00e1bado na Exponor. \u2013 O sal\u00e3o de cl\u00e1ssicos por excel\u00eancia acrescenta \u00e0 sua extensa oferta a celebra\u00e7\u00e3o do Exclusive Top Cars e do MotorXperience, dois espa\u00e7os tem\u00e1ticos integrados no autoCl\u00e1ssico. O autoCl\u00e1ssico Porto 2025, o maior sal\u00e3o de ve\u00edculos cl\u00e1ssicos da Pen\u00ednsula Ib\u00e9rica, regressa \u00e0 EXPONOR [&hellip;]<\/p>\n","protected":false},"author":2,"featured_media":21318,"comment_status":"open","ping_status":"open","sticky":false,"template":"","format":"standard","meta":{"_editorskit_title_hidden":false,"_editorskit_reading_time":0,"_editorskit_is_block_options_detached":false,"_editorskit_block_options_position":"{}","om_disable_all_campaigns":false,"_monsterinsights_skip_tracking":false,"_monsterinsights_sitenote_active":false,"_monsterinsights_sitenote_note":"","_monsterinsights_sitenote_category":0,"_uf_show_specific_survey":0,"_uf_disable_surveys":false,"site-sidebar-layout":"default","site-content-layout":"","ast-site-content-layout":"default","site-content-style":"default","site-sidebar-style":"default","ast-global-header-display":"","ast-banner-title-visibility":"","ast-main-header-display":"","ast-hfb-above-header-display":"","ast-hfb-below-header-display":"","ast-hfb-mobile-header-display":"","site-post-title":"","ast-breadcrumbs-content":"","ast-featured-img":"","footer-sml-layout":"","theme-transparent-header-meta":"default","adv-header-id-meta":"","stick-header-meta":"default","header-above-stick-meta":"","header-main-stick-meta":"","header-below-stick-meta":"","astra-migrate-meta-layouts":"set","ast-page-background-enabled":"default","ast-page-background-meta":{"desktop":{"background-color":"","background-image":"","background-repeat":"repeat","background-position":"center center","background-size":"auto","background-attachment":"scroll","background-type":"","background-media":"","overlay-type":"","overlay-color":"","overlay-opacity":"","overlay-gradient":""},"tablet":{"background-color":"","background-image":"","background-repeat":"repeat","background-position":"center center","background-size":"auto","background-attachment":"scroll","background-type":"","background-media":"","overlay-type":"","overlay-color":"","overlay-opacity":"","overlay-gradient":""},"mobile":{"background-color":"","background-image":"","background-repeat":"repeat","background-position":"center center","background-size":"auto","background-attachment":"scroll","background-type":"","background-media":"","overlay-type":"","overlay-color":"","overlay-opacity":"","overlay-gradient":""}},"ast-content-background-meta":{"desktop":{"background-color":"var(--ast-global-color-5)","background-image":"","background-repeat":"repeat","background-position":"center center","background-size":"auto","background-attachment":"scroll","background-type":"","background-media":"","overlay-type":"","overlay-color":"","overlay-opacity":"","overlay-gradient":""},"tablet":{"background-color":"var(--ast-global-color-5)","background-image":"","background-repeat":"repeat","background-position":"center center","background-size":"auto","background-attachment":"scroll","background-type":"","background-media":"","overlay-type":"","overlay-color":"","overlay-opacity":"","overlay-gradient":""},"mobile":{"background-color":"var(--ast-global-color-5)","background-image":"","background-repeat":"repeat","background-position":"center center","background-size":"auto","background-attachment":"scroll","background-type":"","background-media":"","overlay-type":"","overlay-color":"","overlay-opacity":"","overlay-gradient":""}},"footnotes":""},"categories":[11],"tags":[],"class_list":["post-21317","post","type-post","status-publish","format-standard","has-post-thumbnail","hentry","category-noticias"],"aioseo_notices":[],"_links":{"self":[{"href":"https:\/\/contarotacoes.com\/index.php?rest_route=\/wp\/v2\/posts\/21317","targetHints":{"allow":["GET"]}}],"collection":[{"href":"https:\/\/contarotacoes.com\/index.php?rest_route=\/wp\/v2\/posts"}],"about":[{"href":"https:\/\/contarotacoes.com\/index.php?rest_route=\/wp\/v2\/types\/post"}],"author":[{"embeddable":true,"href":"https:\/\/contarotacoes.com\/index.php?rest_route=\/wp\/v2\/users\/2"}],"replies":[{"embeddable":true,"href":"https:\/\/contarotacoes.com\/index.php?rest_route=%2Fwp%2Fv2%2Fcomments&post=21317"}],"version-history":[{"count":1,"href":"https:\/\/contarotacoes.com\/index.php?rest_route=\/wp\/v2\/posts\/21317\/revisions"}],"predecessor-version":[{"id":21319,"href":"https:\/\/contarotacoes.com\/index.php?rest_route=\/wp\/v2\/posts\/21317\/revisions\/21319"}],"wp:featuredmedia":[{"embeddable":true,"href":"https:\/\/contarotacoes.com\/index.php?rest_route=\/wp\/v2\/media\/21318"}],"wp:attachment":[{"href":"https:\/\/contarotacoes.com\/index.php?rest_route=%2Fwp%2Fv2%2Fmedia&parent=21317"}],"wp:term":[{"taxonomy":"category","embeddable":true,"href":"https:\/\/contarotacoes.com\/index.php?rest_route=%2Fwp%2Fv2%2Fcategories&post=21317"},{"taxonomy":"post_tag","embeddable":true,"href":"https:\/\/contarotacoes.com\/index.php?rest_route=%2Fwp%2Fv2%2Ftags&post=21317"}],"curies":[{"name":"wp","href":"https:\/\/api.w.org\/{rel}","templated":true}]}}