{"id":20600,"date":"2025-09-16T08:57:34","date_gmt":"2025-09-16T08:57:34","guid":{"rendered":"https:\/\/contarotacoes.com\/?p=20600"},"modified":"2025-09-16T08:57:34","modified_gmt":"2025-09-16T08:57:34","slug":"luis-nunes-conquista-titulo-na-sua-rampa-preferida-em-boticas","status":"publish","type":"post","link":"https:\/\/contarotacoes.com\/?p=20600","title":{"rendered":"Lu\u00eds Nunes conquista t\u00edtulo na sua rampa preferida, em Boticas"},"content":{"rendered":"<p style=\"font-weight: 400; text-align: justify;\"><em><strong>\u00bb Sete em sete! Lu\u00eds Nunescontinua a escrever hist\u00f3ria no Campeonato de Portugal de Montanha JC Group,com a conquista do s\u00e9timo t\u00edtulo consecutivo.<\/strong><\/em><\/p>\n<p style=\"font-weight: 400; text-align: justify;\"><em><strong>\u00bb Ao volante do Skoda FabiaR5, preparado pela ARC Sport, o piloto de Carrazedo de Montenegro somou as\u00e9tima vit\u00f3ria consecutiva da \u00e9poca, em sete provas.<\/strong><\/em><\/p>\n<p style=\"font-weight: 400; text-align: justify;\"><em><strong>\u00bb Em Boticas, a \u201csua\u201d rampa,Nunes celebrou o s\u00e9timo t\u00edtulo consecutivo, num momento hist\u00f3rico para amodalidade, partilhado com a fam\u00edlia e amigos.<\/strong><\/em><\/p>\n<p style=\"font-weight: 400; text-align: justify;\">Lu\u00eds Nunes voltou a ser a grande figura do Campeonato de Portugal de Montanha JC Group, ao vencer a Rampa de Boticas, na categoria Super Challenge, s\u00e9tima prova da temporada 2025. Com este triunfo, o piloto de Carrazedo de Montenegro n\u00e3o s\u00f3 manteve a invencibilidade, como tamb\u00e9m confirmou, de forma categ\u00f3rica, a conquista do seu s\u00e9timo t\u00edtulo consecutivo na Montanha.<\/p>\n<p style=\"font-weight: 400; text-align: justify;\">A prova transmontana, que o pr\u00f3prio considera como a \u201csua rampa preferida\u201d, foi o palco perfeito para a consagra\u00e7\u00e3o de uma \u00e9poca irrepreens\u00edvel. Ao volante do Skoda Fabia R5 preparado pela ARC Sport, Nunes voltou a demonstrar velocidade, consist\u00eancia e maturidade competitiva, somando a s\u00e9tima vit\u00f3ria consecutiva em sete poss\u00edveis.<\/p>\n<p style=\"font-weight: 400; text-align: justify;\">Diante de muito p\u00fablico, num ambiente de festa e emo\u00e7\u00e3o, o piloto n\u00e3o escondeu a felicidade por alcan\u00e7ar mais um marco hist\u00f3rico da sua carreira:<\/p>\n<p style=\"font-weight: 400; text-align: justify;\"><em><strong>\u201cMais um saboroso t\u00edtulo conquistado. Para mim, as vit\u00f3rias s\u00e3o sempre como se fossem as primeiras. Sempre foi a minha postura desde o in\u00edcio. Todas as vit\u00f3rias, todos os t\u00edtulos exigiram esfor\u00e7o, dedica\u00e7\u00e3o e muito trabalho e, como tal, t\u00eam um sabor sempre especial.<\/strong><\/em><\/p>\n<p style=\"font-weight: 400; text-align: justify;\"><em><strong>\u00c9 mais uma \u00e9poca muito bem conseguida, onde atingi todos os objetivos a que me propus. Venci todas as provas at\u00e9 agora, portanto, s\u00e3o sete vit\u00f3rias. Garantir mais um t\u00edtulo, o s\u00e9timo consecutivo na Montanha, \u00e9 um marco hist\u00f3rico. S\u00f3 posso estar satisfeito e feliz por mais uma \u00e9poca t\u00e3o bem conseguida, com o apoio da fam\u00edlia, dos amigos e da equipa. Todos juntos somos muito fortes.\u201d<\/strong><\/em><\/p>\n<p style=\"font-weight: 400; text-align: justify;\">Festejar em Boticas teve ainda um significado especial para Nunes:<\/p>\n<p style=\"font-weight: 400; text-align: justify;\"><em><strong>\u201cPoder celebrar aqui, na minha rampa preferida, aquela que considero a \u201cminha\u201d\u00a0rampa, \u00e9 fant\u00e1stico. Correr em Boticas, perante tanto p\u00fablico, com tanta gente conhecida e muitos amigos, d\u00e1-me sempre uma motiva\u00e7\u00e3o extra. Terminar o campeonato desta forma, com esta vit\u00f3ria e com este t\u00edtulo, na presen\u00e7a de todos eles, foi simplesmente perfeito.\u201d<\/strong><\/em><\/p>\n<p style=\"font-weight: 400; text-align: justify;\">Com o campeonato decidido, Lu\u00edsNunes deixa agora em aberto a participa\u00e7\u00e3o na pr\u00f3xima prova. Em paralelo, o piloto j\u00e1 come\u00e7a a pensar no futuro:<\/p>\n<p style=\"font-weight: 400; text-align: justify;\"><em><strong>\u201cAgora vamos fazer contas para ver se iremos a Set\u00fabal. Depois disso, vamos ponderar o que fazer na pr\u00f3xima \u00e9poca. Para j\u00e1, s\u00f3 posso agradecer por esta \u00e9poca fant\u00e1stica e por tudo o que conseguimos juntos.\u201d<\/strong><\/em><\/p>\n<p style=\"text-align: justify;\">Com esta conquista, Lu\u00eds Nunes refor\u00e7a o estatuto de refer\u00eancia da Montanha em Portugal, alcan\u00e7ando o s\u00e9timo t\u00edtulo consecutivo, numa carreira marcada por sucesso, dedica\u00e7\u00e3o e ambi\u00e7\u00e3o.<\/p>\n","protected":false},"excerpt":{"rendered":"<p>\u00bb Sete em sete! Lu\u00eds Nunescontinua a escrever hist\u00f3ria no Campeonato de Portugal de Montanha JC Group,com a conquista do s\u00e9timo t\u00edtulo consecutivo. \u00bb Ao volante do Skoda FabiaR5, preparado pela ARC Sport, o piloto de Carrazedo de Montenegro somou as\u00e9tima vit\u00f3ria consecutiva da \u00e9poca, em sete provas. \u00bb Em Boticas, a \u201csua\u201d rampa,Nunes celebrou [&hellip;]<\/p>\n","protected":false},"author":2,"featured_media":20601,"comment_status":"open","ping_status":"open","sticky":false,"template":"","format":"standard","meta":{"_editorskit_title_hidden":false,"_editorskit_reading_time":0,"_editorskit_is_block_options_detached":false,"_editorskit_block_options_position":"{}","om_disable_all_campaigns":false,"_monsterinsights_skip_tracking":false,"_monsterinsights_sitenote_active":false,"_monsterinsights_sitenote_note":"","_monsterinsights_sitenote_category":0,"_uf_show_specific_survey":0,"_uf_disable_surveys":false,"site-sidebar-layout":"default","site-content-layout":"","ast-site-content-layout":"default","site-content-style":"default","site-sidebar-style":"default","ast-global-header-display":"","ast-banner-title-visibility":"","ast-main-header-display":"","ast-hfb-above-header-display":"","ast-hfb-below-header-display":"","ast-hfb-mobile-header-display":"","site-post-title":"","ast-breadcrumbs-content":"","ast-featured-img":"","footer-sml-layout":"","theme-transparent-header-meta":"default","adv-header-id-meta":"","stick-header-meta":"default","header-above-stick-meta":"","header-main-stick-meta":"","header-below-stick-meta":"","astra-migrate-meta-layouts":"set","ast-page-background-enabled":"default","ast-page-background-meta":{"desktop":{"background-color":"","background-image":"","background-repeat":"repeat","background-position":"center center","background-size":"auto","background-attachment":"scroll","background-type":"","background-media":"","overlay-type":"","overlay-color":"","overlay-opacity":"","overlay-gradient":""},"tablet":{"background-color":"","background-image":"","background-repeat":"repeat","background-position":"center center","background-size":"auto","background-attachment":"scroll","background-type":"","background-media":"","overlay-type":"","overlay-color":"","overlay-opacity":"","overlay-gradient":""},"mobile":{"background-color":"","background-image":"","background-repeat":"repeat","background-position":"center center","background-size":"auto","background-attachment":"scroll","background-type":"","background-media":"","overlay-type":"","overlay-color":"","overlay-opacity":"","overlay-gradient":""}},"ast-content-background-meta":{"desktop":{"background-color":"var(--ast-global-color-5)","background-image":"","background-repeat":"repeat","background-position":"center center","background-size":"auto","background-attachment":"scroll","background-type":"","background-media":"","overlay-type":"","overlay-color":"","overlay-opacity":"","overlay-gradient":""},"tablet":{"background-color":"var(--ast-global-color-5)","background-image":"","background-repeat":"repeat","background-position":"center center","background-size":"auto","background-attachment":"scroll","background-type":"","background-media":"","overlay-type":"","overlay-color":"","overlay-opacity":"","overlay-gradient":""},"mobile":{"background-color":"var(--ast-global-color-5)","background-image":"","background-repeat":"repeat","background-position":"center center","background-size":"auto","background-attachment":"scroll","background-type":"","background-media":"","overlay-type":"","overlay-color":"","overlay-opacity":"","overlay-gradient":""}},"footnotes":""},"categories":[11],"tags":[],"class_list":["post-20600","post","type-post","status-publish","format-standard","has-post-thumbnail","hentry","category-noticias"],"aioseo_notices":[],"_links":{"self":[{"href":"https:\/\/contarotacoes.com\/index.php?rest_route=\/wp\/v2\/posts\/20600","targetHints":{"allow":["GET"]}}],"collection":[{"href":"https:\/\/contarotacoes.com\/index.php?rest_route=\/wp\/v2\/posts"}],"about":[{"href":"https:\/\/contarotacoes.com\/index.php?rest_route=\/wp\/v2\/types\/post"}],"author":[{"embeddable":true,"href":"https:\/\/contarotacoes.com\/index.php?rest_route=\/wp\/v2\/users\/2"}],"replies":[{"embeddable":true,"href":"https:\/\/contarotacoes.com\/index.php?rest_route=%2Fwp%2Fv2%2Fcomments&post=20600"}],"version-history":[{"count":1,"href":"https:\/\/contarotacoes.com\/index.php?rest_route=\/wp\/v2\/posts\/20600\/revisions"}],"predecessor-version":[{"id":20602,"href":"https:\/\/contarotacoes.com\/index.php?rest_route=\/wp\/v2\/posts\/20600\/revisions\/20602"}],"wp:featuredmedia":[{"embeddable":true,"href":"https:\/\/contarotacoes.com\/index.php?rest_route=\/wp\/v2\/media\/20601"}],"wp:attachment":[{"href":"https:\/\/contarotacoes.com\/index.php?rest_route=%2Fwp%2Fv2%2Fmedia&parent=20600"}],"wp:term":[{"taxonomy":"category","embeddable":true,"href":"https:\/\/contarotacoes.com\/index.php?rest_route=%2Fwp%2Fv2%2Fcategories&post=20600"},{"taxonomy":"post_tag","embeddable":true,"href":"https:\/\/contarotacoes.com\/index.php?rest_route=%2Fwp%2Fv2%2Ftags&post=20600"}],"curies":[{"name":"wp","href":"https:\/\/api.w.org\/{rel}","templated":true}]}}