{"id":20576,"date":"2025-09-15T17:46:19","date_gmt":"2025-09-15T17:46:19","guid":{"rendered":"https:\/\/contarotacoes.com\/?p=20576"},"modified":"2025-09-15T17:46:19","modified_gmt":"2025-09-15T17:46:19","slug":"selecao-nacional-rumo-ao-trial-das-nacoes","status":"publish","type":"post","link":"https:\/\/contarotacoes.com\/?p=20576","title":{"rendered":"Sele\u00e7\u00e3o Nacional rumo ao Trial das Na\u00e7\u00f5es"},"content":{"rendered":"<p style=\"font-weight: 400; text-align: justify;\"><strong>\u00c9 j\u00e1 no pr\u00f3ximo fim de semana de 20 e 21 de setembro que ter\u00e1 lugar em Tolmezzo, It\u00e1lia, mais uma edi\u00e7\u00e3o do Trial das Na\u00e7\u00f5es, com Portugal a marcar novamente presen\u00e7a.<\/strong><\/p>\n<p style=\"font-weight: 400; text-align: justify;\">O Trial das Na\u00e7\u00f5es 2025 realiza-se j\u00e1 no pr\u00f3ximo fim de semana de 20 e 21 de setembro, com Tolmezzo, no nordeste de It\u00e1lia, a pouca dist\u00e2ncia da fronteira com a \u00c1ustria, a ser o palco escolhido para a edi\u00e7\u00e3o deste ano.<br \/>\nComo habitualmente, Portugal vai marcar presen\u00e7a atrav\u00e9s da FMP e com duas equipas nacionais, onde \u00e9 not\u00f3ria a aposta da Comiss\u00e3o de Trial da FMP em \u2018sangue novo\u2019, em jovens com potencial, sem press\u00f5es e apostando na evolu\u00e7\u00e3o dos pilotos e da modalidade.<\/p>\n<p style=\"font-weight: 400; text-align: justify;\">Assim, o trio concorrente ao Trof\u00e9u Internacional \u00e9 composto por Paulo \u2018Ballas Jr.\u2019 Gon\u00e7alves, que assume o papel de capit\u00e3o de equipa, acompanhado pelos jovens Jo\u00e3o Silva e Filipe S\u00e1, que se estrear\u00e3o nesta classe. Pelo segundo ano, as cores nacionais estar\u00e3o tamb\u00e9m representadas no \u2018Challenge des Nations\u2019, com a nossa recordista de participa\u00e7\u00f5es no TdN, Rita Vieira, acompanhada pelo jovem estreante Martim Garcia.<\/p>\n<p style=\"font-weight: 400; text-align: justify;\">O Challenge des Nations, recorde-se, \u00e9 uma competi\u00e7\u00e3o inserida no TdN, criada h\u00e1 tr\u00eas anos e reservada a equipas mistas \u2013 sendo que o piloto masculino n\u00e3o pode ter mais de 18 anos de idade e moto com cilindrada at\u00e9 125 cc; estas restri\u00e7\u00f5es de idade e de cilindrada da moto n\u00e3o se aplicam \u00e0 piloto feminina.<br \/>\nDesejamos a melhor das sortes \u00e0s sele\u00e7\u00f5es\u00a0nacionais. Viva o Trial!<\/p>\n","protected":false},"excerpt":{"rendered":"<p>\u00c9 j\u00e1 no pr\u00f3ximo fim de semana de 20 e 21 de setembro que ter\u00e1 lugar em Tolmezzo, It\u00e1lia, mais uma edi\u00e7\u00e3o do Trial das Na\u00e7\u00f5es, com Portugal a marcar novamente presen\u00e7a. O Trial das Na\u00e7\u00f5es 2025 realiza-se j\u00e1 no pr\u00f3ximo fim de semana de 20 e 21 de setembro, com Tolmezzo, no nordeste de [&hellip;]<\/p>\n","protected":false},"author":2,"featured_media":20577,"comment_status":"open","ping_status":"open","sticky":false,"template":"","format":"standard","meta":{"_editorskit_title_hidden":false,"_editorskit_reading_time":0,"_editorskit_is_block_options_detached":false,"_editorskit_block_options_position":"{}","om_disable_all_campaigns":false,"_monsterinsights_skip_tracking":false,"_monsterinsights_sitenote_active":false,"_monsterinsights_sitenote_note":"","_monsterinsights_sitenote_category":0,"_uf_show_specific_survey":0,"_uf_disable_surveys":false,"site-sidebar-layout":"default","site-content-layout":"","ast-site-content-layout":"default","site-content-style":"default","site-sidebar-style":"default","ast-global-header-display":"","ast-banner-title-visibility":"","ast-main-header-display":"","ast-hfb-above-header-display":"","ast-hfb-below-header-display":"","ast-hfb-mobile-header-display":"","site-post-title":"","ast-breadcrumbs-content":"","ast-featured-img":"","footer-sml-layout":"","theme-transparent-header-meta":"default","adv-header-id-meta":"","stick-header-meta":"default","header-above-stick-meta":"","header-main-stick-meta":"","header-below-stick-meta":"","astra-migrate-meta-layouts":"set","ast-page-background-enabled":"default","ast-page-background-meta":{"desktop":{"background-color":"","background-image":"","background-repeat":"repeat","background-position":"center center","background-size":"auto","background-attachment":"scroll","background-type":"","background-media":"","overlay-type":"","overlay-color":"","overlay-opacity":"","overlay-gradient":""},"tablet":{"background-color":"","background-image":"","background-repeat":"repeat","background-position":"center center","background-size":"auto","background-attachment":"scroll","background-type":"","background-media":"","overlay-type":"","overlay-color":"","overlay-opacity":"","overlay-gradient":""},"mobile":{"background-color":"","background-image":"","background-repeat":"repeat","background-position":"center center","background-size":"auto","background-attachment":"scroll","background-type":"","background-media":"","overlay-type":"","overlay-color":"","overlay-opacity":"","overlay-gradient":""}},"ast-content-background-meta":{"desktop":{"background-color":"var(--ast-global-color-5)","background-image":"","background-repeat":"repeat","background-position":"center center","background-size":"auto","background-attachment":"scroll","background-type":"","background-media":"","overlay-type":"","overlay-color":"","overlay-opacity":"","overlay-gradient":""},"tablet":{"background-color":"var(--ast-global-color-5)","background-image":"","background-repeat":"repeat","background-position":"center center","background-size":"auto","background-attachment":"scroll","background-type":"","background-media":"","overlay-type":"","overlay-color":"","overlay-opacity":"","overlay-gradient":""},"mobile":{"background-color":"var(--ast-global-color-5)","background-image":"","background-repeat":"repeat","background-position":"center center","background-size":"auto","background-attachment":"scroll","background-type":"","background-media":"","overlay-type":"","overlay-color":"","overlay-opacity":"","overlay-gradient":""}},"footnotes":""},"categories":[11],"tags":[],"class_list":["post-20576","post","type-post","status-publish","format-standard","has-post-thumbnail","hentry","category-noticias"],"aioseo_notices":[],"_links":{"self":[{"href":"https:\/\/contarotacoes.com\/index.php?rest_route=\/wp\/v2\/posts\/20576","targetHints":{"allow":["GET"]}}],"collection":[{"href":"https:\/\/contarotacoes.com\/index.php?rest_route=\/wp\/v2\/posts"}],"about":[{"href":"https:\/\/contarotacoes.com\/index.php?rest_route=\/wp\/v2\/types\/post"}],"author":[{"embeddable":true,"href":"https:\/\/contarotacoes.com\/index.php?rest_route=\/wp\/v2\/users\/2"}],"replies":[{"embeddable":true,"href":"https:\/\/contarotacoes.com\/index.php?rest_route=%2Fwp%2Fv2%2Fcomments&post=20576"}],"version-history":[{"count":1,"href":"https:\/\/contarotacoes.com\/index.php?rest_route=\/wp\/v2\/posts\/20576\/revisions"}],"predecessor-version":[{"id":20578,"href":"https:\/\/contarotacoes.com\/index.php?rest_route=\/wp\/v2\/posts\/20576\/revisions\/20578"}],"wp:featuredmedia":[{"embeddable":true,"href":"https:\/\/contarotacoes.com\/index.php?rest_route=\/wp\/v2\/media\/20577"}],"wp:attachment":[{"href":"https:\/\/contarotacoes.com\/index.php?rest_route=%2Fwp%2Fv2%2Fmedia&parent=20576"}],"wp:term":[{"taxonomy":"category","embeddable":true,"href":"https:\/\/contarotacoes.com\/index.php?rest_route=%2Fwp%2Fv2%2Fcategories&post=20576"},{"taxonomy":"post_tag","embeddable":true,"href":"https:\/\/contarotacoes.com\/index.php?rest_route=%2Fwp%2Fv2%2Ftags&post=20576"}],"curies":[{"name":"wp","href":"https:\/\/api.w.org\/{rel}","templated":true}]}}