{"id":20543,"date":"2025-09-15T08:58:30","date_gmt":"2025-09-15T08:58:30","guid":{"rendered":"https:\/\/contarotacoes.com\/?p=20543"},"modified":"2025-09-15T09:00:02","modified_gmt":"2025-09-15T09:00:02","slug":"taylor-barnard-estrela-em-ascensao-na-formula-e-junta-se-a-ds-penske-ao-lado-de-maximilian-gunther","status":"publish","type":"post","link":"https:\/\/contarotacoes.com\/?p=20543","title":{"rendered":"TAYLOR BARNARD, ESTRELA EM ASCENS\u00c3O NA F\u00d3RMULA E, JUNTA-SE \u00c0 DS PENSKE AO LADO DE MAXIMILIAN G\u00dcNTHER"},"content":{"rendered":"<ul>\n<li class=\"m_3209351235392810399Townanddate\" style=\"text-align: justify;\"><a style=\"font-size: 16px;\" name=\"m_3209351235392810399__Hlk120868871\"><\/a><b style=\"font-style: inherit;\">Ap\u00f3s uma temporada de estreia na F\u00f3rmula E recheada de recordes, Taylor Barnard junta-se \u00e0 DS Automobiles e \u00e0 PENSKE AUTOSPORT.<\/b><b><u><\/u>\u00a0<u><\/u><\/b><\/li>\n<li class=\"m_3209351235392810399Townanddate\" style=\"text-align: justify;\"><b>Com apenas 21 anos, a jovem estrela brit\u00e2nica ir\u00e1 conduzir pela equipa franco-americana ao lado de Maximilian G\u00fcnther.<\/b><b style=\"font-style: inherit;\">\u00a0<\/b><\/li>\n<li class=\"m_3209351235392810399Townanddate\" style=\"text-align: justify;\"><b>A DS Automobiles agradece a Jean-\u00c9ric Vergne pelo seu enorme contributo para o historial excecional de conquistas da marca na F\u00f3rmula E.<\/b><\/li>\n<\/ul>\n<p class=\"m_3209351235392810399Townanddate\" style=\"text-align: justify;\">Taylor Barnard \u2013 o mais jovem piloto da hist\u00f3ria da F\u00f3rmula E a participar num E-Prix (M\u00f3naco 2024, terminando-o em 14.\u00ba), a marcar pontos (Berlim 2024, terminando as duas corridas no 10.\u00ba e 8.\u00ba lugares), a conquistar um p\u00f3dio (foi 3.\u00ba em S\u00e3o Paulo 2025), para al\u00e9m de conquistar uma pole position (foi o 2.\u00ba mais r\u00e1pido em Jeddah 2025) \u2013 ir\u00e1 juntar-se \u00e0 DS PENSKE como companheiro de equipa de Maximilian G\u00fcnther.<u><\/u><u><\/u><u><\/u>\u00a0<u><\/u><\/p>\n<p class=\"m_3209351235392810399Townanddate\" style=\"text-align: justify;\">Tendo conquistado cinco p\u00f3dios e duas pole positions, numa carreira onde at\u00e9 agora soma apenas 19 corridas (tr\u00eas na Temporada 10 e 16 na Temporada 11), o prod\u00edgio do Campeonato do Mundo FIA de F\u00f3rmula E ir\u00e1 iniciar a Temporada 12 ao volante do DS E-TENSE FE25 desenvolvido pela DS Performance.<u><\/u><u><\/u><\/p>\n<p class=\"m_3209351235392810399Townanddate\" style=\"text-align: justify;\">Piloto assertivo e capaz de realizar magn\u00edficas manobras de ultrapassagem, o mais jovem da grelha \u2013 tem apenas 21 anos \u2013 ter\u00e1 \u00e0 sua disposi\u00e7\u00e3o um carro ultracompetitivo e ter\u00e1 a miss\u00e3o de destacar a tecnologia el\u00e9trica da DS Automobiles nos circuitos de F\u00f3rmula E, em todo o mundo.<u><\/u><u><\/u><u><\/u>\u00a0<u><\/u><\/p>\n<p class=\"m_3209351235392810399Townanddate\" style=\"text-align: justify;\">Com uma equipa composta por Taylor Barnard e Maximilian G\u00fcnther, piloto que conquistou duas vit\u00f3rias e duas pole positions na Temporada 11 da F\u00f3rmula E, a DS Automobiles pretende refor\u00e7ar o seu brilhante historial na disciplina com mais vit\u00f3rias e em busca por mais t\u00edtulos mundiais.<u><\/u><u><\/u><u><\/u>\u00a0<u><\/u><\/p>\n<p class=\"m_3209351235392810399Townanddate\" style=\"text-align: justify;\">Ap\u00f3s tr\u00eas temporadas no centro da equipa franco-americana e alguns excelentes resultados alcan\u00e7ados entre 2022 e 2025 (oito p\u00f3dios, uma vit\u00f3ria e tr\u00eas pole positions), Jean-\u00c9ric Vergne, o \u00fanico Bicampe\u00e3o da F\u00f3rmula E, e a DS PENSKE decidiram seguir caminhos diferentes. A decis\u00e3o encerra uma magn\u00edfica hist\u00f3ria desportiva e humana entre JEV e a DS Automobiles, que ajudou a elevar a marca em todo o mundo. Ao longo de oito temporadas, os incr\u00edveis resultados partilhados inclu\u00edram dois t\u00edtulos de Equipas, um t\u00edtulo de Pilotos, seis vit\u00f3rias, 25 p\u00f3dios e 11 pole positions.<u><\/u><u><\/u><u><\/u>\u00a0<u><\/u><\/p>\n<p class=\"m_3209351235392810399Townanddate\" style=\"text-align: justify;\">Os testes oficiais, antes do arranque da Temporada 12, realizar-se-\u00e3o em Val\u00eancia, Espanha, de 27 a 31 de outubro, antecedendo a primeira corrida de uma nova \u00e9poca que ter\u00e1 in\u00edcio em S\u00e3o Paulo (Brasil) no dia 6 de dezembro.<u><\/u><u><\/u><u><\/u>\u00a0<u><\/u><\/p>\n<p class=\"m_3209351235392810399Townanddate\" style=\"text-align: justify;\"><b>Eugenio Franzetti, Diretor da DS Performance:<u><\/u><u><\/u><\/b><\/p>\n<p class=\"m_3209351235392810399Townanddate\" style=\"text-align: justify;\"><i>\u201cEstamos muito felizes por receber o jovem prod\u00edgio da F\u00f3rmula E na nossa equipa. A sua juventude, talento e motiva\u00e7\u00e3o ser\u00e3o qualidades essenciais para ajud\u00e1-lo a conquistar alguns p\u00f3dios e a integrar-se entre os l\u00edderes desta nova temporada que est\u00e1 prestes a come\u00e7ar. Tenho a certeza de que ele formar\u00e1 uma \u00f3tima equipa com o Max e ser\u00e1 capaz de tirar o m\u00e1ximo proveito do nosso DS E-TENSE FE25. Ao mesmo tempo, quero agradecer ao \u00fanico Bicampe\u00e3o da F\u00f3rmula E, com quem foi um prazer absoluto trabalhar ao longo de oito temporadas. O conhecimento e o empenho do Jean-\u00c9ric contribu\u00edram, enormemente, para tudo o que alcan\u00e7\u00e1mos como marca. Esta colabora\u00e7\u00e3o incrivelmente produtiva entre o JEV e a DS Automobiles ter\u00e1, certamente, escrito um cap\u00edtulo importante na hist\u00f3ria da F\u00f3rmula E.\u201d<u><\/u><u><\/u><\/i><b><u><\/u>\u00a0<u><\/u><\/b><\/p>\n<p class=\"m_3209351235392810399Townanddate\" style=\"text-align: justify;\"><b>Taylor Barnard:<u><\/u><u><\/u><\/b><\/p>\n<p class=\"m_3209351235392810399Townanddate\" style=\"text-align: justify;\"><i>\u201cEstou muito feliz por me juntar \u00e0 DS PENSKE para a Temporada 12. A equipa tem uma s\u00f3lida experi\u00eancia na F\u00f3rmula E, pelo que mal posso esperar para trabalhar ao lado do Max para partirmos para a conquista dos melhores resultados. A F\u00f3rmula E \u00e9 uma competi\u00e7\u00e3o \u00fanica e sinto-me pronto para continuar nesta trajet\u00f3ria que iniciei e lutar nos lugares da frente.\u201d<u><\/u><u><\/u><\/i><i><u><\/u>\u00a0<u><\/u><\/i><\/p>\n<p class=\"m_3209351235392810399Townanddate\" style=\"text-align: justify;\"><b>Maximilian G\u00fcnther:<u><\/u><u><\/u><\/b><\/p>\n<p class=\"m_3209351235392810399Townanddate\" style=\"text-align: justify;\"><i>\u201cEstou entusiasmado por come\u00e7ar a minha segunda temporada como piloto da DS PENSKE. Houve muitos pontos altos na nossa primeira temporada juntos, que foi caracterizada pela qualidade e por desempenhos fortes. Agora, estou muito ansioso por desenvolver essa base na nossa segunda temporada. Ter o Taylor como meu novo colega de equipa \u00e9 fant\u00e1stico; \u00e9 um piloto brilhante e uma excelente adi\u00e7\u00e3o \u00e0 nossa equipa. H\u00e1 um esp\u00edrito incr\u00edvel em toda a equipa e mal posso esperar para come\u00e7ar a nova temporada!\u201d<u><\/u><u><\/u><\/i><b><u><\/u>\u00a0<\/b><\/p>\n","protected":false},"excerpt":{"rendered":"<p>Ap\u00f3s uma temporada de estreia na F\u00f3rmula E recheada de recordes, Taylor Barnard junta-se \u00e0 DS Automobiles e \u00e0 PENSKE AUTOSPORT.\u00a0 Com apenas 21 anos, a jovem estrela brit\u00e2nica ir\u00e1 conduzir pela equipa franco-americana ao lado de Maximilian G\u00fcnther.\u00a0 A DS Automobiles agradece a Jean-\u00c9ric Vergne pelo seu enorme contributo para o historial excecional de [&hellip;]<\/p>\n","protected":false},"author":2,"featured_media":20544,"comment_status":"open","ping_status":"open","sticky":false,"template":"","format":"standard","meta":{"_editorskit_title_hidden":false,"_editorskit_reading_time":0,"_editorskit_is_block_options_detached":false,"_editorskit_block_options_position":"{}","om_disable_all_campaigns":false,"_monsterinsights_skip_tracking":false,"_monsterinsights_sitenote_active":false,"_monsterinsights_sitenote_note":"","_monsterinsights_sitenote_category":0,"_uf_show_specific_survey":0,"_uf_disable_surveys":false,"site-sidebar-layout":"default","site-content-layout":"","ast-site-content-layout":"default","site-content-style":"default","site-sidebar-style":"default","ast-global-header-display":"","ast-banner-title-visibility":"","ast-main-header-display":"","ast-hfb-above-header-display":"","ast-hfb-below-header-display":"","ast-hfb-mobile-header-display":"","site-post-title":"","ast-breadcrumbs-content":"","ast-featured-img":"","footer-sml-layout":"","theme-transparent-header-meta":"default","adv-header-id-meta":"","stick-header-meta":"default","header-above-stick-meta":"","header-main-stick-meta":"","header-below-stick-meta":"","astra-migrate-meta-layouts":"set","ast-page-background-enabled":"default","ast-page-background-meta":{"desktop":{"background-color":"","background-image":"","background-repeat":"repeat","background-position":"center center","background-size":"auto","background-attachment":"scroll","background-type":"","background-media":"","overlay-type":"","overlay-color":"","overlay-opacity":"","overlay-gradient":""},"tablet":{"background-color":"","background-image":"","background-repeat":"repeat","background-position":"center center","background-size":"auto","background-attachment":"scroll","background-type":"","background-media":"","overlay-type":"","overlay-color":"","overlay-opacity":"","overlay-gradient":""},"mobile":{"background-color":"","background-image":"","background-repeat":"repeat","background-position":"center center","background-size":"auto","background-attachment":"scroll","background-type":"","background-media":"","overlay-type":"","overlay-color":"","overlay-opacity":"","overlay-gradient":""}},"ast-content-background-meta":{"desktop":{"background-color":"var(--ast-global-color-5)","background-image":"","background-repeat":"repeat","background-position":"center center","background-size":"auto","background-attachment":"scroll","background-type":"","background-media":"","overlay-type":"","overlay-color":"","overlay-opacity":"","overlay-gradient":""},"tablet":{"background-color":"var(--ast-global-color-5)","background-image":"","background-repeat":"repeat","background-position":"center center","background-size":"auto","background-attachment":"scroll","background-type":"","background-media":"","overlay-type":"","overlay-color":"","overlay-opacity":"","overlay-gradient":""},"mobile":{"background-color":"var(--ast-global-color-5)","background-image":"","background-repeat":"repeat","background-position":"center center","background-size":"auto","background-attachment":"scroll","background-type":"","background-media":"","overlay-type":"","overlay-color":"","overlay-opacity":"","overlay-gradient":""}},"footnotes":""},"categories":[11],"tags":[],"class_list":["post-20543","post","type-post","status-publish","format-standard","has-post-thumbnail","hentry","category-noticias"],"aioseo_notices":[],"_links":{"self":[{"href":"https:\/\/contarotacoes.com\/index.php?rest_route=\/wp\/v2\/posts\/20543","targetHints":{"allow":["GET"]}}],"collection":[{"href":"https:\/\/contarotacoes.com\/index.php?rest_route=\/wp\/v2\/posts"}],"about":[{"href":"https:\/\/contarotacoes.com\/index.php?rest_route=\/wp\/v2\/types\/post"}],"author":[{"embeddable":true,"href":"https:\/\/contarotacoes.com\/index.php?rest_route=\/wp\/v2\/users\/2"}],"replies":[{"embeddable":true,"href":"https:\/\/contarotacoes.com\/index.php?rest_route=%2Fwp%2Fv2%2Fcomments&post=20543"}],"version-history":[{"count":4,"href":"https:\/\/contarotacoes.com\/index.php?rest_route=\/wp\/v2\/posts\/20543\/revisions"}],"predecessor-version":[{"id":20548,"href":"https:\/\/contarotacoes.com\/index.php?rest_route=\/wp\/v2\/posts\/20543\/revisions\/20548"}],"wp:featuredmedia":[{"embeddable":true,"href":"https:\/\/contarotacoes.com\/index.php?rest_route=\/wp\/v2\/media\/20544"}],"wp:attachment":[{"href":"https:\/\/contarotacoes.com\/index.php?rest_route=%2Fwp%2Fv2%2Fmedia&parent=20543"}],"wp:term":[{"taxonomy":"category","embeddable":true,"href":"https:\/\/contarotacoes.com\/index.php?rest_route=%2Fwp%2Fv2%2Fcategories&post=20543"},{"taxonomy":"post_tag","embeddable":true,"href":"https:\/\/contarotacoes.com\/index.php?rest_route=%2Fwp%2Fv2%2Ftags&post=20543"}],"curies":[{"name":"wp","href":"https:\/\/api.w.org\/{rel}","templated":true}]}}