{"id":20434,"date":"2025-09-13T19:52:58","date_gmt":"2025-09-13T19:52:58","guid":{"rendered":"https:\/\/contarotacoes.com\/?p=20434"},"modified":"2025-09-13T19:52:58","modified_gmt":"2025-09-13T19:52:58","slug":"baja-tt-sharish-gin-guillaume-de-mevius-em-mini-lidera-apos-1a-etapa","status":"publish","type":"post","link":"https:\/\/contarotacoes.com\/?p=20434","title":{"rendered":"Baja TT Sharish Gin: Guillaume de M\u00e9vius em Mini lidera ap\u00f3s 1\u00aa Etapa"},"content":{"rendered":"<ul>\n<li style=\"font-weight: 400; text-align: justify;\"><strong>Gon\u00e7alo Guerreiro lidera entre os SSV e Daniel Silva entre os Challenger<\/strong><strong style=\"font-size: 16px;\">\u00a0<\/strong><\/li>\n<\/ul>\n<p style=\"font-weight: 400; text-align: justify;\">Guillaume de M\u00e9vius em Mini na Categoria T1+, Gon\u00e7alo Guerreiro em Polaris nos SSV e Daniel Silva em Tauros na Categoria Challenger, lideram a 37\u00aa edi\u00e7\u00e3o da Baja TT Sharish Gin Reguengos de Monsaraz Mour\u00e3o depois de disputada a 1\u00aa etapa.<\/p>\n<p style=\"font-weight: 400; text-align: justify;\">No terceiro dia de 37\u00aa edi\u00e7\u00e3o da Baja TT Sharish Gin Reguengos de Monsaraz Mour\u00e3o os concorrentes da competi\u00e7\u00e3o auto tiveram pela frente um setor seletivo com 116 km de extens\u00e3o percorrido por duas vezes.<\/p>\n<p style=\"font-weight: 400; text-align: justify;\">Vencedor do pr\u00f3logo Henk Lategan aos comandos de uma Toyota Gazoo Racing voltou a ser o mais r\u00e1pido na primeira passagem por este tro\u00e7o. O piloto sul africano gastou menos 1m02 que o seu companheiro de equipa o americano Seth Quintero. Tamb\u00e9m companheiro de equipa dos dois primeiros Jo\u00e3o Ferreira averbou o terceiro melhor tempo. Penaliza\u00e7\u00f5es atribu\u00eddas aos dois primeiros colocaram, todavia, o campe\u00e3o nacional na lideran\u00e7a da corrida. Quarto tempo em SS1 para Guillaume de M\u00e9vius aos comandos de um Mini a 1m41s de Henk Lategan.<\/p>\n<p style=\"font-weight: 400; text-align: justify;\">Mantendo um excelente andamento Gon\u00e7alo Guerreiro, em Polaris, continuou a intrometer-se entre os T1 + e foi de novo o melhor dos SSV registando o 5\u00ba tempo absoluto. Depois de um in\u00edcio modesto Yazeed Alrajhi o vencedor do Dakar este ano, registou o sexto tempo. Posi\u00e7\u00f5es seguintes para tr\u00eas portugueses. Daniel Silva em Tauros no 7\u00ba lugar mantinha a lideran\u00e7a da Categoria Challenger. Na 8\u00aa posi\u00e7\u00e3o Tiago Guerreiro em Polaris secundava o seu irm\u00e3o na classifica\u00e7\u00e3o SSV. 9\u00ba lugar para Tiago Reis em Tauros 2\u00ba da Classifica\u00e7\u00e3o Challenger. O ingl\u00eas Sean Haran, em Polaris, encerrava o Top 10 sendo terceiro dos SSV.<\/p>\n<p style=\"font-weight: 400; text-align: justify;\">Da parte da tarde o mais r\u00e1pido foi Guillaume de M\u00e9vius que passou para a lideran\u00e7a da prova. Henk Lategan averbou o 2\u00ba melhor tempo a 55s do piloto do Mini a gasolina. 3\u00ba tempo para Jo\u00e3o Ferreira a 18s do piloto sul africano. Atr\u00e1s do campe\u00e3o nacional ficou mais uma Toyota a de Seth Quintero que gastou mais 14s que Jo\u00e3o Ferreira.<\/p>\n<p style=\"font-weight: 400; text-align: justify;\">Travando um animado duelo com o vencedor do Dakar deste ano Gon\u00e7alo Guerreiro manteve-se na frente de Yazeed Alrajhi a quem ganhou mais 41s dispondo agora de uma vantagem de 2m26 para o piloto saudita. No 5\u00ba lugar absoluto o piloto do Polaris continua a liderar entre os SSV. Posi\u00e7\u00f5es seguintes para tr\u00eas portugueses. Daniel Silva no 7\u00ba lugar mantinha a lideran\u00e7a da Categoria Challenger. Na 8\u00aa posi\u00e7\u00e3o surge agora Tiago Reis o mais r\u00e1pido dos Challenger em SS2 e a reduzir a diferen\u00e7a para Daniel Silva para 45s. O 9\u00ba lugar passou a ser ocupado por Lu\u00eds Cidade que assumiu a 2\u00aa posi\u00e7\u00e3o entre os SSV. Denis Krotov em Mini encerra o Top 10.<\/p>\n<p style=\"font-weight: 400; text-align: justify;\">Entre os T1 presentes no evento FIA a lideran\u00e7a \u00e9 ocupada por C\u00e9sar Sequeira. O piloto do Mercedes, l\u00edder desta categoria no CPTT, foi o mais r\u00e1pido no tro\u00e7o da manh\u00e3. 2\u00aa posi\u00e7\u00e3o para Lino Carapeta em Ford Ranger que est\u00e1 a 51s do l\u00edder. 3\u00ba lugar para Miguel Casaca em VW Amarock que foi o mais r\u00e1pido no tro\u00e7o da tarde.<\/p>\n<p style=\"font-weight: 400; text-align: justify;\">No evento nacional lidera dupla Ant\u00f3nio Carvalho\/N\u00e9lio Alexandre os melhores T3, \u00e0 frente da dupla Dinis Rogeira\/Nelson Ramos os melhores T4 e de Marco Cardoso\/Andr\u00e9 Barras todos em Can-Am Maverick. Jo\u00e3o Paulo Oliveira\/Pedro Ca\u00e7\u00e3o em Nissan, na 5\u00aa posi\u00e7\u00e3o lideram entre os T8. S\u00e9rgio Matos\/Sebasti\u00e3o Dominguez em Toyota est\u00e3o \u00e0 frente dos T1 enquanto Leonor Barreto navegada por Carlos Silva, em Nissan, ocupa o 1\u00ba lugar entre os T9 e entre as Senhoras.<\/p>\n<p style=\"font-weight: 400; text-align: justify;\">A 37\u00aa edi\u00e7\u00e3o da Baja TT Sharish Gin Reguengos\/Mour\u00e3o 2025 prossegue amanh\u00e3 com uma dupla passagem por um setor seletivo de 89,56 km.<\/p>\n<p style=\"font-weight: 400; text-align: justify;\">Mais informa\u00e7\u00f5es sobre a Baja TT Sharish Gin:\u00a0<a href=\"https:\/\/l.facebook.com\/l.php?u=http%3A%2F%2Fwww.sar-motorismo.com%2F%3Ffbclid%3DIwZXh0bgNhZW0CMTAAYnJpZBEwdFlqcndXR3l2bHdGWlN2OAEed-x2rrkGRtSUOq3cDkPIbnH4xH3ISBl1w_AXBYBAqJTI1kTbhfxqArkaIeU_aem_5n42toG6A-DtNDqDZ_5y4A&amp;h=AT0P4XTwoRWsZmvoi2atjbMl8Te9ceaXAyZN9lBOQktxUHrwHFCIL5aT4597GShHCdmaKsLjfLauLfwry9x7MtrFU_Qx-wPIT31TBkGpe_XJWDdHvZVv6ncf2a7dpzPYvRuQuHnQ9VM8AhpbS95XvMnyH6LkYKP8&amp;__tn__=-UK-R&amp;c%5b0%5d=AT36Levo687hEuurOtwfwwA7tMMiyuxXB5sp0N2So-aYap6qiSD1g-d1aLSVvJd-SoJN44cYqloRpcGaFOMMfeIGeB5lstKgdNl1jYTLD9MDvPnDkcAGRuBLUIi-2-4H86QotWJpMvjUM933b2sZcQicu6O8p2VIKnPebgwkXwfNBOEB6HeJKy8-ZOoXA9b7fNO1mSY6lyXJrKzlgTR8f8WGr2O9IBLeq3vAKw\" data-saferedirecturl=\"https:\/\/www.google.com\/url?q=https:\/\/l.facebook.com\/l.php?u%3Dhttp%253A%252F%252Fwww.sar-motorismo.com%252F%253Ffbclid%253DIwZXh0bgNhZW0CMTAAYnJpZBEwdFlqcndXR3l2bHdGWlN2OAEed-x2rrkGRtSUOq3cDkPIbnH4xH3ISBl1w_AXBYBAqJTI1kTbhfxqArkaIeU_aem_5n42toG6A-DtNDqDZ_5y4A%26h%3DAT0P4XTwoRWsZmvoi2atjbMl8Te9ceaXAyZN9lBOQktxUHrwHFCIL5aT4597GShHCdmaKsLjfLauLfwry9x7MtrFU_Qx-wPIT31TBkGpe_XJWDdHvZVv6ncf2a7dpzPYvRuQuHnQ9VM8AhpbS95XvMnyH6LkYKP8%26__tn__%3D-UK-R%26c%255b0%255d%3DAT36Levo687hEuurOtwfwwA7tMMiyuxXB5sp0N2So-aYap6qiSD1g-d1aLSVvJd-SoJN44cYqloRpcGaFOMMfeIGeB5lstKgdNl1jYTLD9MDvPnDkcAGRuBLUIi-2-4H86QotWJpMvjUM933b2sZcQicu6O8p2VIKnPebgwkXwfNBOEB6HeJKy8-ZOoXA9b7fNO1mSY6lyXJrKzlgTR8f8WGr2O9IBLeq3vAKw&amp;source=gmail&amp;ust=1757879305774000&amp;usg=AOvVaw0a5HqhtE0BtnJqG0UnkEps\"><strong>www.sar-motorismo.com<\/strong><\/a><\/p>\n<p style=\"font-weight: 400; text-align: justify;\">Ou em Sportity com a pass: SAR-BIKE<\/p>\n<p style=\"font-weight: 400; text-align: justify;\">Mais informa\u00e7\u00f5es sobre o CNTT em\u00a0<a href=\"https:\/\/cntt.pt\/\" data-saferedirecturl=\"https:\/\/www.google.com\/url?q=https:\/\/cntt.pt&amp;source=gmail&amp;ust=1757879305774000&amp;usg=AOvVaw0r4PlgOXpHz1gSUSK6Ol1-\">https:\/\/cntt.pt<\/a>\u00a0\u00a0e\u00a0\u00a0<a href=\"http:\/\/www.facebook.com\/CampeonatoNacionaldeTT\" data-saferedirecturl=\"https:\/\/www.google.com\/url?q=http:\/\/www.facebook.com\/CampeonatoNacionaldeTT&amp;source=gmail&amp;ust=1757879305774000&amp;usg=AOvVaw2kGCa-yOUVvhlR6DpKBk1y\">www.facebook.com\/CampeonatoNacionaldeTT<\/a><\/p>\n<p style=\"font-weight: 400; text-align: justify;\">V\u00eddeos do CNTT em\u00a0<a href=\"http:\/\/www.youtube.com\/user\/A2COMUNICACAO\/videos\" data-saferedirecturl=\"https:\/\/www.google.com\/url?q=http:\/\/www.youtube.com\/user\/A2COMUNICACAO\/videos&amp;source=gmail&amp;ust=1757879305774000&amp;usg=AOvVaw2zGOvTX1Bn4N7DzCBCUTB0\">www.youtube.com\/user\/A2COMUNICACAO\/videos<\/a><\/p>\n","protected":false},"excerpt":{"rendered":"<p>Gon\u00e7alo Guerreiro lidera entre os SSV e Daniel Silva entre os Challenger\u00a0 Guillaume de M\u00e9vius em Mini na Categoria T1+, Gon\u00e7alo Guerreiro em Polaris nos SSV e Daniel Silva em Tauros na Categoria Challenger, lideram a 37\u00aa edi\u00e7\u00e3o da Baja TT Sharish Gin Reguengos de Monsaraz Mour\u00e3o depois de disputada a 1\u00aa etapa. No terceiro [&hellip;]<\/p>\n","protected":false},"author":2,"featured_media":20435,"comment_status":"open","ping_status":"open","sticky":false,"template":"","format":"standard","meta":{"_editorskit_title_hidden":false,"_editorskit_reading_time":0,"_editorskit_is_block_options_detached":false,"_editorskit_block_options_position":"{}","om_disable_all_campaigns":false,"_monsterinsights_skip_tracking":false,"_monsterinsights_sitenote_active":false,"_monsterinsights_sitenote_note":"","_monsterinsights_sitenote_category":0,"_uf_show_specific_survey":0,"_uf_disable_surveys":false,"site-sidebar-layout":"default","site-content-layout":"","ast-site-content-layout":"default","site-content-style":"default","site-sidebar-style":"default","ast-global-header-display":"","ast-banner-title-visibility":"","ast-main-header-display":"","ast-hfb-above-header-display":"","ast-hfb-below-header-display":"","ast-hfb-mobile-header-display":"","site-post-title":"","ast-breadcrumbs-content":"","ast-featured-img":"","footer-sml-layout":"","theme-transparent-header-meta":"default","adv-header-id-meta":"","stick-header-meta":"default","header-above-stick-meta":"","header-main-stick-meta":"","header-below-stick-meta":"","astra-migrate-meta-layouts":"set","ast-page-background-enabled":"default","ast-page-background-meta":{"desktop":{"background-color":"","background-image":"","background-repeat":"repeat","background-position":"center center","background-size":"auto","background-attachment":"scroll","background-type":"","background-media":"","overlay-type":"","overlay-color":"","overlay-opacity":"","overlay-gradient":""},"tablet":{"background-color":"","background-image":"","background-repeat":"repeat","background-position":"center center","background-size":"auto","background-attachment":"scroll","background-type":"","background-media":"","overlay-type":"","overlay-color":"","overlay-opacity":"","overlay-gradient":""},"mobile":{"background-color":"","background-image":"","background-repeat":"repeat","background-position":"center center","background-size":"auto","background-attachment":"scroll","background-type":"","background-media":"","overlay-type":"","overlay-color":"","overlay-opacity":"","overlay-gradient":""}},"ast-content-background-meta":{"desktop":{"background-color":"var(--ast-global-color-5)","background-image":"","background-repeat":"repeat","background-position":"center center","background-size":"auto","background-attachment":"scroll","background-type":"","background-media":"","overlay-type":"","overlay-color":"","overlay-opacity":"","overlay-gradient":""},"tablet":{"background-color":"var(--ast-global-color-5)","background-image":"","background-repeat":"repeat","background-position":"center center","background-size":"auto","background-attachment":"scroll","background-type":"","background-media":"","overlay-type":"","overlay-color":"","overlay-opacity":"","overlay-gradient":""},"mobile":{"background-color":"var(--ast-global-color-5)","background-image":"","background-repeat":"repeat","background-position":"center center","background-size":"auto","background-attachment":"scroll","background-type":"","background-media":"","overlay-type":"","overlay-color":"","overlay-opacity":"","overlay-gradient":""}},"footnotes":""},"categories":[11],"tags":[],"class_list":["post-20434","post","type-post","status-publish","format-standard","has-post-thumbnail","hentry","category-noticias"],"aioseo_notices":[],"_links":{"self":[{"href":"https:\/\/contarotacoes.com\/index.php?rest_route=\/wp\/v2\/posts\/20434","targetHints":{"allow":["GET"]}}],"collection":[{"href":"https:\/\/contarotacoes.com\/index.php?rest_route=\/wp\/v2\/posts"}],"about":[{"href":"https:\/\/contarotacoes.com\/index.php?rest_route=\/wp\/v2\/types\/post"}],"author":[{"embeddable":true,"href":"https:\/\/contarotacoes.com\/index.php?rest_route=\/wp\/v2\/users\/2"}],"replies":[{"embeddable":true,"href":"https:\/\/contarotacoes.com\/index.php?rest_route=%2Fwp%2Fv2%2Fcomments&post=20434"}],"version-history":[{"count":1,"href":"https:\/\/contarotacoes.com\/index.php?rest_route=\/wp\/v2\/posts\/20434\/revisions"}],"predecessor-version":[{"id":20436,"href":"https:\/\/contarotacoes.com\/index.php?rest_route=\/wp\/v2\/posts\/20434\/revisions\/20436"}],"wp:featuredmedia":[{"embeddable":true,"href":"https:\/\/contarotacoes.com\/index.php?rest_route=\/wp\/v2\/media\/20435"}],"wp:attachment":[{"href":"https:\/\/contarotacoes.com\/index.php?rest_route=%2Fwp%2Fv2%2Fmedia&parent=20434"}],"wp:term":[{"taxonomy":"category","embeddable":true,"href":"https:\/\/contarotacoes.com\/index.php?rest_route=%2Fwp%2Fv2%2Fcategories&post=20434"},{"taxonomy":"post_tag","embeddable":true,"href":"https:\/\/contarotacoes.com\/index.php?rest_route=%2Fwp%2Fv2%2Ftags&post=20434"}],"curies":[{"name":"wp","href":"https:\/\/api.w.org\/{rel}","templated":true}]}}