{"id":20430,"date":"2025-09-13T19:45:28","date_gmt":"2025-09-13T19:45:28","guid":{"rendered":"https:\/\/contarotacoes.com\/?p=20430"},"modified":"2025-09-13T19:45:28","modified_gmt":"2025-09-13T19:45:28","slug":"rally-blendio-princesa-de-asturias-ciudad-de-oviedo-giovanni-farina-alejandro-rodriguez-campeoes-da-peugeot-rally-cup-iberica-2025-por-apenas-1-ponto","status":"publish","type":"post","link":"https:\/\/contarotacoes.com\/?p=20430","title":{"rendered":"Rally Blendio Princesa de Asturias \u2013 Ciudad de Oviedo : GIOVANNI FARI\u00d1A \/ ALEJANDRO RODRIGUEZ \u2018CAMPE\u00d5ES\u2019 DA PEUGEOT RALLY CUP IB\u00c9RICA 2025 POR APENAS 1 PONTO"},"content":{"rendered":"<p style=\"text-align: justify;\"><strong>Ap\u00f3s um Rally Blendio Princesa de Asturias &#8211; Ciudad de Oviedo de prender o f\u00f4lego e repleto de in\u00fameras perip\u00e9cias, a dupla Giovanni Fari\u00f1a \/ Alejandro Rodr\u00edguez entrou para o Quadro de Honra da PEUGEOT RALLY CUP IB\u00c9RICA pela porta grande, tornando-se nos oitavos Piloto e Navegador a colocarem os seus nomes nessa ilustre vitrina. <\/strong><\/p>\n<p style=\"text-align: justify;\"><strong>Garantiram o t\u00edtulo de \u2018Campe\u00f5es\u2019 pela margem m\u00ednima de 1 ponto, no final de uma \u00e9poca hipercompetitiva, em que se bateram com v\u00e1rios advers\u00e1rios dos dois lados da fronteira ib\u00e9rica.<\/strong><\/p>\n<p style=\"text-align: justify;\"><strong>Uma das duplas que com eles se bateu at\u00e9 final foi Miguel Garc\u00eda \/ Osel Rom\u00e1n, vencedores deste rali asturiano &#8211; a sua \u00fanica vit\u00f3ria no ano -, e que tudo tentou para se impor nesta final de nervos do trof\u00e9u ib\u00e9rico. Venceram o rali, batendo Aritz Iriondo \/ Joseba Sanchez por 48,1 segundos e Javier Ca\u00f1ada \/ Aday Ortiz por 1 minuto e 57,3 segundos. <\/strong><\/p>\n<p style=\"text-align: justify;\"><strong>A sua vit\u00f3ria neste rali, repleto de voltas e reviravoltas no <em>ranking <\/em>dos le\u00f5es, fez-se de estrat\u00e9gia, apenas registando um melhor tempo em tro\u00e7os, mas no final viram-se relegados do seu objetivo m\u00e1ximo para esta \u00e9poca do trof\u00e9u ib\u00e9rico por apenas um ponto.<\/strong><\/p>\n<p style=\"text-align: justify;\"><strong>O cetro, conquistado com bastante suor e empenho, de \u2018Campe\u00f5es\u2019 ficaria, assim, para Fari\u00f1a \/ Rodriguez. O t\u00edtulo de Campe\u00f5es deu-lhes agora acesso ao Grande Pr\u00e9mio Final atribu\u00eddo pela organiza\u00e7\u00e3o do trof\u00e9u ib\u00e9rico, a cargo da PEUGEOT Portugal e da PEUGEOT Espanha: um programa oficial em 2026 aos comandos de uma viatura da categoria Rally2 da divis\u00e3o de competi\u00e7\u00e3o Stellantis Motorsport, tendo apenas de optar por um dos campeonatos nacionais dos dois pa\u00edses.<\/strong><strong>\u00a0<\/strong><\/p>\n<p style=\"text-align: justify;\"><strong>BATALHA \u00c0 DIST\u00c2NCIA ENTRE FARI\u00d1A E GARC\u00cdA<\/strong><\/p>\n<p style=\"text-align: justify;\">O segundo dia do <strong>Rally Princesa de Asturias \u2013 Ciudad de Oviedo<\/strong> iniciou-se na mesma nota dos tr\u00eas tro\u00e7os da v\u00e9spera, com <strong>Serg\u00ed Perez <\/strong>e <strong>Nahuel Barba<\/strong> a registarem os dois melhores tempos nos 13,48 km da primeira volta pelo tro\u00e7o de Monte Areo &#8211; Carre\u00f1o, deixando atr\u00e1s de si os tr\u00eas candidatos a \u2018Campe\u00f5es\u2019 da PEUGEOT RALLY CUP IB\u00c9RICA 2025, em especial <strong>Ricardo Sousa <\/strong>que come\u00e7ava, logo cedo, um calv\u00e1rio que o levaria \u00e0 desist\u00eancia no tro\u00e7o seguinte.<\/p>\n<p style=\"text-align: justify;\">Mas o portugu\u00eas n\u00e3o esteve sozinho nesse infort\u00fanio, pois tamb\u00e9m o uruguaio n\u00e3o completava os 12,18 km de Acuartelamiento Cabo Noval 1, ap\u00f3s um salto mais violento, num tro\u00e7o em que, finalmente se viu um dos candidatos ao t\u00edtulo com o melhor tempo, j\u00e1 que <strong>Giovanni Fari\u00f1a<\/strong> batia <strong>Serg\u00ed Per\u00e9z<\/strong> por 2,2 segundos.<\/p>\n<p style=\"text-align: justify;\">Entretanto, <strong>Miguel Garc\u00eda <\/strong>ascendia ao 2\u00ba lugar e aproximava-se um pouco mais do objetivo do t\u00edtulo ib\u00e9rico de 2025, mas tinha de contar com os resultados e com a evolu\u00e7\u00e3o de <strong>Fari\u00f1a<\/strong>.<\/p>\n<p style=\"text-align: justify;\">Tudo parecia desmoronar-se para <strong>Fari\u00f1a<\/strong>, piloto que sofreria um furo na primeira passagem pelos 12,02 km da especial de Llarena, perdendo bastante tempo, tro\u00e7o onde <strong>Artiz Iriondo<\/strong> fez a melhor marca, seguido de <strong>Garc\u00eda<\/strong> e de <strong>Jordi San Andr\u00e9s<\/strong>. Esta tripla de pilotos somava valiosos pontos extra \u2013 3, 2 e 1 pontos, respetivamente \u2013 atribu\u00eddos por esta especial que serviu de Power Stage. Aqui era, desta vez, <strong>Perez <\/strong>a ficar, tamb\u00e9m ele, pelo caminho.<\/p>\n<p style=\"text-align: justify;\">As posi\u00e7\u00f5es \u00e0 cabe\u00e7a da PEUGEOT RALLY CUP IB\u00c9RICA continuavam numa constante revolu\u00e7\u00e3o, num <em>ranking <\/em>que, no final da ronda matinal, apresentava <strong>Miguel Garc\u00eda<\/strong> finalmente no 1\u00ba lugar da classifica\u00e7\u00e3o do trof\u00e9u ib\u00e9rico, com <strong>Artiz Iriondo<\/strong> 13 segundos atr\u00e1s de si e <strong>Javier Ca\u00f1ada<\/strong> j\u00e1 quase a minuto e meio de dist\u00e2ncia. Quanto a <strong>Giovanni Fari\u00f1a<\/strong> ca\u00eda para o 5.\u00ba posto, a quase 90 segundos do 4.\u00ba lugar, posi\u00e7\u00e3o ent\u00e3o ocupada por <strong>Jordi San Andr\u00e9s <\/strong>e com que lhe poderia, em determinadas condi\u00e7\u00f5es, ainda garantir a conquista do t\u00e3o almejado t\u00edtulo.<\/p>\n<p style=\"text-align: justify;\"><strong>EP\u00cdLOGO DO TROF\u00c9U DE 2025 DE TIRAR A RESPIRA\u00c7\u00c3O<\/strong><\/p>\n<p style=\"text-align: justify;\">Ap\u00f3s essa manh\u00e3 t\u00e3o agitada, esperavam-se as rea\u00e7\u00f5es dos diferentes concorrentes, quer \u00e0 vit\u00f3ria, quer ao cetro, pelo que os 37,68 km de conjunto dos tr\u00eas tro\u00e7os da tarde, na mesma sequ\u00eancia matinal, reservavam uma enorme expetativa entre quem participava ativamente nas batalhas nos tro\u00e7os e entre os que assistiam de fora, em especial os membros e mec\u00e2nicos das equipas.<\/p>\n<p style=\"text-align: justify;\">Nos 13,48 km de Monte Areo &#8211; Carre\u00f1o 2 assistia-se ao primeiro esfor\u00e7o de recupera\u00e7\u00e3o por parte de <strong>Giovanni Fari\u00f1a<\/strong>, ali batendo <strong>Miguel Garc\u00eda <\/strong>por 3,2 segundos e<strong> Jordi San Andr\u00e9s <\/strong>por 3,7 segundos, diferen\u00e7as insuficientes para recuperar qualquer posi\u00e7\u00e3o na geral do trof\u00e9u.<\/p>\n<p style=\"text-align: justify;\">Seguiram-se os 12,18 km de Acuartelamiento Cabo Noval 1, onde, nunca desistindo e continuando a acreditar que tudo era poss\u00edvel, <strong>Fari\u00f1a <\/strong>voltou a ser o mais r\u00e1pido, contando depois com a t\u00e3o desejada mexida nos lugares \u00e0 sua frente, ascendendo ao t\u00e3o desejado 4.\u00ba posto de <strong>Jordi San Andr\u00e9s<\/strong>, desistente neste tro\u00e7o O piloto oriundo de Tenerife voltava assim a sonhar com o t\u00edtulo.<\/p>\n<p style=\"text-align: justify;\">A fechar o dia, o rali e a \u00e9poca, chegou a especial de Llarena, tro\u00e7o onde <strong>Garc\u00eda<\/strong> registava, finalmente, um melhor tempo neste rali e onde <strong>Fari\u00f1a <\/strong>apenas desejava ver o controlo final do tro\u00e7o e do rali, para finalmente poder descontrair e festejar com todos os elementos da sua equipa e familiares. J\u00e1 <strong>Em\u00edlio Criado<\/strong> abandonava com a meta \u00e0 vista, ele que regressara hoje em SuperRally depois do abandono na etapa de ontem.<\/p>\n<p style=\"text-align: justify;\"><strong>TROF\u00c9U IB\u00c9RICO ATRIBU\u00cdDO PELA MARGEM M\u00cdNIMA<\/strong><\/p>\n<p style=\"text-align: justify;\">Com o 1.\u00ba lugar alcan\u00e7ado neste Rally Princesa de Asturias e os 2 pontos extra conquistados na Power Stage, <strong>Miguel Garc\u00eda \/ Osel Rom\u00e1n<\/strong> somaram aqui um total de 27 pontos, para um acumulado da \u00e9poca de 65 pontos, pontua\u00e7\u00e3o que se mostrou insuficiente para suplantar os 66 pontos finais da dupla <strong>Giovanni Fari\u00f1a \/ Alejandro Rodr\u00edguez.<\/strong><\/p>\n<p style=\"text-align: justify;\">Ou seja, estes \u00faltimos sagram-se <strong>\u2018Campe\u00f5es\u2019 da PEUGEOT RALLY CUP IB\u00c9RICA 2025<\/strong> pela margem m\u00ednima de 1 ponto, at\u00e9 mesmo depois de deitarem fora a sua pior pontua\u00e7\u00e3o de 2025, os 12 pontos do primeiro rali do ano. Aqui nas Asturias somaram 14 pontos, resultado suficiente para lhes dar o t\u00edtulo.<\/p>\n<p style=\"text-align: justify;\"><strong>Garc\u00eda \/ Rom\u00e1n<\/strong> fecham, assim, esta oitava temporada do trof\u00e9u ib\u00e9rico com o estatuto de \u2018Vice-Campe\u00f5es\u2019, suplantando os portugueses <strong>Ricardo Sousa<\/strong> <strong>\/ Lu\u00eds Marques<\/strong> (43 pontos), ficando tamb\u00e9m eles 1 ponto \u00e0 frente da dupla <strong>Javier Can\u00e3da \/ Aday Ortiz<\/strong> (42 pontos).<\/p>\n<p style=\"text-align: justify;\"><strong>SEGUEM-SE AS DECIS\u00d5ES DOS TROF\u00c9US ESPANHOL E PORTUGU\u00caS<\/strong><\/p>\n<p style=\"text-align: justify;\">Este rali contou, tamb\u00e9m, para o <strong>Desaf\u00edo PEUGEOT<\/strong>, sendo 100% id\u00eantica a classifica\u00e7\u00e3o final deste trof\u00e9u espanhol face \u00e0 do trof\u00e9u ib\u00e9rico, ambos assentes nos competitivos <strong>PEUGEOT 208 Rally4<\/strong>.<\/p>\n<p style=\"text-align: justify;\">Ap\u00f3s esta que foi a sua terceira de cinco provas de 2025, <strong>Giovanni Fari\u00f1a \/ Alejandro Rodriguez<\/strong> somam agora 64 pontos e mant\u00eam a lideran\u00e7a provis\u00f3ria, \u00e0 frente de <strong>Javier Ca\u00f1ada \/ Aday Ortiz <\/strong>(62 pontos) e <strong>Miguel Garc\u00eda \/ Osel Rom\u00e1n<\/strong> (44 pontos).<\/p>\n<p style=\"text-align: justify;\">As decis\u00f5es finais em terras de Espanha ficam adiadas para as duas provas que falta cumprir, o Rallye RACC Catalunya Costa Daurada, a realizar nos dias 25 e 26 outubro, e o Rallye de La Nucia Mediterraneo, a fechar a \u00e9poca, no dias 8 e 9 de novembro.<\/p>\n<p style=\"text-align: justify;\">De igual modo, tamb\u00e9m da <strong>PEUGEOT RALLY CUP PORTUGAL 2025<\/strong> falta realizar duas provas, o Rali da \u00c1gua Transib\u00e9rico, que se corre j\u00e1 no pr\u00f3ximo fim de semana (19 e 20 de setembro), e o Rally de Lisboa, de 31 de outubro a 1 de novembro.<\/p>\n<p style=\"text-align: justify;\">A competi\u00e7\u00e3o nacional \u00e9 liderada por <strong>Ricardo Sousa \/ Luis Marques<\/strong> (68 pontos), seguindo-se <strong>Henrique Moniz \/ Jorge Diniz<\/strong> (43 pontos) e <strong>Giovanni Fari\u00f1a \/ Alejandro Rodriguez <\/strong>(37 pontos).<\/p>\n<p style=\"text-align: justify;\"><strong>Rally Blend\u00edo Princesa de Asturias &#8211; Ciudad de Oviedo<\/strong><\/p>\n<p style=\"text-align: justify;\"><strong>4.\u00aa (e \u00faltima) prova da PEUGEOT RALLY CUP IB\u00c9RICA 2025<br \/>\n3.\u00aa (de cinco) prova do Desaf\u00edo PEUGEOT<br \/>\n<\/strong><\/p>\n<p style=\"text-align: justify;\"><strong>CLASSIFICA\u00c7\u00c3O FINAL*<br \/>\n<\/strong><strong>1\u00ba Miguel Garc\u00eda \/ Osel Rom\u00e1n, 1h 49m 59,6s<\/strong><\/p>\n<p style=\"text-align: justify;\">2\u00ba Artiz Iriondo \/ Joseba Sanchez, a 48,1s<\/p>\n<p style=\"text-align: justify;\">3\u00ba Javier Ca\u00f1ada \/ Aday Ortiz, a 1m 57,3s<\/p>\n<p style=\"text-align: justify;\">4\u00ba Giovanni Fari\u00f1a \/ Alejandro Rodriguez, a 4m 06,1s<\/p>\n<p style=\"text-align: justify;\"><em>Desist\u00eancias: Joni Gon\u00e7alves \/ Luis Boi\u00e7a e Baptiste Panissi\u00e9 \/ Th\u00e9o Pallu (N\u00e3o alinharam); Armau Bart\u00e9s \/ Melisa Lorenzo (ES5), Ricardo Sousa \/ Luis Marques e Nahuel Barba \/ Santiago Cabrera (ES6); Serg\u00ed Perez \/ Jaume Garc\u00eda (ap\u00f3s ES7); 4\u00ba Jordi San Andr\u00e9s \/ Carlos Cabrero (ES9); 5\u00ba Em\u00edlio Criado \/ Andr\u00e9s Blanco (ES10).<\/em><em>\u00a0<\/em><\/p>\n<p style=\"text-align: justify;\"><em>Todos em PEUGEOT 208 Rally4. <\/em><\/p>\n<p style=\"text-align: justify;\"><em>* Classifica\u00e7\u00e3o Provis\u00f3ria at\u00e9 \u00e0 publica\u00e7\u00e3o oficial dos resultados pela Organiza\u00e7\u00e3o <\/em><\/p>\n<p style=\"text-align: justify;\">Coorganizados pela <strong>PEUGEOT Portugal<\/strong> e pela <strong>PEUGEOT Espa\u00f1a<\/strong>, com a gest\u00e3o log\u00edstica a cargo da <strong>Sports &amp; You<\/strong>, os tr\u00eas trof\u00e9us ib\u00e9ricos \u2013 <strong>PEUGEOT RALLY CUP IB\u00c9RICA, PEUGEOT RALLY CUP PORTUGAL <\/strong>e<strong> DESAF\u00cdO PEUGEOT<\/strong> \u2013 contam com a <strong>PIRELLI<\/strong> no fornecimento e assist\u00eancia de pneus e com o apoio do <strong>ACP, RACC, SPARCO, GUPE <\/strong>e<strong> RACE FOR GOOD<\/strong>.<\/p>\n","protected":false},"excerpt":{"rendered":"<p>Ap\u00f3s um Rally Blendio Princesa de Asturias &#8211; Ciudad de Oviedo de prender o f\u00f4lego e repleto de in\u00fameras perip\u00e9cias, a dupla Giovanni Fari\u00f1a \/ Alejandro Rodr\u00edguez entrou para o Quadro de Honra da PEUGEOT RALLY CUP IB\u00c9RICA pela porta grande, tornando-se nos oitavos Piloto e Navegador a colocarem os seus nomes nessa ilustre vitrina. [&hellip;]<\/p>\n","protected":false},"author":2,"featured_media":20432,"comment_status":"open","ping_status":"open","sticky":false,"template":"","format":"standard","meta":{"_editorskit_title_hidden":false,"_editorskit_reading_time":0,"_editorskit_is_block_options_detached":false,"_editorskit_block_options_position":"{}","om_disable_all_campaigns":false,"_monsterinsights_skip_tracking":false,"_monsterinsights_sitenote_active":false,"_monsterinsights_sitenote_note":"","_monsterinsights_sitenote_category":0,"_uf_show_specific_survey":0,"_uf_disable_surveys":false,"site-sidebar-layout":"default","site-content-layout":"","ast-site-content-layout":"default","site-content-style":"default","site-sidebar-style":"default","ast-global-header-display":"","ast-banner-title-visibility":"","ast-main-header-display":"","ast-hfb-above-header-display":"","ast-hfb-below-header-display":"","ast-hfb-mobile-header-display":"","site-post-title":"","ast-breadcrumbs-content":"","ast-featured-img":"","footer-sml-layout":"","theme-transparent-header-meta":"default","adv-header-id-meta":"","stick-header-meta":"default","header-above-stick-meta":"","header-main-stick-meta":"","header-below-stick-meta":"","astra-migrate-meta-layouts":"set","ast-page-background-enabled":"default","ast-page-background-meta":{"desktop":{"background-color":"","background-image":"","background-repeat":"repeat","background-position":"center center","background-size":"auto","background-attachment":"scroll","background-type":"","background-media":"","overlay-type":"","overlay-color":"","overlay-opacity":"","overlay-gradient":""},"tablet":{"background-color":"","background-image":"","background-repeat":"repeat","background-position":"center center","background-size":"auto","background-attachment":"scroll","background-type":"","background-media":"","overlay-type":"","overlay-color":"","overlay-opacity":"","overlay-gradient":""},"mobile":{"background-color":"","background-image":"","background-repeat":"repeat","background-position":"center center","background-size":"auto","background-attachment":"scroll","background-type":"","background-media":"","overlay-type":"","overlay-color":"","overlay-opacity":"","overlay-gradient":""}},"ast-content-background-meta":{"desktop":{"background-color":"var(--ast-global-color-5)","background-image":"","background-repeat":"repeat","background-position":"center center","background-size":"auto","background-attachment":"scroll","background-type":"","background-media":"","overlay-type":"","overlay-color":"","overlay-opacity":"","overlay-gradient":""},"tablet":{"background-color":"var(--ast-global-color-5)","background-image":"","background-repeat":"repeat","background-position":"center center","background-size":"auto","background-attachment":"scroll","background-type":"","background-media":"","overlay-type":"","overlay-color":"","overlay-opacity":"","overlay-gradient":""},"mobile":{"background-color":"var(--ast-global-color-5)","background-image":"","background-repeat":"repeat","background-position":"center center","background-size":"auto","background-attachment":"scroll","background-type":"","background-media":"","overlay-type":"","overlay-color":"","overlay-opacity":"","overlay-gradient":""}},"footnotes":""},"categories":[11],"tags":[],"class_list":["post-20430","post","type-post","status-publish","format-standard","has-post-thumbnail","hentry","category-noticias"],"aioseo_notices":[],"_links":{"self":[{"href":"https:\/\/contarotacoes.com\/index.php?rest_route=\/wp\/v2\/posts\/20430","targetHints":{"allow":["GET"]}}],"collection":[{"href":"https:\/\/contarotacoes.com\/index.php?rest_route=\/wp\/v2\/posts"}],"about":[{"href":"https:\/\/contarotacoes.com\/index.php?rest_route=\/wp\/v2\/types\/post"}],"author":[{"embeddable":true,"href":"https:\/\/contarotacoes.com\/index.php?rest_route=\/wp\/v2\/users\/2"}],"replies":[{"embeddable":true,"href":"https:\/\/contarotacoes.com\/index.php?rest_route=%2Fwp%2Fv2%2Fcomments&post=20430"}],"version-history":[{"count":2,"href":"https:\/\/contarotacoes.com\/index.php?rest_route=\/wp\/v2\/posts\/20430\/revisions"}],"predecessor-version":[{"id":20433,"href":"https:\/\/contarotacoes.com\/index.php?rest_route=\/wp\/v2\/posts\/20430\/revisions\/20433"}],"wp:featuredmedia":[{"embeddable":true,"href":"https:\/\/contarotacoes.com\/index.php?rest_route=\/wp\/v2\/media\/20432"}],"wp:attachment":[{"href":"https:\/\/contarotacoes.com\/index.php?rest_route=%2Fwp%2Fv2%2Fmedia&parent=20430"}],"wp:term":[{"taxonomy":"category","embeddable":true,"href":"https:\/\/contarotacoes.com\/index.php?rest_route=%2Fwp%2Fv2%2Fcategories&post=20430"},{"taxonomy":"post_tag","embeddable":true,"href":"https:\/\/contarotacoes.com\/index.php?rest_route=%2Fwp%2Fv2%2Ftags&post=20430"}],"curies":[{"name":"wp","href":"https:\/\/api.w.org\/{rel}","templated":true}]}}