{"id":20417,"date":"2025-09-12T23:06:30","date_gmt":"2025-09-12T23:06:30","guid":{"rendered":"https:\/\/contarotacoes.com\/?p=20417"},"modified":"2025-09-13T10:09:40","modified_gmt":"2025-09-13T10:09:40","slug":"rally-blendio-princesa-de-asturias-ciudad-de-oviedo-1a-etapa-sergi-perez-imbativel-baralha-contas-dos-tres-candidatos-ao-titulo","status":"publish","type":"post","link":"https:\/\/contarotacoes.com\/?p=20417","title":{"rendered":"Rally Blendio Princesa de Asturias &#8211; Ciudad de Oviedo (1\u00aa Etapa) &#8211; SERG\u00cd PEREZ IMBAT\u00cdVEL BARALHA CONTAS DOS TR\u00caS CANDIDATOS AO T\u00cdTULO"},"content":{"rendered":"<p style=\"text-align: justify;\"><strong>No primeiro dia de todas as decis\u00f5es relativas ao Campe\u00e3o da PEUGEOT RALLY CUP IB\u00c9RICA, coube \u00e0 dupla Serg\u00ed Perez \/ Jaume Garc\u00eda meter-se na luta pelos lugares da frente do Rally Princesa de Asturias, com isso baralhando as contas das tr\u00eas forma\u00e7\u00f5es que s\u00e3o candidatas a levar para casa o oitavo trof\u00e9u ib\u00e9rico da PEUGEOT: Giovanni Fari\u00f1a \/ Alejandro Rodr\u00edguez, os at\u00e9 aqui l\u00edderes do trof\u00e9u, Ricardo Sousa \/ Lu\u00eds Marques, e Miguel Garc\u00eda \/ Osel Rom\u00e1n.<\/strong><\/p>\n<p style=\"text-align: justify;\"><strong>Aos comandos dos seus PEUGEOT 208 e de garras afiadas, uma dezena de jovens le\u00f5es arrancaram para a prova espanhola \u2013 a quarta de quatro da Temporada 8 da PEUGEOT RALLY CUP IB\u00c9RICA \u2013 protagonizando animadas lutas pelos diversos lugares do top-10. <\/strong><\/p>\n<p style=\"text-align: justify;\"><strong>Com um tro\u00e7o neutralizado logo no arranque do rali, correram-se apenas tr\u00eas especiais, num total de 39,51 km cronometrados, com uma lideran\u00e7a de Serg\u00ed Perez \/ Jaume Garc\u00eda que nunca mudou de m\u00e3os ao longo da tarde, detendo uma vantagem de 5,9 segundos sobre Nahuel Barba \/ Santiago Cabrera, para um p\u00f3dio provis\u00f3rio que se completa com Miguel Garc\u00eda \/ Osel Rom\u00e1n, j\u00e1 a 37,2 segundos dos l\u00edderes. <\/strong><\/p>\n<p style=\"text-align: justify;\"><strong>Quanto aos dois outros candidatos ao t\u00edtulo, Sousa \u00e9 5\u00ba, logo \u00e0 frente de Fari\u00f1a, estando qualquer deles ainda em luta pelo cetro ib\u00e9rico de 2025. A luta continuar\u00e1 amanh\u00e3, dia em que os concorrentes t\u00eam pela frente mais tr\u00eas especiais, percorridas por duas vezes, num total de 75,36 km ao cron\u00f3metro.<\/strong><\/p>\n<p style=\"text-align: justify;\"><strong>No final do dia saber-se-\u00e1 n\u00e3o s\u00f3 qual a equipa vencedora desta quarta e \u00faltima prova da presente \u00e9poca, como tamb\u00e9m quem s\u00e3o os Campe\u00f5es da PEUGEOT RALLY CUP IB\u00c9RICA 2025, os oitavos nomes da s\u00e9rie de trof\u00e9us da PEUGEOT cobrindo a Pen\u00ednsula Ib\u00e9rica.<\/strong><\/p>\n<p style=\"text-align: justify;\"><strong><u>\u00a0<\/u><\/strong><\/p>\n<p style=\"text-align: justify;\"><strong>O <em>OUTSIDER <\/em>E AS SURPRESAS NA LUTA PELO T\u00cdTULO DE 2025<\/strong><\/p>\n<p style=\"text-align: justify;\">Ap\u00f3s um arranque menos ideal deste <strong>Rally Princesa de Asturias \u2013 Ciudad de Oviedo<\/strong>, decorrente de um acidente logo no primeiro tro\u00e7o, entre as equipas da frente do S-CER, que obrigou o plantel da <strong>PEUGEOT RALLY CUP IB\u00c9RICA <\/strong>a cumprir, em liga\u00e7\u00e3o, os 14,31 km da especial Luarca Villa de Nobel, as lutas pelos melhores tempos entre os fervorosos <em>Le\u00f5es<\/em> apenas se tornaram efetivas no tro\u00e7o seguinte, Valle del Esba.<\/p>\n<p style=\"text-align: justify;\">Foi aqui que houve as primeiras surpresas da prova, no final dos seus 12,6 km, quando \u00e0 cabe\u00e7a da tabela de tempos surgiam <strong>Serg\u00ed Perez<\/strong>, um <em>habitu\u00e9e<\/em> dos trof\u00e9us da PEUGEOT e que aqui fez uma apari\u00e7\u00e3o \u00fanica em 2025, com o uruguaio <strong>Nahuel Barba<\/strong> logo atr\u00e1s de si, a apenas 2,1 segundos, dupla mais h\u00e1bil em tro\u00e7os de asfalto, mas que at\u00e9 se deu bem nas especiais em terra e algo h\u00famidas da regi\u00e3o asturiana. O terceiro melhor tempo ficou para <strong>Iriondo Olaiozola<\/strong>, um dos <em>rookies<\/em> do trof\u00e9u ib\u00e9rico de 2025, estreante neste \u00faltimo rali do ano.<\/p>\n<p style=\"text-align: justify;\">Quanto aos tr\u00eas candidatos ao t\u00edtulo, eles surgiam logo atr\u00e1s, mas j\u00e1 com um <em>d\u00e9ficit<\/em> superior a 13,2 segundos para o mais r\u00e1pido a cumprir o tro\u00e7o e pela ordem inversa da sua atual classifica\u00e7\u00e3o no trof\u00e9u: <strong>Miguel Garc\u00eda<\/strong> ganhava 0,4 segundos a <strong>Ricardo Sousa<\/strong>, que por sua vez suplantava <strong>Giovanni Fari\u00f1a<\/strong> por 8 d\u00e9cimos de segundo.<\/p>\n<p style=\"text-align: justify;\">Seguiram-se os 14,31 km de Luarca Villa de Nobel, agora repetido em vers\u00e3o competitiva, onde a hist\u00f3ria foi semelhante, com <strong>Perez <\/strong>e <strong>Barba<\/strong> a manterem-se como os mais r\u00e1pidos (separados por 3,2 segundos), \u00e0 frente de <strong>Garc\u00eda<\/strong>. <strong>Sousa<\/strong> perdeu 15 segundos para o seu advers\u00e1rio, tantos quantos os que ganhou a <strong>Fari\u00f1a<\/strong>.<\/p>\n<p style=\"text-align: justify;\">A fechar a ronda de hoje, repetiram-se os 12,6 km de Valle del Esba, onde <strong>Perez<\/strong> fez o pleno, batendo de novo <strong>Barba<\/strong> por uns parcos 0,6 segundos, e onde <strong>Garc\u00eda<\/strong> refor\u00e7ou o seu provis\u00f3rio 3\u00ba lugar, com a terceira melhor marca. Por seu turno, <strong>Fari\u00f1a<\/strong> ganhou 2,2 segundos a <strong>Sousa<\/strong>, o que n\u00e3o foi suficiente para o ultrapassar na geral.<\/p>\n<p style=\"text-align: justify;\"><strong>LUTA PELO T\u00cdTULO MANT\u00c9M-SE ACESA<\/strong><\/p>\n<p style=\"text-align: justify;\"><strong>Serg\u00ed Perez \/ Jaume Garc\u00eda<\/strong> terminaram, assim, a <strong>1\u00aa Etapa<\/strong> do <strong>Rally Princesa de Asturias<\/strong> na lideran\u00e7a, mas com uma magra vantagem de 5,9 segundos para os surpreendentes uruguaios <strong>Nahuel Barba \/ Santiago Cabrera<\/strong>, mas j\u00e1 mais robusta, de 32,7 segundos para <strong>Miguel Garc\u00eda \/ Osel Rom\u00e1n<\/strong>, que fecham o top-3 provis\u00f3rio.<\/p>\n<p style=\"text-align: justify;\">Esta dupla espanhola tem, por seu turno, uns j\u00e1 s\u00f3lidos 27,2 segundos sobre os portugueses <strong>Ricardo Sousa<\/strong> <strong>\/ Lu\u00eds Marques<\/strong>, atuais 5.\u00bas da geral, logo atr\u00e1s dos estreantes <strong>Aritz Iriondo \/ Joseba S\u00e1nchez<\/strong>, numa classifica\u00e7\u00e3o em que <strong>Giovanni Fari\u00f1a \/ Alejandro Rodr\u00edguez<\/strong> s\u00e3o 6.\u00bas, a 23,9 segundos da dupla lusa, eles que, entretanto, sofreram uma penaliza\u00e7\u00e3o de 10 segundos.<\/p>\n<p style=\"text-align: justify;\">J\u00e1 em termos de trof\u00e9u, \u00e9 inverso o posicionamento provis\u00f3rio das tr\u00eas equipas candidatas ao t\u00edtulo de 2025. Com os pontos que <strong>Fari\u00f1a<\/strong> e <strong>Rodriguez<\/strong> somariam se o rali acabasse aqui, desse 6\u00ba lugar que agora ocupam e mesmo deitando fora o seu pior resultado \u2013 no caso seria esta mesma pontua\u00e7\u00e3o; para o trof\u00e9u contam os tr\u00eas melhores resultados, do total de quatro ralis \u2013 ainda assim eles sagrar-se-iam Campe\u00f5es. Mas h\u00e1 ainda muita estrada amanh\u00e3, nada menos do que 75,36 km cronometrados, de tr\u00eas especiais a percorrer por duas vezes, pelo que nada est\u00e1 definitivamente decidido.<\/p>\n<p style=\"text-align: justify;\">Acrescente-se que o <em>ranking<\/em> provis\u00f3rio ao final do primeiro dia deste Rally Princesa de Ast\u00farias conta com mais tr\u00eas equipas classificadas, quer no trof\u00e9u ib\u00e9rico, quer no <strong>Desaf\u00edo PEUGEOT<\/strong>, para que este rali tamb\u00e9m pontua (\u00e9 a quarta de cinco provas), registando-se apenas uma desist\u00eancia no dia de hoje, devido a uma sa\u00edda de estrada. Quanto \u00e0s restantes duas equipas que se haviam inicialmente inscrito, n\u00e3o estiveram \u00e0 partida do rali, por motivos diversos.<\/p>\n<p style=\"text-align: justify;\"><strong>OS \u00daLTIMOS QUIL\u00d3METROS DO TROF\u00c9U IB\u00c9RICO DE 2025<\/strong><\/p>\n<p style=\"text-align: justify;\"><strong>Amanh\u00e3, s\u00e1bado, ser\u00e1 o dia da <\/strong><strong>confirma\u00e7\u00e3o dos t\u00edtulos da<\/strong> <strong>PEUGEOT RALLY CUP IB\u00c9RICA 2025<\/strong>, culminando uma oitava \u00e9poca de grandes batalhas das diferentes equipas, aos comandos dos seus fi\u00e1veis e competitivos<strong> PEUGEOT 208 Rally4<\/strong>.<\/p>\n<p style=\"text-align: justify;\">O percurso da <strong>2\u00aa Etapa<\/strong> inclui mais tr\u00eas tro\u00e7os, todos percorridos em dupla passagem: Monte Areo &#8211; Carre\u00f1o 1 (13,48 km) \u00e0s 09h23, Acuartelamiento Cabo No 1 (12,18 km) \u00e0s 10h12 e Llarena 1 (12,02 km) \u00e0s 11h11, este com o estatuto de Power Stage, atribuindo pontos extra aos tr\u00eas mais r\u00e1pidos a percorr\u00ea-lo. Durante a tarde, repete-se a mesma sequ\u00eancia \u00e0s 14h31, 15h20 e 16h48, respetivamente.<\/p>\n<p style=\"text-align: justify;\">Ap\u00f3s dois dias intensos de competi\u00e7\u00e3o, o desfecho do rali acontece ao final da tarde de s\u00e1bado, com a <strong>cerim\u00f3nia do p\u00f3dio<\/strong> marcada para as <strong>18h30<\/strong>, na Plaza de los Ferroviarios, em Oviedo, n\u00e3o s\u00f3 ilustrada com os festejos dos vencedores do rali, como dos novos Campe\u00f5es de 2025 do trof\u00e9u ib\u00e9rico.<\/p>\n<p style=\"text-align: justify;\"><em>** Nota: As horas indicadas referem-se ao primeiro carro na estrada. Hora portuguesa, menos uma hora do que em Espanha.<\/em><strong>\u00a0<\/strong><\/p>\n","protected":false},"excerpt":{"rendered":"<p>No primeiro dia de todas as decis\u00f5es relativas ao Campe\u00e3o da PEUGEOT RALLY CUP IB\u00c9RICA, coube \u00e0 dupla Serg\u00ed Perez \/ Jaume Garc\u00eda meter-se na luta pelos lugares da frente do Rally Princesa de Asturias, com isso baralhando as contas das tr\u00eas forma\u00e7\u00f5es que s\u00e3o candidatas a levar para casa o oitavo trof\u00e9u ib\u00e9rico da [&hellip;]<\/p>\n","protected":false},"author":2,"featured_media":20418,"comment_status":"open","ping_status":"open","sticky":false,"template":"","format":"standard","meta":{"_editorskit_title_hidden":false,"_editorskit_reading_time":0,"_editorskit_is_block_options_detached":false,"_editorskit_block_options_position":"{}","om_disable_all_campaigns":false,"_monsterinsights_skip_tracking":false,"_monsterinsights_sitenote_active":false,"_monsterinsights_sitenote_note":"","_monsterinsights_sitenote_category":0,"_uf_show_specific_survey":0,"_uf_disable_surveys":false,"site-sidebar-layout":"default","site-content-layout":"","ast-site-content-layout":"default","site-content-style":"default","site-sidebar-style":"default","ast-global-header-display":"","ast-banner-title-visibility":"","ast-main-header-display":"","ast-hfb-above-header-display":"","ast-hfb-below-header-display":"","ast-hfb-mobile-header-display":"","site-post-title":"","ast-breadcrumbs-content":"","ast-featured-img":"","footer-sml-layout":"","theme-transparent-header-meta":"default","adv-header-id-meta":"","stick-header-meta":"default","header-above-stick-meta":"","header-main-stick-meta":"","header-below-stick-meta":"","astra-migrate-meta-layouts":"set","ast-page-background-enabled":"default","ast-page-background-meta":{"desktop":{"background-color":"","background-image":"","background-repeat":"repeat","background-position":"center center","background-size":"auto","background-attachment":"scroll","background-type":"","background-media":"","overlay-type":"","overlay-color":"","overlay-opacity":"","overlay-gradient":""},"tablet":{"background-color":"","background-image":"","background-repeat":"repeat","background-position":"center center","background-size":"auto","background-attachment":"scroll","background-type":"","background-media":"","overlay-type":"","overlay-color":"","overlay-opacity":"","overlay-gradient":""},"mobile":{"background-color":"","background-image":"","background-repeat":"repeat","background-position":"center center","background-size":"auto","background-attachment":"scroll","background-type":"","background-media":"","overlay-type":"","overlay-color":"","overlay-opacity":"","overlay-gradient":""}},"ast-content-background-meta":{"desktop":{"background-color":"var(--ast-global-color-5)","background-image":"","background-repeat":"repeat","background-position":"center center","background-size":"auto","background-attachment":"scroll","background-type":"","background-media":"","overlay-type":"","overlay-color":"","overlay-opacity":"","overlay-gradient":""},"tablet":{"background-color":"var(--ast-global-color-5)","background-image":"","background-repeat":"repeat","background-position":"center center","background-size":"auto","background-attachment":"scroll","background-type":"","background-media":"","overlay-type":"","overlay-color":"","overlay-opacity":"","overlay-gradient":""},"mobile":{"background-color":"var(--ast-global-color-5)","background-image":"","background-repeat":"repeat","background-position":"center center","background-size":"auto","background-attachment":"scroll","background-type":"","background-media":"","overlay-type":"","overlay-color":"","overlay-opacity":"","overlay-gradient":""}},"footnotes":""},"categories":[11],"tags":[],"class_list":["post-20417","post","type-post","status-publish","format-standard","has-post-thumbnail","hentry","category-noticias"],"aioseo_notices":[],"_links":{"self":[{"href":"https:\/\/contarotacoes.com\/index.php?rest_route=\/wp\/v2\/posts\/20417","targetHints":{"allow":["GET"]}}],"collection":[{"href":"https:\/\/contarotacoes.com\/index.php?rest_route=\/wp\/v2\/posts"}],"about":[{"href":"https:\/\/contarotacoes.com\/index.php?rest_route=\/wp\/v2\/types\/post"}],"author":[{"embeddable":true,"href":"https:\/\/contarotacoes.com\/index.php?rest_route=\/wp\/v2\/users\/2"}],"replies":[{"embeddable":true,"href":"https:\/\/contarotacoes.com\/index.php?rest_route=%2Fwp%2Fv2%2Fcomments&post=20417"}],"version-history":[{"count":1,"href":"https:\/\/contarotacoes.com\/index.php?rest_route=\/wp\/v2\/posts\/20417\/revisions"}],"predecessor-version":[{"id":20419,"href":"https:\/\/contarotacoes.com\/index.php?rest_route=\/wp\/v2\/posts\/20417\/revisions\/20419"}],"wp:featuredmedia":[{"embeddable":true,"href":"https:\/\/contarotacoes.com\/index.php?rest_route=\/wp\/v2\/media\/20418"}],"wp:attachment":[{"href":"https:\/\/contarotacoes.com\/index.php?rest_route=%2Fwp%2Fv2%2Fmedia&parent=20417"}],"wp:term":[{"taxonomy":"category","embeddable":true,"href":"https:\/\/contarotacoes.com\/index.php?rest_route=%2Fwp%2Fv2%2Fcategories&post=20417"},{"taxonomy":"post_tag","embeddable":true,"href":"https:\/\/contarotacoes.com\/index.php?rest_route=%2Fwp%2Fv2%2Ftags&post=20417"}],"curies":[{"name":"wp","href":"https:\/\/api.w.org\/{rel}","templated":true}]}}