{"id":20363,"date":"2025-09-11T20:25:45","date_gmt":"2025-09-11T20:25:45","guid":{"rendered":"https:\/\/contarotacoes.com\/?p=20363"},"modified":"2025-09-11T20:25:45","modified_gmt":"2025-09-11T20:25:45","slug":"alberto-pereira-de-regresso-ao-nacional-de-montanha-na-rampa-de-boticas","status":"publish","type":"post","link":"https:\/\/contarotacoes.com\/?p=20363","title":{"rendered":"ALBERTO PEREIRA DE REGRESSO AO NACIONAL DE MONTANHA NA RAMPA DE BOTICAS"},"content":{"rendered":"<p style=\"font-weight: 400; text-align: justify;\">O simp\u00e1tico ex -autarca de Mes\u00e3o Frio, Alberto Pereira est\u00e1 \u00a0de regresso ao Campeonato Portugal Montanha JC Group 2025, j\u00e1 no pr\u00f3ximo fim de semana, na pen\u00faltima jornada que vai ter lugar na Rampa de Boticas, onde vai ap\u00f3s a recupera\u00e7\u00e3o do seu Honda Civic Type R, lutar pela vit\u00f3ria na categoria, num evento organizado pelo Demoporto.<\/p>\n<p style=\"font-weight: 400; text-align: justify;\">Quanto a esta participa\u00e7\u00e3o, come\u00e7ou por nos referir \u201c\u00a0<strong>finalmente tenho carro pronto, vou participar na Rampa de Boticas, para acima de tudo poder lutar pela vit\u00f3ria na categoria, algo que de f\u00e1cil n\u00e3o vai ter nada. Espero nas subidas de treinos encontrar as afina\u00e7\u00f5es corretas, para depois nas subidas de prova poder dar o meu melhor e com isso a conduzir-me ao objetivo pretendido, esperando que esteja tudo bem com o carro, e que assim consiga atingir os objetivos pretendidos\u201d, disse-nos Alberto Pereira<\/strong>, confiante na obten\u00e7\u00e3o dum bom resultado.<\/p>\n<p style=\"font-weight: 400; text-align: justify;\"><strong>Alberto Pereira e o Honda Civic<\/strong> ir\u00e3o fazer as verifica\u00e7\u00f5es t\u00e9cnicas e documentais na sexta feira \u00e0 tarde, para depois no s\u00e1bado de manh\u00e3, por volta das 10 horas dar lugar \u00e0 subida da warm up, logo seguido por duas subidas oficiais de prova, e a 1\u00aa subida oficial de prova. NO domingo haver\u00e1 lugar a tr\u00eas subidas, duas de prova, e uma de treinos.<\/p>\n","protected":false},"excerpt":{"rendered":"<p>O simp\u00e1tico ex -autarca de Mes\u00e3o Frio, Alberto Pereira est\u00e1 \u00a0de regresso ao Campeonato Portugal Montanha JC Group 2025, j\u00e1 no pr\u00f3ximo fim de semana, na pen\u00faltima jornada que vai ter lugar na Rampa de Boticas, onde vai ap\u00f3s a recupera\u00e7\u00e3o do seu Honda Civic Type R, lutar pela vit\u00f3ria na categoria, num evento organizado [&hellip;]<\/p>\n","protected":false},"author":2,"featured_media":20364,"comment_status":"open","ping_status":"open","sticky":false,"template":"","format":"standard","meta":{"_editorskit_title_hidden":false,"_editorskit_reading_time":0,"_editorskit_is_block_options_detached":false,"_editorskit_block_options_position":"{}","om_disable_all_campaigns":false,"_monsterinsights_skip_tracking":false,"_monsterinsights_sitenote_active":false,"_monsterinsights_sitenote_note":"","_monsterinsights_sitenote_category":0,"_uf_show_specific_survey":0,"_uf_disable_surveys":false,"site-sidebar-layout":"default","site-content-layout":"","ast-site-content-layout":"default","site-content-style":"default","site-sidebar-style":"default","ast-global-header-display":"","ast-banner-title-visibility":"","ast-main-header-display":"","ast-hfb-above-header-display":"","ast-hfb-below-header-display":"","ast-hfb-mobile-header-display":"","site-post-title":"","ast-breadcrumbs-content":"","ast-featured-img":"","footer-sml-layout":"","theme-transparent-header-meta":"default","adv-header-id-meta":"","stick-header-meta":"default","header-above-stick-meta":"","header-main-stick-meta":"","header-below-stick-meta":"","astra-migrate-meta-layouts":"set","ast-page-background-enabled":"default","ast-page-background-meta":{"desktop":{"background-color":"","background-image":"","background-repeat":"repeat","background-position":"center center","background-size":"auto","background-attachment":"scroll","background-type":"","background-media":"","overlay-type":"","overlay-color":"","overlay-opacity":"","overlay-gradient":""},"tablet":{"background-color":"","background-image":"","background-repeat":"repeat","background-position":"center center","background-size":"auto","background-attachment":"scroll","background-type":"","background-media":"","overlay-type":"","overlay-color":"","overlay-opacity":"","overlay-gradient":""},"mobile":{"background-color":"","background-image":"","background-repeat":"repeat","background-position":"center center","background-size":"auto","background-attachment":"scroll","background-type":"","background-media":"","overlay-type":"","overlay-color":"","overlay-opacity":"","overlay-gradient":""}},"ast-content-background-meta":{"desktop":{"background-color":"var(--ast-global-color-5)","background-image":"","background-repeat":"repeat","background-position":"center center","background-size":"auto","background-attachment":"scroll","background-type":"","background-media":"","overlay-type":"","overlay-color":"","overlay-opacity":"","overlay-gradient":""},"tablet":{"background-color":"var(--ast-global-color-5)","background-image":"","background-repeat":"repeat","background-position":"center center","background-size":"auto","background-attachment":"scroll","background-type":"","background-media":"","overlay-type":"","overlay-color":"","overlay-opacity":"","overlay-gradient":""},"mobile":{"background-color":"var(--ast-global-color-5)","background-image":"","background-repeat":"repeat","background-position":"center center","background-size":"auto","background-attachment":"scroll","background-type":"","background-media":"","overlay-type":"","overlay-color":"","overlay-opacity":"","overlay-gradient":""}},"footnotes":""},"categories":[11],"tags":[],"class_list":["post-20363","post","type-post","status-publish","format-standard","has-post-thumbnail","hentry","category-noticias"],"aioseo_notices":[],"_links":{"self":[{"href":"https:\/\/contarotacoes.com\/index.php?rest_route=\/wp\/v2\/posts\/20363","targetHints":{"allow":["GET"]}}],"collection":[{"href":"https:\/\/contarotacoes.com\/index.php?rest_route=\/wp\/v2\/posts"}],"about":[{"href":"https:\/\/contarotacoes.com\/index.php?rest_route=\/wp\/v2\/types\/post"}],"author":[{"embeddable":true,"href":"https:\/\/contarotacoes.com\/index.php?rest_route=\/wp\/v2\/users\/2"}],"replies":[{"embeddable":true,"href":"https:\/\/contarotacoes.com\/index.php?rest_route=%2Fwp%2Fv2%2Fcomments&post=20363"}],"version-history":[{"count":1,"href":"https:\/\/contarotacoes.com\/index.php?rest_route=\/wp\/v2\/posts\/20363\/revisions"}],"predecessor-version":[{"id":20365,"href":"https:\/\/contarotacoes.com\/index.php?rest_route=\/wp\/v2\/posts\/20363\/revisions\/20365"}],"wp:featuredmedia":[{"embeddable":true,"href":"https:\/\/contarotacoes.com\/index.php?rest_route=\/wp\/v2\/media\/20364"}],"wp:attachment":[{"href":"https:\/\/contarotacoes.com\/index.php?rest_route=%2Fwp%2Fv2%2Fmedia&parent=20363"}],"wp:term":[{"taxonomy":"category","embeddable":true,"href":"https:\/\/contarotacoes.com\/index.php?rest_route=%2Fwp%2Fv2%2Fcategories&post=20363"},{"taxonomy":"post_tag","embeddable":true,"href":"https:\/\/contarotacoes.com\/index.php?rest_route=%2Fwp%2Fv2%2Ftags&post=20363"}],"curies":[{"name":"wp","href":"https:\/\/api.w.org\/{rel}","templated":true}]}}