{"id":20339,"date":"2025-09-11T19:36:52","date_gmt":"2025-09-11T19:36:52","guid":{"rendered":"https:\/\/contarotacoes.com\/?p=20339"},"modified":"2025-09-11T19:37:27","modified_gmt":"2025-09-11T19:37:27","slug":"panorama-standvirtual-mercado-de-usados-procura-sobe-46-em-agosto-face-ao-mesmo-mes-do-ano-passado","status":"publish","type":"post","link":"https:\/\/contarotacoes.com\/?p=20339","title":{"rendered":"Panorama Standvirtual &#8211; MERCADO DE USADOS: PROCURA SOBE +46% EM AGOSTO FACE AO MESMO M\u00caS DO ANO PASSADO"},"content":{"rendered":"<p class=\"v1MsoNormal\" style=\"text-align: justify;\">Com uma din\u00e2mica de mercado de cerca de +45% em agosto, verifica-se um aumento geral de +46% da procura e uma ligeira diminui\u00e7\u00e3o de -3% na oferta de ve\u00edculos usados, em rela\u00e7\u00e3o ao per\u00edodo hom\u00f3logo de 2024. O crescimento na procura est\u00e1 presente ainda nas marcas de luxo e\u00a0<i>premium<\/i>\u00a0(+31% e +30%, respetivamente), como tamb\u00e9m nos ve\u00edculos de todos os intervalos de idade (entre +16% e +28%).<\/p>\n<p class=\"v1MsoNormal\" style=\"text-align: justify;\"><b>COMBUST\u00cdVEL<\/b><\/p>\n<p class=\"v1MsoNormal\" style=\"text-align: justify;\"><a name=\"v1_heading=h.yaa83y8awi27\"><\/a>\u25cf\u00a0\u00a0\u00a0\u00a0\u00a0\u00a0\u00a0\u00a0<b>Os ve\u00edculos el\u00e9tricos\u00a0<\/b><b>registaram\u00a0novamente o maior aumento da procura em agosto face ao ano passado no mercado de usados: +70% nos el\u00e9tricos premium e +68% nos el\u00e9tricos de volume. Relativamente \u00e0 oferta<\/b>, verificou-se um crescimento em rela\u00e7\u00e3o ao per\u00edodo hom\u00f3logo de 2024 (+33% nos el\u00e9tricos de volume e +20%\u00a0nos premium).<\/p>\n<p class=\"v1MsoNormal\" style=\"text-align: justify;\">\u25cf\u00a0\u00a0\u00a0\u00a0\u00a0\u00a0\u00a0\u00a0<b>A procura e a oferta de carros a gasolina<\/b>\u00a0cresceu\u00a0face ao mesmo m\u00eas do ano anterior (+55% e +2%, respetivamente). No que diz respeito aos ve\u00edculos a diesel, esta tipologia\u00a0<b>apresent<\/b><b>ou\u00a0um aumento da procura<\/b>\u00a0em rela\u00e7\u00e3o ao per\u00edodo hom\u00f3logo (+25%). Contudo, houve\u00a0uma\u00a0<b>diminui\u00e7\u00e3o da oferta<\/b>\u00a0nos carros a diesel (-14%).<\/p>\n<p class=\"v1MsoNormal\" style=\"text-align: justify;\">\u25cf\u00a0\u00a0\u00a0\u00a0\u00a0\u00a0\u00a0\u00a0<b>Carros El\u00e9tricos<\/b>,\u00a0<b>H\u00edbridos a Gasolina<\/b>,\u00a0<b>H\u00edbridos a Diesel<\/b>\u00a0e\u00a0<b>Hi\u0301brido Plug-in<\/b>\u00a0representaram cerca de 19% da procura e cerca de 22% da oferta em agosto.<\/p>\n<p class=\"v1MsoNormal\" style=\"text-align: justify;\">\u25cf\u00a0\u00a0\u00a0\u00a0\u00a0\u00a0\u00a0\u00a0<b>Diesel<\/b>\u00a0(48%) e\u00a0<b>Gasolina<\/b>\u00a0(31%) mantiveram-se como as tipologias mais procuradas.<\/p>\n<p class=\"v1MsoNormal\" style=\"text-align: justify;\">\u25cf\u00a0\u00a0\u00a0\u00a0\u00a0\u00a0\u00a0\u00a0Em agosto, os carros a\u00a0<b>gasolina<\/b>,\u00a0<b>h\u00edbridos plug\u2013in<\/b>,\u00a0<b>h\u00edbridos a gasolina<\/b>\u00a0e\u00a0<b>GPL<\/b>\u00a0foram as \u00fanicas tipologias de combust\u00edvel com maior oferta de an\u00fancios (34%, 8%, 3% e 1%, respetivamente) do que procura. Nas restantes, a procura foi igual ou inferior \u00e0 oferta.<b><\/b><b>\u00a0<\/b><\/p>\n<p class=\"v1MsoNormal\" style=\"text-align: justify;\"><b>PRE\u00c7OS<\/b><\/p>\n<p class=\"v1MsoNormal\" style=\"text-align: justify;\">\u25cf\u00a0\u00a0\u00a0\u00a0\u00a0\u00a0\u00a0\u00a0<b>Autom\u00f3veis\u00a0<\/b><b>de valor inferior\u00a0a\u00a015.000\u20ac revelaram\u00a0o maior aumento da procura (+57%) em agosto, seguidos pelos ve\u00edculos entre 15.000\u20ac a 30.000\u20ac<\/b>\u00a0<b>(+24%) e acima de 30.000\u20ac (+23%)<\/b>, face ao mesmo m\u00eas de agosto do ano anterior.<\/p>\n<ul style=\"text-align: justify;\" type=\"disc\">\n<li class=\"v1MsoNormal\"><b>A oferta nos ve\u00edculos acima de 30.000\u20ac e abaixo de 15.000\u20ac cresceu em compara\u00e7\u00e3o a agosto do ano passado (+6% e +2%, respetivamente)<\/b>. No entanto, a oferta apresenta um decr\u00e9scimo nos ve\u00edculos entre 15.000\u20ac a 30.000\u20ac (-9%) face ao mesmo m\u00eas do ano anterior.<\/li>\n<\/ul>\n<p class=\"v1MsoNormal\" style=\"text-align: justify;\">\u25cf\u00a0\u00a0\u00a0\u00a0\u00a0\u00a0\u00a0\u00a0A categoria dos 10.000\u20ac aos 25.000\u20ac continuou a\u00a0<b>registar o maior n\u00famero de visualiza\u00e7\u00f5es (35%) e de an\u00fancios (48%) em agosto<\/b>.<\/p>\n<p class=\"v1MsoNormal\" style=\"text-align: justify;\"><b>ANO DE MATR\u00cdCULA<\/b><\/p>\n<p class=\"v1MsoNormal\" style=\"text-align: justify;\">\u25cf\u00a0\u00a0\u00a0\u00a0\u00a0\u00a0\u00a0\u00a0<b>A procura cresceu principalmente nos ve\u00edculos de 10 a 15 anos\u00a0<\/b>(+28%), face a agosto do ano passado. Este crescimento da procura \u00e9 tamb\u00e9m vis\u00edvel nos\u00a0<b>carros entre 1 a 3 anos<\/b>\u00a0e\u00a0<b>5 a 10 anos\u00a0<\/b>(+27% em ambos), de\u00a0<b>3 a 5 anos<\/b>\u00a0(+19%) e\u00a0<b>at\u00e9 1 ano<\/b>\u00a0(+16%), face a agosto do ano passado.<\/p>\n<p class=\"v1MsoNormal\" style=\"text-align: justify;\">\u25cf\u00a0\u00a0\u00a0\u00a0\u00a0\u00a0\u00a0\u00a0<b>A oferta revel<\/b><b>ou\u00a0um crescimento comparativamente ao mesmo m\u00eas de 2024 apenas nos ve\u00edculos de 10 a 15 anos<\/b>\u00a0<b>(+3%)<\/b>. Em todos os outros intervalos de idade a oferta apresentou\u00a0um decr\u00e9scimo em rela\u00e7\u00e3o ao per\u00edodo hom\u00f3logo do ano anterior.<\/p>\n<p class=\"v1MsoNormal\" style=\"text-align: justify;\">\u25cf\u00a0\u00a0\u00a0\u00a0\u00a0\u00a0\u00a0\u00a0Carros com matr\u00edcula\u00a0<b>entre 2019 e 2020<\/b>\u00a0foram os mais visualizados em agosto (cerca de 9,2%), seguidos dos carros matriculados entre 2021 e 2022 (cerca de 7,8%).<\/p>\n<p class=\"v1MsoNormal\" style=\"text-align: justify;\"><b>SEGMENTO E MARCA<\/b><\/p>\n<ul style=\"text-align: justify;\" type=\"disc\">\n<li class=\"v1MsoNormal\"><b>Em agosto, a procura cresceu especialmente nos citadinos\u00a0<\/b>(+58%),\u00a0<b>nos<\/b>\u00a0<b>utilit\u00e1rios<\/b>\u00a0(+56%),\u00a0<b>nos<\/b>\u00a0<b>pequenos citadinos<\/b>\u00a0(+42%) e\u00a0<b>nos sedan\u00a0<\/b>(+41%). Nos restantes segmentos a procura aumentou tamb\u00e9m ou estabilizou.<\/li>\n<\/ul>\n<p class=\"v1MsoNormal\" style=\"text-align: justify;\">\u25cf\u00a0\u00a0\u00a0\u00a0\u00a0\u00a0\u00a0\u00a0<b>SUV<\/b>\u00a0(22%),\u00a0<b>utilit\u00e1rios\u00a0<\/b>(18%),<b>\u00a0citadinos<\/b>\u00a0e\u00a0<b>carrinhas<\/b>\u00a0(cerca de 17% e 16%) foram os segmentos mais procurados em agosto.<b>\u00a0<\/b>A oferta foi maior e superou a procura nas categorias de\u00a0<b>SUV<\/b>\u00a0(29%),\u00a0<b>carrinhas<\/b>\u00a0(16,4%) e\u00a0<b>cabrio\u00a0<\/b>(3,6%).<b><\/b><\/p>\n<ul style=\"text-align: justify;\" type=\"disc\">\n<li class=\"v1MsoNormal\"><a name=\"v1_heading=h.i1sa8z7e5i6\"><\/a>A\u00a0<b>Tesla<\/b>, a\u00a0<b>BMW\u00a0<\/b>e a\u00a0<b>BYD<\/b>\u00a0foram\u00a0as marcas mais procuradas no m\u00eas de agosto. Por outro lado, as marcas mais anunciadas\u00a0foram\u00a0a\u00a0<b>Renault<\/b>, a\u00a0<b>Peugeot\u00a0<\/b>e a\u00a0<b>Mercedes-Benz<\/b>.<\/li>\n<li class=\"v1MsoNormal\">Os carros mais procurados em agosto, por intervalo de pre\u00e7os, foram o\u00a0<b>Renault Clio\u00a0<\/b>na categoria abaixo dos 5.000; o\u00a0<b>BMW Serie 3<\/b>\u00a0na categoria dos 5.000\u20ac aos 10.000\u20ac; o\u00a0<b>Tesla Model 3<\/b>\u00a0na categoria dos 10.000\u20ac aos 25.000\u20ac; o\u00a0<b>BYD Atto 3<\/b>\u00a0dos 25.000\u20ac aos 40.000\u20ac; e o\u00a0<b>Mercedes Classe E\u00a0<\/b>acima dos 40.000\u20ac.<\/li>\n<li class=\"v1MsoNormal\">Nos el\u00e9tricos e h\u00edbridos, a procura foi encabe\u00e7ada pelo\u00a0<b>Tesla Model 3<\/b>, o\u00a0<b>Renault Zoe<\/b>\u00a0e o\u00a0<b>Tesla Included<\/b>, em agosto.<\/li>\n<\/ul>\n<p class=\"v1MsoNormal\" style=\"text-align: justify;\">O Standvirtual, portal l\u00edder em carros, divulga o Panorama Mensal do Mercado Autom\u00f3vel, baseado em dados dispon\u00edveis na plataforma sobre visualiza\u00e7\u00f5es, oferta e procura, no qual analisa detalhadamente os principais indicadores de compra e venda do mercado autom\u00f3vel no m\u00eas de agosto de 2025.<\/p>\n<p class=\"v1MsoNormal\" style=\"text-align: justify;\">\u00ab<i>No m\u00eas de agosto, os ve\u00edculos el\u00e9tricos usados voltaram a ser os grandes protagonistas do mercado autom\u00f3vel em Portugal, com a procura a mostrar um crescimento consider\u00e1vel face ao ano anterior. Esta tend\u00eancia revela ainda algumas diferen\u00e7as regionais, ou seja, Lisboa e a regi\u00e3o Norte continuam a concentrar grande parte da procura. No entanto, o Centro do pa\u00eds e o Algarve apresentam tamb\u00e9m um crescimento expressivo, o que refor\u00e7a a abrang\u00eancia da mobilidade el\u00e9trica em todo o pa\u00eds<\/i>\u00bb, refere Marta Espadeiro, Business Analyst do Standvirtual.<\/p>\n<p><a href=\"https:\/\/contarotacoes.com\/wp-content\/uploads\/2025\/09\/Panorama-Mensal-STV-Agosto.pdf\">Panorama Mensal STV Agosto<\/a><\/p>\n","protected":false},"excerpt":{"rendered":"<p>Com uma din\u00e2mica de mercado de cerca de +45% em agosto, verifica-se um aumento geral de +46% da procura e uma ligeira diminui\u00e7\u00e3o de -3% na oferta de ve\u00edculos usados, em rela\u00e7\u00e3o ao per\u00edodo hom\u00f3logo de 2024. O crescimento na procura est\u00e1 presente ainda nas marcas de luxo e\u00a0premium\u00a0(+31% e +30%, respetivamente), como tamb\u00e9m nos [&hellip;]<\/p>\n","protected":false},"author":2,"featured_media":20340,"comment_status":"open","ping_status":"open","sticky":false,"template":"","format":"standard","meta":{"_editorskit_title_hidden":false,"_editorskit_reading_time":0,"_editorskit_is_block_options_detached":false,"_editorskit_block_options_position":"{}","om_disable_all_campaigns":false,"_monsterinsights_skip_tracking":false,"_monsterinsights_sitenote_active":false,"_monsterinsights_sitenote_note":"","_monsterinsights_sitenote_category":0,"_uf_show_specific_survey":0,"_uf_disable_surveys":false,"site-sidebar-layout":"default","site-content-layout":"","ast-site-content-layout":"default","site-content-style":"default","site-sidebar-style":"default","ast-global-header-display":"","ast-banner-title-visibility":"","ast-main-header-display":"","ast-hfb-above-header-display":"","ast-hfb-below-header-display":"","ast-hfb-mobile-header-display":"","site-post-title":"","ast-breadcrumbs-content":"","ast-featured-img":"","footer-sml-layout":"","theme-transparent-header-meta":"default","adv-header-id-meta":"","stick-header-meta":"default","header-above-stick-meta":"","header-main-stick-meta":"","header-below-stick-meta":"","astra-migrate-meta-layouts":"set","ast-page-background-enabled":"default","ast-page-background-meta":{"desktop":{"background-color":"","background-image":"","background-repeat":"repeat","background-position":"center center","background-size":"auto","background-attachment":"scroll","background-type":"","background-media":"","overlay-type":"","overlay-color":"","overlay-opacity":"","overlay-gradient":""},"tablet":{"background-color":"","background-image":"","background-repeat":"repeat","background-position":"center center","background-size":"auto","background-attachment":"scroll","background-type":"","background-media":"","overlay-type":"","overlay-color":"","overlay-opacity":"","overlay-gradient":""},"mobile":{"background-color":"","background-image":"","background-repeat":"repeat","background-position":"center center","background-size":"auto","background-attachment":"scroll","background-type":"","background-media":"","overlay-type":"","overlay-color":"","overlay-opacity":"","overlay-gradient":""}},"ast-content-background-meta":{"desktop":{"background-color":"var(--ast-global-color-5)","background-image":"","background-repeat":"repeat","background-position":"center center","background-size":"auto","background-attachment":"scroll","background-type":"","background-media":"","overlay-type":"","overlay-color":"","overlay-opacity":"","overlay-gradient":""},"tablet":{"background-color":"var(--ast-global-color-5)","background-image":"","background-repeat":"repeat","background-position":"center center","background-size":"auto","background-attachment":"scroll","background-type":"","background-media":"","overlay-type":"","overlay-color":"","overlay-opacity":"","overlay-gradient":""},"mobile":{"background-color":"var(--ast-global-color-5)","background-image":"","background-repeat":"repeat","background-position":"center center","background-size":"auto","background-attachment":"scroll","background-type":"","background-media":"","overlay-type":"","overlay-color":"","overlay-opacity":"","overlay-gradient":""}},"footnotes":""},"categories":[13],"tags":[],"class_list":["post-20339","post","type-post","status-publish","format-standard","has-post-thumbnail","hentry","category-comercio"],"aioseo_notices":[],"_links":{"self":[{"href":"https:\/\/contarotacoes.com\/index.php?rest_route=\/wp\/v2\/posts\/20339","targetHints":{"allow":["GET"]}}],"collection":[{"href":"https:\/\/contarotacoes.com\/index.php?rest_route=\/wp\/v2\/posts"}],"about":[{"href":"https:\/\/contarotacoes.com\/index.php?rest_route=\/wp\/v2\/types\/post"}],"author":[{"embeddable":true,"href":"https:\/\/contarotacoes.com\/index.php?rest_route=\/wp\/v2\/users\/2"}],"replies":[{"embeddable":true,"href":"https:\/\/contarotacoes.com\/index.php?rest_route=%2Fwp%2Fv2%2Fcomments&post=20339"}],"version-history":[{"count":2,"href":"https:\/\/contarotacoes.com\/index.php?rest_route=\/wp\/v2\/posts\/20339\/revisions"}],"predecessor-version":[{"id":20343,"href":"https:\/\/contarotacoes.com\/index.php?rest_route=\/wp\/v2\/posts\/20339\/revisions\/20343"}],"wp:featuredmedia":[{"embeddable":true,"href":"https:\/\/contarotacoes.com\/index.php?rest_route=\/wp\/v2\/media\/20340"}],"wp:attachment":[{"href":"https:\/\/contarotacoes.com\/index.php?rest_route=%2Fwp%2Fv2%2Fmedia&parent=20339"}],"wp:term":[{"taxonomy":"category","embeddable":true,"href":"https:\/\/contarotacoes.com\/index.php?rest_route=%2Fwp%2Fv2%2Fcategories&post=20339"},{"taxonomy":"post_tag","embeddable":true,"href":"https:\/\/contarotacoes.com\/index.php?rest_route=%2Fwp%2Fv2%2Ftags&post=20339"}],"curies":[{"name":"wp","href":"https:\/\/api.w.org\/{rel}","templated":true}]}}