{"id":20231,"date":"2025-09-10T14:19:56","date_gmt":"2025-09-10T14:19:56","guid":{"rendered":"https:\/\/contarotacoes.com\/?p=20231"},"modified":"2025-09-10T14:19:56","modified_gmt":"2025-09-10T14:19:56","slug":"rampa-de-boticas-2025-recorde-de-inscritos-promete-decisao-quente-na-penultima-rampa-da-epoca","status":"publish","type":"post","link":"https:\/\/contarotacoes.com\/?p=20231","title":{"rendered":"Rampa de Boticas 2025: recorde de inscritos promete decis\u00e3o quente na pen\u00faltima rampa da \u00e9poca"},"content":{"rendered":"<p style=\"text-align: justify;\"><strong>A Rampa de Boticas recebe no pr\u00f3ximo fim-de-semana a 7\u00aa jornada do Campeonato de Portugal de Montanha JC Group. A prova do Demoporto j\u00e1 conquistou rapidamente um lugar de destaque no calend\u00e1rio da modalidade, fruto da exig\u00eancia do tra\u00e7ado de 5,11 quil\u00f3metros, com 727 metros de desn\u00edvel e uma inclina\u00e7\u00e3o m\u00e9dia de 9,2%, e da moldura humana que todos os anos vive intensamente o evento.<\/strong><\/p>\n<p style=\"text-align: justify;\">A edi\u00e7\u00e3o de 2025 volta a superar-se, reunindo 96 inscritos, n\u00famero que promete espet\u00e1culo em todas as categorias e que poder\u00e1 ser decisivo para a defini\u00e7\u00e3o de t\u00edtulos nacionais.<\/p>\n<p style=\"text-align: justify;\"><strong>Absoluto: H\u00e9lder Silva com estatuto de favorito<\/strong><\/p>\n<p style=\"text-align: justify;\">O tetracampe\u00e3o nacional H\u00e9lder Silva (Nova Proto NP 01) chega a Boticas com condi\u00e7\u00f5es para ficar perto do \u2018Penta\u2019, depois de mais uma vit\u00f3ria dominante no Caramulo ter refor\u00e7ado ainda mais a sua supremacia. O \u201cM\u00edssil da P\u00f3voa\u201d ter\u00e1, contudo, oposi\u00e7\u00e3o s\u00e9ria de Jos\u00e9 Correia (Osella PA.30), em clara evolu\u00e7\u00e3o com a barchetta italiana, e do seu colega de equipa Nuno Caetano (Osella PA21S Evo), que j\u00e1 provou capacidade para se intrometer na luta pelos p\u00f3dios. Tamb\u00e9m Carlos Gon\u00e7alves (Osella PA21\/S) e o consagrado espanhol Jos\u00e9 Lopez-Fombona (Audi RS5 DTM) refor\u00e7am um pelot\u00e3o de luxo entre os Prot\u00f3tipos.<\/p>\n<p style=\"text-align: justify;\">Nos Prot\u00f3tipos B, a luta promete ser ao mil\u00e9simo, como tem sido marca da temporada. Os jovens Tom\u00e1s Pinto (BRC CM 05 Evo) e Afonso Santos (BRC B49) t\u00eam tudo para voltarem a ser os \u2018galos\u2019 em luta pelo \u2018poleiro\u2019 da Divis\u00e3o, mas os consagrados Nuno Guimar\u00e3es (Silvercar S2) e S\u00e9rgio Nogueira (Silvercar S3) j\u00e1 venceram esta \u00e9poca e tudo far\u00e3o para tamb\u00e9m estarem na luta. Miguel Sousa (BRC Evo 05) e Martin Villar Bangueses (BRC 05 Evo) completam um grupo equilibrado que proporcionar\u00e1 lutas intensas do fim de semana.<\/p>\n<p style=\"text-align: justify;\"><strong>GT: Jos\u00e9 Rodrigues perto do t\u00edtulo<\/strong><\/p>\n<p style=\"text-align: justify;\">O pelot\u00e3o GT volta a apresentar-se fort\u00edssimo, com Jos\u00e9 Rodrigues (Porsche 997.2 GT3 Cup) a poder fechar as contas do cetro nacional j\u00e1 em Tr\u00e1s-os-Montes. V\u00edtor Pascoal (Porsche 991.2 GT3 Cup) tudo far\u00e1 para tentar contrariar o favoritismo do bracarense, o mesmo se esperando de Bernardo Garcia de Castro (Porsche 991.2 GT3 Cup) e de Gabriela Correia (Mercedes AMG GT4), enquanto Daniel Vila\u00e7a (Porsche 911 GT3 Cup) e o galego Jorge Perez Alonso (Porsche 911 GT3) completam uma lista de inscritos de alto n\u00edvel.<\/p>\n<p style=\"text-align: justify;\"><strong>Turismos: a \u201cguerra\u201d pelo t\u00edtulo entre Pedro Alves e Gon\u00e7alo In\u00e1cio <\/strong><\/p>\n<p style=\"text-align: justify;\"><strong>e o regresso aos R5 de Summavielle<\/strong><\/p>\n<p style=\"text-align: justify;\">Nos Turismos, a luta pelo t\u00edtulo est\u00e1 ao rubro. Pedro Alves (Seat Leon TCR) chega invenc\u00edvel desde que trocou de m\u00e1quina, mas Gon\u00e7alo In\u00e1cio (Kia Ceed TCR) n\u00e3o desarma e promete vender cara a derrota na categoria e na Divis\u00e3o Turismo 2. Aqui e a estes, juntam-se Beatriz Correia (Seat Cupra), Paulo Silva (Audi RS3 LMS), Paulo Cardoso (Cupra TCR), Joaquim Teixeira (Hyundai Elantra TCR), Guilherme Silva (Peugeot 208 Rally4) e Eduardo Santos (Renault Clio Rally4\/5), todos candidatos a bons resultados em Turismo 2, com especial aten\u00e7\u00e3o a Joaquim Teixeira \u2013 que \u2018joga em casa\u2019 &#8211; e Paulo Silva.<\/p>\n<p style=\"text-align: justify;\">J\u00e1 nos Turismo 1, residem grandes novidades. Para al\u00e9m de se registar a presen\u00e7a do espanhol Francisco Sanz Fonseca (Ford Fiesta), Parcidio Summavielle est\u00e1 de regresso aos comandos de um Skoda Fabia R5, tornando-se um dos favoritos ao triunfo na categoria.<\/p>\n<p style=\"text-align: justify;\">Nos sempre animados Turismo 3, Martim Gon\u00e7alves Pereira (Peugeot 208 R2) \u00e9 candidato natural \u00e0 vit\u00f3ria, mas ter\u00e1 forte oposi\u00e7\u00e3o de Jorge Meira (Citroen Saxo Cup), An\u00edbal Pinto (Renault Clio RS), Carlos Ferreira (Citroen Saxo), Filipe Ferreira (Honda Civic Type R EP3), Tiago Pinto (Honda Civic Type R EP3), Carlos Silva (Renault Clio RS), Jos\u00e9 Cardoso (Citroen Saxo Cup), Bruno Rodrigues (Honda Civic Type R EP3), Jos\u00e9 Artur Teixeira (Honda Civic Type R), Leonel Br\u00e1s (Honda Civic Type R) e Diana Martins (Peugeot 208 VTI R2B).<\/p>\n<p style=\"text-align: justify;\"><strong>Super Challenge: Lu\u00eds Nunes contra todos<\/strong><\/p>\n<p style=\"text-align: justify;\">Invicto em 2025, Lu\u00eds Nunes (Skoda Fabia R5) tem tudo para selar as contas de mais um t\u00edtulo nacional j\u00e1 em Boticas. Ter\u00e1 novamente em Jos\u00e9 Lameiro (Skoda Fabia MK3) um dos maiores opositores na geral da categoria e entre os SC-A. O pelot\u00e3o dos SC-A inclui ainda Manuel Rocha e Sousa (Ford Focus Super Car), Daniel Pacheco (Renault Clio Super Car), Daniela Marques (Subaru Impreza WRX STI), Pedro Marques (Subaru Impreza WRX STI) e Jos\u00e9 Pires (Nissan GT-R R35).<\/p>\n<p style=\"text-align: justify;\">Em SC-B alinham o favorito Lu\u00eds Silva (BMW E30 M3), Pedro Cardoso (Seat Leon Mk I), Vera Sequeira (Seat Leon TDI), Jo\u00e3o Pires (BMW E36 M3), Pedro Cerqueira (Peugeot 207 RC 1.6 THP), Bruno Ponteira (VW Golf GTI R35), Filipe Peixoto (Honda Accord Type R), Arlindo Be\u00e7a (Mini Cooper S) e Ant\u00f3nio Reis Gon\u00e7alves (Vauxhall Corsa VXR).<\/p>\n<p style=\"text-align: justify;\">Na SC-C, Bruno Carvalho (Citroen Saxo) tentar\u00e1 repetir vit\u00f3rias, mas ter\u00e1 forte oposi\u00e7\u00e3o de Alberto Pereira (Honda Civic Type R), Francisco Vieira Leite (Toyota Corolla T-Sport), Vera Cardoso (Citroen Saxo), Pedro Brito (Citroen AX 1600), Pedro Dias (Toyota Corolla T-Sport), Jorge Costela (Citroen Saxo VTS), Pedro Neves (Honda Civic), Lu\u00eds Fernandes (Peugeot 106) e Martim Magalh\u00e3es (Opel Corsa A).<\/p>\n<p style=\"text-align: justify;\">Em SC-D estar\u00e3o Lu\u00eds Silva (Citroen C1) e Hor\u00e1cio Morais (Renault Clio), num duelo que tem tudo para ser equilibrado.<\/p>\n<p style=\"text-align: justify;\">Na Ta\u00e7a de Portugal Kartcross de Montanha, o l\u00edder Ant\u00f3nio Alves (AG AG\/S), correr\u00e1 a solo.<\/p>\n<p style=\"text-align: justify;\"><strong>Cl\u00e1ssicos: Rui Costa est\u00e1 de volta e \u00e9 favorito <\/strong><\/p>\n<p style=\"text-align: justify;\">Entre os Cl\u00e1ssicos, Rui Costa (Ford Escort RS1600) tem tudo para, como usualmente, impor a lei do seu potente carro, sendo que o trio constitu\u00eddo por Pedro Silva (VW Golf 16S), Fl\u00e1vio Sainhas (Ford Escort Mk1) e Jos\u00e9 Pedro Gomes (Ford Escort Mk2 RS1800) d\u00e3o muito mais do que cor \u00e0 rampa, sendo capazes de tentar contrariar o favoritismo do piloto minhoto.<\/p>\n<p style=\"text-align: justify;\"><strong>Legends: Ant\u00f3nio Barros \u00e0 porta da revalida\u00e7\u00e3o do t\u00edtulo<\/strong><\/p>\n<p style=\"text-align: justify;\">Nos Legends, Ant\u00f3nio Barros (BMW E36 M3) nem precisa de vencer para rematar as contas do bicampeonato, mas \u00e9 claro favorito a nova vit\u00f3ria. Miguel Gon\u00e7alves (BMW E36 Coup\u00e9), Filipe Macedo (Citroen Saxo Cup), Ant\u00f3nio Silva (Honda Civic), Carlos Delgado (Mercedes 190 2.3 16V), B\u00e1rbara Barros (Fiat Bravo TD 100 GT), Miguel \u00c2ngelo (Peugeot 106), Gon\u00e7alo Janeira (Citroen AX GTi), Armindo Correia (Peugeot 306), Telmo Costa (Citroen Saxo CPLM) e Horst Baptista (Renault 5 GT Turbo), completam o forte plantel de Legends presentes em Boticas.<\/p>\n<p style=\"text-align: justify;\"><strong>1300: jovens talentos e veteranos em confronto<\/strong><\/p>\n<p style=\"text-align: justify;\">Nas contas do CPM 1300 destaque para a aus\u00eancia do j\u00e1 campe\u00e3o Jos\u00e9 Salgado.<\/p>\n<p style=\"text-align: justify;\">Alinham Tiago Santos (Citroen AX Sport), Hugo Magalh\u00e3es (Suzuki Swift GTi), Jo\u00e3o Diogo Santos (Fiat Punto 85 Sport) e Roberto Meira (Fiat Punto 85 Sport) numa primeira linha de combate pela supremacia. Alexandre Duarte (Fiat Punto), Rafael Jorge (Citroen C1), Simpl\u00edcio Taveira (Citroen C1) e Tiago Teixeira (Peugeot 106 XSI) tudo far\u00e3o para se imiscuir na discuss\u00e3o. Na Divis\u00e3o Cl\u00e1ssicos 1300, Domingos Fernandes (Autobianchi A112) e An\u00edbal Rolo (Datsun 1200) s\u00e3o os protagonistas, com Rolo a ser claramente o favorito.<\/p>\n<p style=\"text-align: justify;\">No FPAK Junior Team a quest\u00e3o prende-se com a capacidade de Carolina Martins e Andr\u00e9 Br\u00e1s poderem finalmente quebrar a invencibilidade de Nuno Guimar\u00e3es . N\u00e3o ser\u00e1 f\u00e1cil, tal o dom\u00ednio que tem sido exercido nesta luta de \u2018jovens lobos\u2019 pelo piloto de Peso da R\u00e9gua.<\/p>\n<p style=\"text-align: justify;\">O programa desportivo da Rampa de Boticas arranca no s\u00e1bado, 13 de setembro, com o Warm Up marcado para as 10h00, seguindo-se a primeira subida de treinos do CPM \u00e0s 12h00. A segunda subida de treinos est\u00e1 prevista para as 14h00 e, a encerrar o dia, ter\u00e1 lugar a primeira subida oficial, agendada para as 16h00.<\/p>\n<p style=\"text-align: justify;\">No domingo, 14 de setembro, a a\u00e7\u00e3o recome\u00e7a \u00e0s 10h00 com a terceira subida de treinos, antes de se disputar a segunda subida oficial, \u00e0s 12h00. A terceira e \u00faltima subida oficial da prova est\u00e1 prevista para as 14h00, momento que poder\u00e1 ser decisivo na defini\u00e7\u00e3o de vit\u00f3rias e na luta pelos t\u00edtulos nacionais em disputa.<\/p>\n","protected":false},"excerpt":{"rendered":"<p>A Rampa de Boticas recebe no pr\u00f3ximo fim-de-semana a 7\u00aa jornada do Campeonato de Portugal de Montanha JC Group. A prova do Demoporto j\u00e1 conquistou rapidamente um lugar de destaque no calend\u00e1rio da modalidade, fruto da exig\u00eancia do tra\u00e7ado de 5,11 quil\u00f3metros, com 727 metros de desn\u00edvel e uma inclina\u00e7\u00e3o m\u00e9dia de 9,2%, e da [&hellip;]<\/p>\n","protected":false},"author":2,"featured_media":20232,"comment_status":"open","ping_status":"open","sticky":false,"template":"","format":"standard","meta":{"_editorskit_title_hidden":false,"_editorskit_reading_time":0,"_editorskit_is_block_options_detached":false,"_editorskit_block_options_position":"{}","om_disable_all_campaigns":false,"_monsterinsights_skip_tracking":false,"_monsterinsights_sitenote_active":false,"_monsterinsights_sitenote_note":"","_monsterinsights_sitenote_category":0,"_uf_show_specific_survey":0,"_uf_disable_surveys":false,"site-sidebar-layout":"default","site-content-layout":"","ast-site-content-layout":"default","site-content-style":"default","site-sidebar-style":"default","ast-global-header-display":"","ast-banner-title-visibility":"","ast-main-header-display":"","ast-hfb-above-header-display":"","ast-hfb-below-header-display":"","ast-hfb-mobile-header-display":"","site-post-title":"","ast-breadcrumbs-content":"","ast-featured-img":"","footer-sml-layout":"","theme-transparent-header-meta":"default","adv-header-id-meta":"","stick-header-meta":"default","header-above-stick-meta":"","header-main-stick-meta":"","header-below-stick-meta":"","astra-migrate-meta-layouts":"set","ast-page-background-enabled":"default","ast-page-background-meta":{"desktop":{"background-color":"","background-image":"","background-repeat":"repeat","background-position":"center center","background-size":"auto","background-attachment":"scroll","background-type":"","background-media":"","overlay-type":"","overlay-color":"","overlay-opacity":"","overlay-gradient":""},"tablet":{"background-color":"","background-image":"","background-repeat":"repeat","background-position":"center center","background-size":"auto","background-attachment":"scroll","background-type":"","background-media":"","overlay-type":"","overlay-color":"","overlay-opacity":"","overlay-gradient":""},"mobile":{"background-color":"","background-image":"","background-repeat":"repeat","background-position":"center center","background-size":"auto","background-attachment":"scroll","background-type":"","background-media":"","overlay-type":"","overlay-color":"","overlay-opacity":"","overlay-gradient":""}},"ast-content-background-meta":{"desktop":{"background-color":"var(--ast-global-color-5)","background-image":"","background-repeat":"repeat","background-position":"center center","background-size":"auto","background-attachment":"scroll","background-type":"","background-media":"","overlay-type":"","overlay-color":"","overlay-opacity":"","overlay-gradient":""},"tablet":{"background-color":"var(--ast-global-color-5)","background-image":"","background-repeat":"repeat","background-position":"center center","background-size":"auto","background-attachment":"scroll","background-type":"","background-media":"","overlay-type":"","overlay-color":"","overlay-opacity":"","overlay-gradient":""},"mobile":{"background-color":"var(--ast-global-color-5)","background-image":"","background-repeat":"repeat","background-position":"center center","background-size":"auto","background-attachment":"scroll","background-type":"","background-media":"","overlay-type":"","overlay-color":"","overlay-opacity":"","overlay-gradient":""}},"footnotes":""},"categories":[11],"tags":[],"class_list":["post-20231","post","type-post","status-publish","format-standard","has-post-thumbnail","hentry","category-noticias"],"aioseo_notices":[],"_links":{"self":[{"href":"https:\/\/contarotacoes.com\/index.php?rest_route=\/wp\/v2\/posts\/20231","targetHints":{"allow":["GET"]}}],"collection":[{"href":"https:\/\/contarotacoes.com\/index.php?rest_route=\/wp\/v2\/posts"}],"about":[{"href":"https:\/\/contarotacoes.com\/index.php?rest_route=\/wp\/v2\/types\/post"}],"author":[{"embeddable":true,"href":"https:\/\/contarotacoes.com\/index.php?rest_route=\/wp\/v2\/users\/2"}],"replies":[{"embeddable":true,"href":"https:\/\/contarotacoes.com\/index.php?rest_route=%2Fwp%2Fv2%2Fcomments&post=20231"}],"version-history":[{"count":1,"href":"https:\/\/contarotacoes.com\/index.php?rest_route=\/wp\/v2\/posts\/20231\/revisions"}],"predecessor-version":[{"id":20233,"href":"https:\/\/contarotacoes.com\/index.php?rest_route=\/wp\/v2\/posts\/20231\/revisions\/20233"}],"wp:featuredmedia":[{"embeddable":true,"href":"https:\/\/contarotacoes.com\/index.php?rest_route=\/wp\/v2\/media\/20232"}],"wp:attachment":[{"href":"https:\/\/contarotacoes.com\/index.php?rest_route=%2Fwp%2Fv2%2Fmedia&parent=20231"}],"wp:term":[{"taxonomy":"category","embeddable":true,"href":"https:\/\/contarotacoes.com\/index.php?rest_route=%2Fwp%2Fv2%2Fcategories&post=20231"},{"taxonomy":"post_tag","embeddable":true,"href":"https:\/\/contarotacoes.com\/index.php?rest_route=%2Fwp%2Fv2%2Ftags&post=20231"}],"curies":[{"name":"wp","href":"https:\/\/api.w.org\/{rel}","templated":true}]}}