{"id":20227,"date":"2025-09-10T14:14:43","date_gmt":"2025-09-10T14:14:43","guid":{"rendered":"https:\/\/contarotacoes.com\/?p=20227"},"modified":"2025-09-10T14:15:46","modified_gmt":"2025-09-10T14:15:46","slug":"speedy-motorsport-com-tres-novidades-para-valencia","status":"publish","type":"post","link":"https:\/\/contarotacoes.com\/?p=20227","title":{"rendered":"Speedy Motorsport com tr\u00eas novidades para Val\u00eancia"},"content":{"rendered":"<ul>\n<li style=\"font-weight: 400; text-align: justify;\"><strong>A Speedy Motorsport regressa \u00e0s pistas depois da pausa de ver\u00e3o e apresenta v\u00e1rias altera\u00e7\u00f5es nas suas duplas para a segunda ronda do Iberian Supercars e terceira do Supercars Espa\u00f1a, que ter\u00e1 lugar no Circuito Ricardo Tormo, em Val\u00eancia.<br \/>\n<\/strong><\/li>\n<li style=\"font-weight: 400; text-align: justify;\"><strong>Entre as principais novidades est\u00e3o as entradas de Adri\u00e1n Ferrer, Luis Tavares, que se juntam ao plantel da equipa e de Karel Staut que integra a Nokotech Racing by Speedy.<br \/>\n<\/strong><\/li>\n<li style=\"font-weight: 400; text-align: justify;\"><strong>Jos\u00e9 Carlos Pires volta a fazer dupla com Tom\u00e1s Guedes, que regressa ap\u00f3s a aus\u00eancia em Vila Real.<\/strong><\/li>\n<\/ul>\n<p style=\"text-align: justify;\">A Speedy Motorsport prepara-se para enfrentar mais um fim de semana competitivo, desta vez em territ\u00f3rio espanhol. O Circuito Ricardo Tormo, em Val\u00eancia, recebe a segunda jornada do Iberian Supercars e a terceira do Supercars Espa\u00f1a, num tra\u00e7ado que combina exig\u00eancia t\u00e9cnica e espetacularidade.<\/p>\n<p style=\"text-align: justify;\">Para esta ronda, a estrutura liderada por Pedro Salvador apresenta importantes altera\u00e7\u00f5es nas duplas de pilotos. C\u00e9sar Machado deixa de ter Rafael Lobato como companheiro e passa a partilhar o Toyota GR Supra GT4 EVO 2 que milita na GT4 Pro com Adri\u00e1n Ferrer, jovem espanhol de apenas 16 anos. Natural de Getafe, Ferrer \u00e9 um talento em ascens\u00e3o, vencedor da GR Cup Spain 2024.<\/p>\n<p style=\"text-align: justify;\">A segunda altera\u00e7\u00e3o envolve a entrada de Lu\u00eds Tavares, o piloto portugu\u00eas j\u00e1 com algumas passagens quer pelas pistas nacionais, quer pelos tro\u00e7os do TT portugu\u00eas, que far\u00e1 dupla com Jo\u00e3o Aguiar Branco, tamb\u00e9m num Porsche Cayman GT4 RS na categoria GT4 Pro.<\/p>\n<p style=\"font-weight: 400; text-align: justify;\">Outra novidade \u00e9 a presen\u00e7a do su\u00ed\u00e7o Karel Staut, de 14 anos, que se junta a Andrius Zemaitis ao volante de um Toyota GR Supra GT4 EVO2 da Nokotech Racing by Speedy, na categoria GT4 Pro &#8211; Bronze. Staut, que divide o seu tempo entre a B\u00e9lgica e a Su\u00ed\u00e7a, tem j\u00e1 um curr\u00edculo s\u00f3lido no karting europeu, tendo em 2025 dado o salto para os monolugares (USF Juniors).<\/p>\n<p style=\"font-weight: 400; text-align: justify;\">Jos\u00e9 Carlos Pires volta a reencontrar-se com Tom\u00e1s Guedes, que regressa \u00e0 competi\u00e7\u00e3o ap\u00f3s ter estado ausente em Vila Real. A dupla alinhar\u00e1 novamente ao volante do Toyota GR Supra GT4 EVO2, tamb\u00e9m em GT4 Pro.<\/p>\n<p style=\"font-weight: 400; text-align: justify;\">Pompeu Sim\u00f5es e Duarte Camelo reencontram-se aos comandos dos Porsche Cayman CS, da Categoria GTX para tentarem manter o excelente n\u00edvel evidenciado nas \u00faltimas corridas sendo a \u00fanica dupla da equipa que se mant\u00e9m inalterada neste recome\u00e7o de competi\u00e7\u00e3o.<\/p>\n<p style=\"font-weight: 400; text-align: justify;\">Com este leque de pilotos, a Speedy Motorsport apresenta-se em Val\u00eancia com uma mistura de juventude, experi\u00eancia e talento, refor\u00e7ando o seu papel de equipa formadora e competitiva no panorama ib\u00e9rico.<\/p>\n<p style=\"font-weight: 400; text-align: justify;\">Pedro Salvador, l\u00edder da equipa, sublinha a import\u00e2ncia desta ronda em Espanha:<br \/>\n<strong>\u00a0\u201cVal\u00eancia representa mais um desafio exigente para todos n\u00f3s. O circuito \u00e9 t\u00e9cnico, seletivo e muito interessante para pilotos e equipas. Temos v\u00e1rias novidades nas nossas duplas, o que traz entusiasmo e, ao mesmo tempo, responsabilidade. As entradas do Adri\u00e1n, do\u00a0Luis\u00a0e do Karel mostram bem o nosso compromisso em apoiar novos talentos e dar-lhes oportunidade de crescer num contexto competitivo de alto n\u00edvel. Estamos confiantes de que, com trabalho e dedica\u00e7\u00e3o, podemos alcan\u00e7ar bons resultados coletivos e continuar a afirmar a Speedy Motorsport como uma refer\u00eancia no campeonato.\u201d<\/strong><\/p>\n<p style=\"font-weight: 400; text-align: justify;\">C\u00e9sar Machado est\u00e1 em terceiro lugar no Iberan Supercars, seguido de perto da dupla Tom\u00e1s Guedes e Jos\u00e9 Carlos Pires, com reais aspira\u00e7\u00f5es a lutarem pelo t\u00edtulo. Guedes e Pires s\u00e3o terceiros classificados na divis\u00e3o GT4 Pro do Supercars Espa\u00f1a. Na categoria GTX, Sim\u00f5es e Camelo est\u00e3o na segunda posi\u00e7\u00e3o no Iberan Supercars, com o foco no t\u00edtulo ib\u00e9rico.<\/p>\n<p style=\"font-weight: 400; text-align: justify;\">O Circuito Ricardo Tormo, inaugurado em 1999 e localizado em Cheste, nos arredores de Val\u00eancia, \u00e9 um dos principais aut\u00f3dromos da Europa. Com 4,005 km, 14 curvas e homologa\u00e7\u00e3o FIA Grau1, destaca-se pelo tra\u00e7ado t\u00e9cnico e exigente, de m\u00e9dia\/baixa velocidade e poucas retas longas.<\/p>\n<p style=\"font-weight: 400; text-align: justify;\">Nomeado em homenagem ao bicampe\u00e3o mundial Ricardo Tormo, o circuito tem capacidade entre 120.000 e 165.000 espetadores, com arquibancadas em estilo \u201cest\u00e1dio\u201d que permitem visibilidade quase total do tra\u00e7ado.<\/p>\n<p style=\"font-weight: 400; text-align: justify;\">A Speedy Motorsport estar\u00e1 em pista ao longo de todo o fim de semana, com as corridas a serem transmitidas em direto atrav\u00e9s da DAZN Portugal, do canal de YouTube da Race Ready, da Motorsport Television Deutschland e da Parc Ferm\u00e9 TV.<\/p>\n","protected":false},"excerpt":{"rendered":"<p>A Speedy Motorsport regressa \u00e0s pistas depois da pausa de ver\u00e3o e apresenta v\u00e1rias altera\u00e7\u00f5es nas suas duplas para a segunda ronda do Iberian Supercars e terceira do Supercars Espa\u00f1a, que ter\u00e1 lugar no Circuito Ricardo Tormo, em Val\u00eancia. Entre as principais novidades est\u00e3o as entradas de Adri\u00e1n Ferrer, Luis Tavares, que se juntam ao [&hellip;]<\/p>\n","protected":false},"author":2,"featured_media":20228,"comment_status":"open","ping_status":"open","sticky":false,"template":"","format":"standard","meta":{"_editorskit_title_hidden":false,"_editorskit_reading_time":0,"_editorskit_is_block_options_detached":false,"_editorskit_block_options_position":"{}","om_disable_all_campaigns":false,"_monsterinsights_skip_tracking":false,"_monsterinsights_sitenote_active":false,"_monsterinsights_sitenote_note":"","_monsterinsights_sitenote_category":0,"_uf_show_specific_survey":0,"_uf_disable_surveys":false,"site-sidebar-layout":"default","site-content-layout":"","ast-site-content-layout":"default","site-content-style":"default","site-sidebar-style":"default","ast-global-header-display":"","ast-banner-title-visibility":"","ast-main-header-display":"","ast-hfb-above-header-display":"","ast-hfb-below-header-display":"","ast-hfb-mobile-header-display":"","site-post-title":"","ast-breadcrumbs-content":"","ast-featured-img":"","footer-sml-layout":"","theme-transparent-header-meta":"default","adv-header-id-meta":"","stick-header-meta":"default","header-above-stick-meta":"","header-main-stick-meta":"","header-below-stick-meta":"","astra-migrate-meta-layouts":"set","ast-page-background-enabled":"default","ast-page-background-meta":{"desktop":{"background-color":"","background-image":"","background-repeat":"repeat","background-position":"center center","background-size":"auto","background-attachment":"scroll","background-type":"","background-media":"","overlay-type":"","overlay-color":"","overlay-opacity":"","overlay-gradient":""},"tablet":{"background-color":"","background-image":"","background-repeat":"repeat","background-position":"center center","background-size":"auto","background-attachment":"scroll","background-type":"","background-media":"","overlay-type":"","overlay-color":"","overlay-opacity":"","overlay-gradient":""},"mobile":{"background-color":"","background-image":"","background-repeat":"repeat","background-position":"center center","background-size":"auto","background-attachment":"scroll","background-type":"","background-media":"","overlay-type":"","overlay-color":"","overlay-opacity":"","overlay-gradient":""}},"ast-content-background-meta":{"desktop":{"background-color":"var(--ast-global-color-5)","background-image":"","background-repeat":"repeat","background-position":"center center","background-size":"auto","background-attachment":"scroll","background-type":"","background-media":"","overlay-type":"","overlay-color":"","overlay-opacity":"","overlay-gradient":""},"tablet":{"background-color":"var(--ast-global-color-5)","background-image":"","background-repeat":"repeat","background-position":"center center","background-size":"auto","background-attachment":"scroll","background-type":"","background-media":"","overlay-type":"","overlay-color":"","overlay-opacity":"","overlay-gradient":""},"mobile":{"background-color":"var(--ast-global-color-5)","background-image":"","background-repeat":"repeat","background-position":"center center","background-size":"auto","background-attachment":"scroll","background-type":"","background-media":"","overlay-type":"","overlay-color":"","overlay-opacity":"","overlay-gradient":""}},"footnotes":""},"categories":[11],"tags":[],"class_list":["post-20227","post","type-post","status-publish","format-standard","has-post-thumbnail","hentry","category-noticias"],"aioseo_notices":[],"_links":{"self":[{"href":"https:\/\/contarotacoes.com\/index.php?rest_route=\/wp\/v2\/posts\/20227","targetHints":{"allow":["GET"]}}],"collection":[{"href":"https:\/\/contarotacoes.com\/index.php?rest_route=\/wp\/v2\/posts"}],"about":[{"href":"https:\/\/contarotacoes.com\/index.php?rest_route=\/wp\/v2\/types\/post"}],"author":[{"embeddable":true,"href":"https:\/\/contarotacoes.com\/index.php?rest_route=\/wp\/v2\/users\/2"}],"replies":[{"embeddable":true,"href":"https:\/\/contarotacoes.com\/index.php?rest_route=%2Fwp%2Fv2%2Fcomments&post=20227"}],"version-history":[{"count":2,"href":"https:\/\/contarotacoes.com\/index.php?rest_route=\/wp\/v2\/posts\/20227\/revisions"}],"predecessor-version":[{"id":20230,"href":"https:\/\/contarotacoes.com\/index.php?rest_route=\/wp\/v2\/posts\/20227\/revisions\/20230"}],"wp:featuredmedia":[{"embeddable":true,"href":"https:\/\/contarotacoes.com\/index.php?rest_route=\/wp\/v2\/media\/20228"}],"wp:attachment":[{"href":"https:\/\/contarotacoes.com\/index.php?rest_route=%2Fwp%2Fv2%2Fmedia&parent=20227"}],"wp:term":[{"taxonomy":"category","embeddable":true,"href":"https:\/\/contarotacoes.com\/index.php?rest_route=%2Fwp%2Fv2%2Fcategories&post=20227"},{"taxonomy":"post_tag","embeddable":true,"href":"https:\/\/contarotacoes.com\/index.php?rest_route=%2Fwp%2Fv2%2Ftags&post=20227"}],"curies":[{"name":"wp","href":"https:\/\/api.w.org\/{rel}","templated":true}]}}