{"id":20214,"date":"2025-09-10T10:01:30","date_gmt":"2025-09-10T10:01:30","guid":{"rendered":"https:\/\/contarotacoes.com\/?p=20214"},"modified":"2025-09-10T10:01:30","modified_gmt":"2025-09-10T10:01:30","slug":"francisco-fontes-entra-em-cena-no-portugal-rally-series","status":"publish","type":"post","link":"https:\/\/contarotacoes.com\/?p=20214","title":{"rendered":"Francisco Fontes entra em cena no Portugal Rally Series"},"content":{"rendered":"<p style=\"text-align: justify;\"><strong>O mais jovem piloto da fam\u00edlia Fontes estreia-se no Rally Series e revela como a entrada na faculdade o levou ao volante de um Lancia<\/strong><\/p>\n<p style=\"text-align: justify;\">Apesar de apenas contar com um rali no curr\u00edculo, Francisco Fontes j\u00e1 \u00e9 um nome familiar no ambiente dos ralis. Filho de Jos\u00e9 Pedro Fontes e neto de Rufino Fontes, inicia em 2025 a sua carreira com o rec\u00e9m-lan\u00e7ado Lancia Ypsilon HF Racing, juntando o peso da heran\u00e7a familiar ao renascimento de uma marca hist\u00f3rica no automobilismo.<\/p>\n<p style=\"text-align: justify;\">A Ronda #4 do Portugal Rally Series, nos dias 13 e 14 de setembro em Sever do Vouga, marcar\u00e1 a estreia do jovem piloto na competi\u00e7\u00e3o. Depois de concluir o seu primeiro rali em Vouzela com um balan\u00e7o positivo, Fontes acredita que o formato Rally Series ser\u00e1 determinante para a sua evolu\u00e7\u00e3o:<\/p>\n<p style=\"text-align: justify;\"><strong>\u201c\u00c9 um modelo que atrai mais p\u00fablico, mais acess\u00edvel, e para um piloto que procura quil\u00f3metros \u00e9 uma oportunidade de testar e ganhar experi\u00eancia. Para mim, quanto mais quil\u00f3metros completar, melhor. Fazer quatro passagens no mesmo tro\u00e7o, por exemplo, tamb\u00e9m me vai permitir melhorar notas, perceber melhor a que velocidade posso levar as curvas e evoluir para o pr\u00f3ximo desafio.\u201d<\/strong><\/p>\n<p style=\"text-align: justify;\">A paix\u00e3o pelo automobilismo sempre esteve presente na sua vida. Embora tenha tirado a carta de condu\u00e7\u00e3o h\u00e1 apenas sete meses, os simuladores foram a sua grande escola:<\/p>\n<p style=\"text-align: justify;\"><strong>\u201cTudo o que aplico na condu\u00e7\u00e3o real veio dos simuladores. Apesar da diferen\u00e7a de custos e maquinaria, acredito que come\u00e7ar na competi\u00e7\u00e3o virtual pode ser uma porta de entrada para os ralis reais, com pilotos mais preparados.\u201d<\/strong><\/p>\n<p style=\"text-align: justify;\">Rec\u00e9m-matriculado em Engenharia Mec\u00e2nica na Faculdade de Engenharia da Universidade do Porto, Francisco Fontes admite que este passo acad\u00e9mico foi decisivo:<\/p>\n<p style=\"text-align: justify;\"><strong>\u201cA minha entrada nos ralis surgiu depois de tentar a sele\u00e7\u00e3o do FPAK Junior Team. N\u00e3o fui escolhido e percebi que ainda tinha muito a evoluir. Mas isso s\u00f3 me deu mais motiva\u00e7\u00e3o. Falei com o meu pai e acord\u00e1mos que, se conseguisse entrar no curso, teria a oportunidade de come\u00e7ar a competir.\u201d<\/strong><\/p>\n<p class=\"m_2136195928415748112mcePastedContent\" style=\"text-align: justify;\">Al\u00e9m de contar com a experi\u00eancia de Carlos Magalh\u00e3es como navegador, h\u00e1 ainda outra particularidade com muita hist\u00f3ria neste projeto: o carro. A estreia do Lancia Ypsilon HF Racing marca o regresso de uma marca ic\u00f3nica e, para Francisco Fontes, tem um simbolismo especial:<\/p>\n<p style=\"text-align: justify;\"><strong>\u201cJuntar o nome Fontes, que tem muita hist\u00f3ria no automobilismo, a uma marca como a Lancia \u00e9 a oportunidade perfeita para lan\u00e7ar a terceira gera\u00e7\u00e3o da fam\u00edlia.\u201d<\/strong><\/p>\n<p style=\"text-align: justify;\">Com hist\u00f3rias como a de Francisco Fontes, a estreia do Lancia Ypsilon HF Racing e a intensa luta nas v\u00e1rias categorias, incluindo o trof\u00e9u das 2 Rodas Motrizes, o Castrol Rally Series de Sever do Vouga promete ser o palco onde tradi\u00e7\u00e3o e futuro se encontram, nos dias 13 e 14 de setembro.<\/p>\n","protected":false},"excerpt":{"rendered":"<p>O mais jovem piloto da fam\u00edlia Fontes estreia-se no Rally Series e revela como a entrada na faculdade o levou ao volante de um Lancia Apesar de apenas contar com um rali no curr\u00edculo, Francisco Fontes j\u00e1 \u00e9 um nome familiar no ambiente dos ralis. Filho de Jos\u00e9 Pedro Fontes e neto de Rufino Fontes, [&hellip;]<\/p>\n","protected":false},"author":2,"featured_media":20215,"comment_status":"open","ping_status":"open","sticky":false,"template":"","format":"standard","meta":{"_editorskit_title_hidden":false,"_editorskit_reading_time":0,"_editorskit_is_block_options_detached":false,"_editorskit_block_options_position":"{}","om_disable_all_campaigns":false,"_monsterinsights_skip_tracking":false,"_monsterinsights_sitenote_active":false,"_monsterinsights_sitenote_note":"","_monsterinsights_sitenote_category":0,"_uf_show_specific_survey":0,"_uf_disable_surveys":false,"site-sidebar-layout":"default","site-content-layout":"","ast-site-content-layout":"default","site-content-style":"default","site-sidebar-style":"default","ast-global-header-display":"","ast-banner-title-visibility":"","ast-main-header-display":"","ast-hfb-above-header-display":"","ast-hfb-below-header-display":"","ast-hfb-mobile-header-display":"","site-post-title":"","ast-breadcrumbs-content":"","ast-featured-img":"","footer-sml-layout":"","theme-transparent-header-meta":"default","adv-header-id-meta":"","stick-header-meta":"default","header-above-stick-meta":"","header-main-stick-meta":"","header-below-stick-meta":"","astra-migrate-meta-layouts":"set","ast-page-background-enabled":"default","ast-page-background-meta":{"desktop":{"background-color":"","background-image":"","background-repeat":"repeat","background-position":"center center","background-size":"auto","background-attachment":"scroll","background-type":"","background-media":"","overlay-type":"","overlay-color":"","overlay-opacity":"","overlay-gradient":""},"tablet":{"background-color":"","background-image":"","background-repeat":"repeat","background-position":"center center","background-size":"auto","background-attachment":"scroll","background-type":"","background-media":"","overlay-type":"","overlay-color":"","overlay-opacity":"","overlay-gradient":""},"mobile":{"background-color":"","background-image":"","background-repeat":"repeat","background-position":"center center","background-size":"auto","background-attachment":"scroll","background-type":"","background-media":"","overlay-type":"","overlay-color":"","overlay-opacity":"","overlay-gradient":""}},"ast-content-background-meta":{"desktop":{"background-color":"var(--ast-global-color-5)","background-image":"","background-repeat":"repeat","background-position":"center center","background-size":"auto","background-attachment":"scroll","background-type":"","background-media":"","overlay-type":"","overlay-color":"","overlay-opacity":"","overlay-gradient":""},"tablet":{"background-color":"var(--ast-global-color-5)","background-image":"","background-repeat":"repeat","background-position":"center center","background-size":"auto","background-attachment":"scroll","background-type":"","background-media":"","overlay-type":"","overlay-color":"","overlay-opacity":"","overlay-gradient":""},"mobile":{"background-color":"var(--ast-global-color-5)","background-image":"","background-repeat":"repeat","background-position":"center center","background-size":"auto","background-attachment":"scroll","background-type":"","background-media":"","overlay-type":"","overlay-color":"","overlay-opacity":"","overlay-gradient":""}},"footnotes":""},"categories":[11],"tags":[],"class_list":["post-20214","post","type-post","status-publish","format-standard","has-post-thumbnail","hentry","category-noticias"],"aioseo_notices":[],"_links":{"self":[{"href":"https:\/\/contarotacoes.com\/index.php?rest_route=\/wp\/v2\/posts\/20214","targetHints":{"allow":["GET"]}}],"collection":[{"href":"https:\/\/contarotacoes.com\/index.php?rest_route=\/wp\/v2\/posts"}],"about":[{"href":"https:\/\/contarotacoes.com\/index.php?rest_route=\/wp\/v2\/types\/post"}],"author":[{"embeddable":true,"href":"https:\/\/contarotacoes.com\/index.php?rest_route=\/wp\/v2\/users\/2"}],"replies":[{"embeddable":true,"href":"https:\/\/contarotacoes.com\/index.php?rest_route=%2Fwp%2Fv2%2Fcomments&post=20214"}],"version-history":[{"count":1,"href":"https:\/\/contarotacoes.com\/index.php?rest_route=\/wp\/v2\/posts\/20214\/revisions"}],"predecessor-version":[{"id":20216,"href":"https:\/\/contarotacoes.com\/index.php?rest_route=\/wp\/v2\/posts\/20214\/revisions\/20216"}],"wp:featuredmedia":[{"embeddable":true,"href":"https:\/\/contarotacoes.com\/index.php?rest_route=\/wp\/v2\/media\/20215"}],"wp:attachment":[{"href":"https:\/\/contarotacoes.com\/index.php?rest_route=%2Fwp%2Fv2%2Fmedia&parent=20214"}],"wp:term":[{"taxonomy":"category","embeddable":true,"href":"https:\/\/contarotacoes.com\/index.php?rest_route=%2Fwp%2Fv2%2Fcategories&post=20214"},{"taxonomy":"post_tag","embeddable":true,"href":"https:\/\/contarotacoes.com\/index.php?rest_route=%2Fwp%2Fv2%2Ftags&post=20214"}],"curies":[{"name":"wp","href":"https:\/\/api.w.org\/{rel}","templated":true}]}}