{"id":19824,"date":"2025-08-30T21:14:18","date_gmt":"2025-08-30T21:14:18","guid":{"rendered":"https:\/\/contarotacoes.com\/?p=19824"},"modified":"2025-08-30T21:14:18","modified_gmt":"2025-08-30T21:14:18","slug":"marcal-muller-e-felipe-fraga-iniciam-jornada-no-endurance-em-estoril-no-top-10","status":"publish","type":"post","link":"https:\/\/contarotacoes.com\/?p=19824","title":{"rendered":"Mar\u00e7al Muller e Felipe Fraga iniciam jornada no Endurance em Estoril no top-10"},"content":{"rendered":"<ul>\n<li style=\"text-align: justify;\"><strong><i>Vencedores da abertura do campeonato, dupla busca ampliar sequ\u00eancia de conquistas depois das duas poles e vit\u00f3rias de Muller na Sprint<\/i><\/strong><\/li>\n<\/ul>\n<div>\n<p style=\"text-align: justify;\">Depois de um desempenho dominante na Sprint, a equipe Farben voltou \u00e0 pista do Estoril neste s\u00e1bado (30) para abrir os trabalhos da segunda etapa do campeonato de Endurance da Porsche Cup C6 Bank. Mar\u00e7al Muller e Felipe Fraga aproveitaram as duas sess\u00f5es de treinos livres para ajustar o carro #544 e evolu\u00edram os tempos ao longo do dia: 1:40.324 no treino livre 1, que conferiu \u00e0 dupla o d\u00e9cimo tempo geral da sess\u00e3o, e 1:40.023 no treino livre 2, fechando entre os oito mais r\u00e1pidos.<\/p>\n<p style=\"text-align: justify;\">Foi a primeira oportunidade de Felipe Fraga acelerar em Estoril, um tra\u00e7ado de 4,1 km exigente e hist\u00f3rico, palco da primeira vit\u00f3ria de Ayrton Senna na F\u00f3rmula 1. O companheiro Mar\u00e7al Muller, atual campe\u00e3o da categoria, j\u00e1 havia dado mostras de sua velocidade no tra\u00e7ado portugu\u00eas ao cravar as duas poles e vencer as duas corridas da etapa de Sprint, disputadas na quinta e sexta-feira no mesmo circuito. O resultado ampliou a confian\u00e7a da dupla para encarar a segunda corrida de longa dura\u00e7\u00e3o do calend\u00e1rio.<\/p>\n<p style=\"text-align: justify;\">A dupla do carro #544 chega embalada ap\u00f3s a vit\u00f3ria dominante no GP do Algarve, quando largou da pole, venceu os dois segmentos e assumiu a lideran\u00e7a da temporada de Endurance. Em Estoril, o objetivo \u00e9 repetir o desempenho para ampliar a vantagem na tabela antes da grande decis\u00e3o em Interlagos, marcada para novembro.<\/p>\n<p style=\"text-align: justify;\">Neste domingo (31), a dupla Farben retorna ao Estoril para a tomada de tempo, a partir das 05h25 (hor\u00e1rio de Bras\u00edlia). A largada est\u00e1 programada para as 10h00, com previs\u00e3o de 2h30 de dura\u00e7\u00e3o. O GP de Cascais da Porsche Cup ter\u00e1 transmiss\u00e3o ao vivo pelos canais digitais da categoria, Band e SporTV.<\/p>\n<p style=\"text-align: justify;\"><strong>O que ele disse:<br \/>\n<\/strong>\u201cOs treinos foram muito positivos. Estamos dando continuidade ao trabalho feito na Sprint e j\u00e1 conseguimos liderar voltas r\u00e1pidas. O Fraga ainda n\u00e3o conhecia o circuito, mas se adaptou muito bem e tenho certeza de que amanh\u00e3 vamos brigar pelas poles e buscar mais uma vit\u00f3ria, para abrir vantagem no campeonato e chegar ao fim do ano com chances reais de t\u00edtulo. Nosso maior desafio provavelmente ser\u00e1 o cuidado com os pneus por conta das temperaturas, mas vamos acelerar com tudo at\u00e9 a bandeirada.\u201d<br \/>\n<strong>Mar\u00e7al Muller<br \/>\n<\/strong>\u201cEssa pista \u00e9 muito divertida, lembra bastante um circuito de rua, mas dentro de um aut\u00f3dromo. \u00c9 um prazer estar mais uma vez junto com o Mar\u00e7al e a Farben. Estamos muito confiantes, principalmente depois da etapa incr\u00edvel que eles tiveram na Sprint. Al\u00e9m disso, \u00e9 \u00f3timo ter um parceiro que conhece bem o tra\u00e7ado, porque isso acelera muito a adapta\u00e7\u00e3o. Ainda tenho bastante an\u00e1lise de dados e onboards para fazer, mas amanh\u00e3 vamos acelerar com tudo.\u201d<br \/>\n<strong>Felipe Fraga<\/strong><\/p>\n<p style=\"text-align: justify;\"><strong>Cronograma \u2013 Etapa 7 \u2013 GP de Cascais (Hor\u00e1rios de Bras\u00edlia)<\/strong><br \/>\nDomingo, 31 de agosto<br \/>\n05:25 \u2013 05:45 \u2013 Classifica\u00e7\u00e3o Q1 (Carrera)<br \/>\n05:55 \u2013 06:15 \u2013 Classifica\u00e7\u00e3o Q2 (Carrera)<br \/>\n10:00 \u2013 12:30 \u2013 Corrida (2h30)<\/p>\n<\/div>\n","protected":false},"excerpt":{"rendered":"<p>Vencedores da abertura do campeonato, dupla busca ampliar sequ\u00eancia de conquistas depois das duas poles e vit\u00f3rias de Muller na Sprint Depois de um desempenho dominante na Sprint, a equipe Farben voltou \u00e0 pista do Estoril neste s\u00e1bado (30) para abrir os trabalhos da segunda etapa do campeonato de Endurance da Porsche Cup C6 Bank. [&hellip;]<\/p>\n","protected":false},"author":2,"featured_media":19825,"comment_status":"closed","ping_status":"open","sticky":false,"template":"","format":"standard","meta":{"_editorskit_title_hidden":false,"_editorskit_reading_time":0,"_editorskit_is_block_options_detached":false,"_editorskit_block_options_position":"{}","om_disable_all_campaigns":false,"_monsterinsights_skip_tracking":false,"_monsterinsights_sitenote_active":false,"_monsterinsights_sitenote_note":"","_monsterinsights_sitenote_category":0,"_uf_show_specific_survey":0,"_uf_disable_surveys":false,"site-sidebar-layout":"default","site-content-layout":"","ast-site-content-layout":"default","site-content-style":"default","site-sidebar-style":"default","ast-global-header-display":"","ast-banner-title-visibility":"","ast-main-header-display":"","ast-hfb-above-header-display":"","ast-hfb-below-header-display":"","ast-hfb-mobile-header-display":"","site-post-title":"","ast-breadcrumbs-content":"","ast-featured-img":"","footer-sml-layout":"","theme-transparent-header-meta":"default","adv-header-id-meta":"","stick-header-meta":"default","header-above-stick-meta":"","header-main-stick-meta":"","header-below-stick-meta":"","astra-migrate-meta-layouts":"set","ast-page-background-enabled":"default","ast-page-background-meta":{"desktop":{"background-color":"","background-image":"","background-repeat":"repeat","background-position":"center center","background-size":"auto","background-attachment":"scroll","background-type":"","background-media":"","overlay-type":"","overlay-color":"","overlay-opacity":"","overlay-gradient":""},"tablet":{"background-color":"","background-image":"","background-repeat":"repeat","background-position":"center center","background-size":"auto","background-attachment":"scroll","background-type":"","background-media":"","overlay-type":"","overlay-color":"","overlay-opacity":"","overlay-gradient":""},"mobile":{"background-color":"","background-image":"","background-repeat":"repeat","background-position":"center center","background-size":"auto","background-attachment":"scroll","background-type":"","background-media":"","overlay-type":"","overlay-color":"","overlay-opacity":"","overlay-gradient":""}},"ast-content-background-meta":{"desktop":{"background-color":"var(--ast-global-color-5)","background-image":"","background-repeat":"repeat","background-position":"center center","background-size":"auto","background-attachment":"scroll","background-type":"","background-media":"","overlay-type":"","overlay-color":"","overlay-opacity":"","overlay-gradient":""},"tablet":{"background-color":"var(--ast-global-color-5)","background-image":"","background-repeat":"repeat","background-position":"center center","background-size":"auto","background-attachment":"scroll","background-type":"","background-media":"","overlay-type":"","overlay-color":"","overlay-opacity":"","overlay-gradient":""},"mobile":{"background-color":"var(--ast-global-color-5)","background-image":"","background-repeat":"repeat","background-position":"center center","background-size":"auto","background-attachment":"scroll","background-type":"","background-media":"","overlay-type":"","overlay-color":"","overlay-opacity":"","overlay-gradient":""}},"footnotes":""},"categories":[11],"tags":[],"class_list":["post-19824","post","type-post","status-publish","format-standard","has-post-thumbnail","hentry","category-noticias"],"aioseo_notices":[],"_links":{"self":[{"href":"https:\/\/contarotacoes.com\/index.php?rest_route=\/wp\/v2\/posts\/19824","targetHints":{"allow":["GET"]}}],"collection":[{"href":"https:\/\/contarotacoes.com\/index.php?rest_route=\/wp\/v2\/posts"}],"about":[{"href":"https:\/\/contarotacoes.com\/index.php?rest_route=\/wp\/v2\/types\/post"}],"author":[{"embeddable":true,"href":"https:\/\/contarotacoes.com\/index.php?rest_route=\/wp\/v2\/users\/2"}],"replies":[{"embeddable":true,"href":"https:\/\/contarotacoes.com\/index.php?rest_route=%2Fwp%2Fv2%2Fcomments&post=19824"}],"version-history":[{"count":1,"href":"https:\/\/contarotacoes.com\/index.php?rest_route=\/wp\/v2\/posts\/19824\/revisions"}],"predecessor-version":[{"id":19826,"href":"https:\/\/contarotacoes.com\/index.php?rest_route=\/wp\/v2\/posts\/19824\/revisions\/19826"}],"wp:featuredmedia":[{"embeddable":true,"href":"https:\/\/contarotacoes.com\/index.php?rest_route=\/wp\/v2\/media\/19825"}],"wp:attachment":[{"href":"https:\/\/contarotacoes.com\/index.php?rest_route=%2Fwp%2Fv2%2Fmedia&parent=19824"}],"wp:term":[{"taxonomy":"category","embeddable":true,"href":"https:\/\/contarotacoes.com\/index.php?rest_route=%2Fwp%2Fv2%2Fcategories&post=19824"},{"taxonomy":"post_tag","embeddable":true,"href":"https:\/\/contarotacoes.com\/index.php?rest_route=%2Fwp%2Fv2%2Ftags&post=19824"}],"curies":[{"name":"wp","href":"https:\/\/api.w.org\/{rel}","templated":true}]}}